{"id":531501,"date":"2025-11-13T14:29:16","date_gmt":"2025-11-13T14:29:16","guid":{"rendered":"https:\/\/www.europesays.com\/fr\/531501\/"},"modified":"2025-11-13T14:29:16","modified_gmt":"2025-11-13T14:29:16","slug":"ce-simple-prebiotique-bon-marche-montre-des-effets-bluffants-sur-la-memoire-des-seniors","status":"publish","type":"post","link":"https:\/\/www.europesays.com\/fr\/531501\/","title":{"rendered":"Ce simple pr\u00e9biotique bon march\u00e9 montre des effets bluffants sur la m\u00e9moire des seniors"},"content":{"rendered":"<p>Le lien entre intestin et cerveau passionne de plus en plus la communaut\u00e9 scientifique. Une \u00e9tude r\u00e9cente men\u00e9e par l&rsquo;\u00e9quipe de Mary Ni Lochlainn au King&rsquo;s College London r\u00e9v\u00e8le que l&rsquo;alimentation cibl\u00e9e du microbiote intestinal peut consid\u00e9rablement am\u00e9liorer les\u00a0<a href=\"https:\/\/www.futura-sciences.com\/planete\/actualites\/corbeaux-corbeaux-maitrisent-capacite-cognitive-longtemps-jugee-propre-homme-123757\/\" title=\"Les corbeaux ma\u00eetrisent une capacit\u00e9 cognitive longtemps jug\u00e9e propre \u00e0 l\u2019Homme\" target=\"_blank\" rel=\"noopener\">capacit\u00e9s cognitives<\/a> des personnes \u00e2g\u00e9es. Cette recherche, publi\u00e9e dans <a href=\"https:\/\/www.nature.com\/articles\/s41467-024-46116-y\" title=\"Effet de la modulation du microbiome intestinal sur la fonction musculaire et la cognition : l&#039;essai contr\u00f4l\u00e9 randomis\u00e9 PROMOTe\" target=\"_blank\" rel=\"noopener\">Nature Communications<\/a>, confirme comment des suppl\u00e9ments pr\u00e9biotiques bon march\u00e9 renforcent la m\u00e9moire et pourraient pr\u00e9venir l&rsquo;apparition de troubles neurod\u00e9g\u00e9n\u00e9ratifs.<\/p>\n<p>L&rsquo;axe intestin-cerveau au c\u0153ur de la sant\u00e9 cognitive<\/p>\n<p>Les scientifiques mappent d\u00e9sormais avec pr\u00e9cision la communication bidirectionnelle entre le <a href=\"https:\/\/www.futura-sciences.com\/sante\/questions-reponses\/alimentation-prendre-soin-son-microbiote-intestinal-17633\/\" title=\"Comment prendre soin de son microbiote intestinal ?\" target=\"_blank\" rel=\"noopener\">microbiote intestinal<\/a> et le syst\u00e8me nerveux central. Cette interconnexion s&rsquo;\u00e9tablit par trois voies principales : immunitaire, neurale et hormonale. L&rsquo;ensemble forme un axe intestin-cerveau qui influence directement nos capacit\u00e9s cognitives tout au long de la vie.<\/p>\n<p>Le vieillissement modifie naturellement la composition microbienne intestinale et affaiblit les barri\u00e8res qui contr\u00f4lent l&rsquo;inflammation. Ces changements se r\u00e9percutent sur les circuits c\u00e9r\u00e9braux responsables de l&rsquo;attention, de la <a href=\"https:\/\/www.futura-sciences.com\/sciences\/definitions\/physique-vitesse-324\/\" target=\"_blank\" rel=\"noopener\">vitesse<\/a> de traitement et de la consolidation mn\u00e9sique. Les fibres fermentescibles comme l&rsquo;<a href=\"https:\/\/www.futura-sciences.com\/sante\/definitions\/alimentation-inuline-18484\/\" target=\"_blank\" rel=\"noopener\">inuline<\/a> favorisent la croissance de <a href=\"https:\/\/www.futura-sciences.com\/sante\/definitions\/medecine-bacterie-101\/\" target=\"_blank\" rel=\"noopener\">bact\u00e9ries<\/a> b\u00e9n\u00e9fiques telles que Bifidobacterium, productrices de <a href=\"https:\/\/www.futura-sciences.com\/sante\/definitions\/biologie-metabolite-5441\/\" target=\"_blank\" rel=\"noopener\">m\u00e9tabolites<\/a> li\u00e9s \u00e0 la <a href=\"https:\/\/www.futura-sciences.com\/sciences\/definitions\/physique-plasticite-2092\/\" target=\"_blank\" rel=\"noopener\">plasticit\u00e9<\/a> synaptique.<\/p>\n<p class=\"fs-media\">\n<p><img decoding=\"async\" data-imgid=\"full\" src=\"https:\/\/www.europesays.com\/fr\/wp-content\/uploads\/2025\/11\/demence-memoire-probiotiques-seniors.png\" width=\"1080\" height=\"720\" alt=\"\" loading=\"lazy\"\/><br \/>\n\u00a0Le lien entre intestin et cerveau passionne de plus en plus la communaut\u00e9 scientifique.\u00a0\u00a9 Coldsnowstorm, iStock<\/p>\n<p>Une \u00e9tude r\u00e9volutionnaire sur des jumeaux \u00e2g\u00e9s<\/p>\n<p>L&rsquo;\u00e9quipe londonienne a mis au point un <a href=\"https:\/\/www.futura-sciences.com\/tech\/definitions\/tech-protocole-d-1286\/\" target=\"_blank\" rel=\"noopener\">protocole d<\/a>&lsquo;\u00e9tude particuli\u00e8rement rigoureux impliquant 36 paires de jumeaux de plus de 60 ans. Cette approche g\u00e9niale \u00e9limine les variables <a href=\"https:\/\/www.futura-sciences.com\/sante\/definitions\/genetique-genetique-152\/\" target=\"_blank\" rel=\"noopener\">g\u00e9n\u00e9tiques<\/a> et environnementales pr\u00e9coces, rendant les diff\u00e9rences observ\u00e9es directement attribuables au traitement test\u00e9.<\/p>\n<p>Pendant douze semaines, un <a href=\"https:\/\/www.futura-sciences.com\/sante\/definitions\/medecine-jumeau-180\/\" target=\"_blank\" rel=\"noopener\">jumeau<\/a> de chaque paire a re\u00e7u quotidiennement un m\u00e9lange d&rsquo;inuline et de fructo-oligosaccharides, tandis que son fr\u00e8re ou sa s\u0153ur prenait un <a href=\"https:\/\/www.futura-sciences.com\/sante\/definitions\/medecine-placebo-11701\/\" target=\"_blank\" rel=\"noopener\">placebo<\/a>. Tous les participants suivaient simultan\u00e9ment le m\u00eame programme : suppl\u00e9mentation prot\u00e9ique aux <a href=\"https:\/\/www.futura-sciences.com\/sante\/actualites\/medecine-vivre-plus-longtemps-grace-cure-acides-amines-25464\/\" title=\"Vivre plus longtemps gr\u00e2ce \u00e0 une cure d\u2019acides amin\u00e9s ?\" target=\"_blank\" rel=\"noopener\">acides amin\u00e9s<\/a>\u00a0branch\u00e9s et exercices de <a href=\"https:\/\/www.futura-sciences.com\/maison\/definitions\/maison-resistance-10889\/\" target=\"_blank\" rel=\"noopener\">r\u00e9sistance<\/a> simples r\u00e9alisables \u00e0 domicile.<\/p>\n<p>L&rsquo;\u00e9tude s&rsquo;est d\u00e9roul\u00e9e enti\u00e8rement \u00e0 distance gr\u00e2ce \u00e0 des visites vid\u00e9o, des questionnaires en ligne et des kits de test cognitif envoy\u00e9s par courrier. Cette approche innovante supprime les obstacles li\u00e9s aux d\u00e9placements pour les volontaires \u00e2g\u00e9s tout en maintenant la rigueur scientifique.<\/p>\n<p>Des r\u00e9sultats probants sur la fonction mn\u00e9sique<\/p>\n<p>Les participants trait\u00e9s ont obtenu des scores significativement sup\u00e9rieurs au test <a href=\"https:\/\/www.futura-sciences.com\/tech\/definitions\/tech-pal-1925\/\" target=\"_blank\" rel=\"noopener\">PAL<\/a> (Paired Associates Learning), une \u00e9valuation particuli\u00e8rement sensible aux changements pr\u00e9coces li\u00e9s \u00e0 la <a href=\"https:\/\/www.futura-sciences.com\/sante\/questions-reponses\/maladie-alzheimer-sont-differents-stades-maladie-alzheimer-22801\/\" title=\"Quels sont les diff\u00e9rents stades de la maladie d\u2019Alzheimer ?\" target=\"_blank\" rel=\"noopener\">maladie d&rsquo;Alzheimer<\/a>. Cette t\u00e2che d&rsquo;association visuelle mesure la capacit\u00e9 \u00e0 former de nouvelles connexions entre emplacements et motifs, fonction centrale qui s&rsquo;\u00e9rode rapidement dans les troubles neurod\u00e9g\u00e9n\u00e9ratifs.<\/p>\n<p>Les b\u00e9n\u00e9fices observ\u00e9s incluent :<\/p>\n<ul dir=\"ltr\">\n<li role=\"presentation\">Am\u00e9lioration du facteur cognitif global.<\/li>\n<li role=\"presentation\">R\u00e9duction significative des erreurs au test PAL.<\/li>\n<li role=\"presentation\">Augmentation des populations de Bifidobacterium intestinal.<\/li>\n<li role=\"presentation\">Tol\u00e9rance excellente avec effets secondaires minimes.<\/li>\n<\/ul>\n<p>Remarquablement, ces am\u00e9liorations cognitives sont survenues sans modification des param\u00e8tres musculaires. Les douze semaines d&rsquo;intervention se sont av\u00e9r\u00e9es suffisantes pour influencer les fonctions c\u00e9r\u00e9brales mais trop courtes pour remodeler la <a href=\"https:\/\/www.futura-sciences.com\/sante\/questions-reponses\/sport-sports-permettent-prendre-masse-musculaire-13217\/\" title=\"Quels sports permettent de prendre de la masse musculaire ?\" target=\"_blank\" rel=\"noopener\">masse musculaire<\/a>, confirmant la sp\u00e9cificit\u00e9 de l&rsquo;action sur l&rsquo;axe intestin-cerveau.<\/p>\n<p>Implications th\u00e9rapeutiques et perspectives<\/p>\n<p>Claire Steves, auteure senior de l&rsquo;\u00e9tude, souligne l&rsquo;accessibilit\u00e9 remarquable de ces fibres v\u00e9g\u00e9tales disponibles sans ordonnance \u00e0 prix modique. Cette d\u00e9couverte rev\u00eat une importance capitale dans le contexte \u00e9conomique actuel, offrant une strat\u00e9gie pr\u00e9ventive abordable contre le <a href=\"https:\/\/www.futura-sciences.com\/sante\/questions-reponses\/nutrition-voici-fruit-peut-freiner-declin-cognitif-selon-science-23329\/\" title=\"Voici le fruit qui peut freiner le d\u00e9clin cognitif selon la science\" target=\"_blank\" rel=\"noopener\">d\u00e9clin cognitif<\/a>.<\/p>\n<p>Les prochaines \u00e9tapes de recherche devront comparer diff\u00e9rents types de fibres, posologies et <a href=\"https:\/\/www.futura-sciences.com\/sciences\/definitions\/physique-duree-14966\/\" target=\"_blank\" rel=\"noopener\">dur\u00e9es<\/a> d&rsquo;intervention. Les scientifiques s&rsquo;interrogent \u00e9galement sur la persistance des b\u00e9n\u00e9fices \u00e0 six ou douze mois et leur traduction en am\u00e9liorations fonctionnelles quotidiennes. Des \u00e9tudes m\u00e9canistiques permettront d&rsquo;identifier pr\u00e9cis\u00e9ment quels m\u00e9tabolites augmentent avec la suppl\u00e9mentation et quels r\u00e9seaux c\u00e9r\u00e9braux r\u00e9pondent.<\/p>\n<p>Cette recherche transforme notre compr\u00e9hension de la <a href=\"https:\/\/www.futura-sciences.com\/planete\/definitions\/developpement-durable-prevention-6509\/\" target=\"_blank\" rel=\"noopener\">pr\u00e9vention<\/a> de la <a href=\"https:\/\/www.futura-sciences.com\/sante\/definitions\/medecine-demence-3227\/\" target=\"_blank\" rel=\"noopener\">d\u00e9mence<\/a> en proposant une intervention simple, s\u00fbre et accessible pour optimiser la communication intestin-cerveau et pr\u00e9server les capacit\u00e9s cognitives avec l&rsquo;\u00e2ge.<\/p>\n","protected":false},"excerpt":{"rendered":"Le lien entre intestin et cerveau passionne de plus en plus la communaut\u00e9 scientifique. Une \u00e9tude r\u00e9cente men\u00e9e&hellip;\n","protected":false},"author":2,"featured_media":531502,"comment_status":"","ping_status":"","sticky":false,"template":"","format":"standard","meta":{"footnotes":""},"categories":[10],"tags":[65096,65100,60901,231,286,281,1011,27,72,18204,278,51187,280,1276,14089,2571,65098,65094,71,65097,65095,65099],"class_list":{"0":"post-531501","1":"post","2":"type-post","3":"status-publish","4":"format-standard","5":"has-post-thumbnail","7":"category-sante","8":"tag-axe-intestin-cerveau","9":"tag-bifidobacterium","10":"tag-capacites-cognitives","11":"tag-cerveau","12":"tag-declin-cognitif","13":"tag-demence","14":"tag-fr","15":"tag-france","16":"tag-health","17":"tag-intestins","18":"tag-les-tendances","19":"tag-maladie-dalzheimer-2","20":"tag-memoire","21":"tag-microbiote-intestinal","22":"tag-microbiotes","23":"tag-personnes-agees","24":"tag-plasticite-synaptique","25":"tag-prebiotique","26":"tag-sante","27":"tag-systeme-mnesique","28":"tag-systeme-nerveux-central","29":"tag-troubles-neurodegeneratifs"},"share_on_mastodon":{"url":"https:\/\/pubeurope.com\/@fr\/115542869999038925","error":""},"_links":{"self":[{"href":"https:\/\/www.europesays.com\/fr\/wp-json\/wp\/v2\/posts\/531501","targetHints":{"allow":["GET"]}}],"collection":[{"href":"https:\/\/www.europesays.com\/fr\/wp-json\/wp\/v2\/posts"}],"about":[{"href":"https:\/\/www.europesays.com\/fr\/wp-json\/wp\/v2\/types\/post"}],"author":[{"embeddable":true,"href":"https:\/\/www.europesays.com\/fr\/wp-json\/wp\/v2\/users\/2"}],"replies":[{"embeddable":true,"href":"https:\/\/www.europesays.com\/fr\/wp-json\/wp\/v2\/comments?post=531501"}],"version-history":[{"count":0,"href":"https:\/\/www.europesays.com\/fr\/wp-json\/wp\/v2\/posts\/531501\/revisions"}],"wp:featuredmedia":[{"embeddable":true,"href":"https:\/\/www.europesays.com\/fr\/wp-json\/wp\/v2\/media\/531502"}],"wp:attachment":[{"href":"https:\/\/www.europesays.com\/fr\/wp-json\/wp\/v2\/media?parent=531501"}],"wp:term":[{"taxonomy":"category","embeddable":true,"href":"https:\/\/www.europesays.com\/fr\/wp-json\/wp\/v2\/categories?post=531501"},{"taxonomy":"post_tag","embeddable":true,"href":"https:\/\/www.europesays.com\/fr\/wp-json\/wp\/v2\/tags?post=531501"}],"curies":[{"name":"wp","href":"https:\/\/api.w.org\/{rel}","templated":true}]}}