{"id":531503,"date":"2025-11-13T14:30:26","date_gmt":"2025-11-13T14:30:26","guid":{"rendered":"https:\/\/www.europesays.com\/fr\/531503\/"},"modified":"2025-11-13T14:30:26","modified_gmt":"2025-11-13T14:30:26","slug":"la-compo-des-bleus-contre-lukraine-a-fuite-le-psg-en-colere-contre-deschamps","status":"publish","type":"post","link":"https:\/\/www.europesays.com\/fr\/531503\/","title":{"rendered":"La compo des Bleus contre l\u2019Ukraine a fuit\u00e9, le PSG en col\u00e8re contre Deschamps"},"content":{"rendered":"<p>Depuis un an et demi, Bradley Barcola vit \u00e0 cent \u00e0 l\u2019heure. L\u2019attaquant de 23 ans a disput\u00e9 pas moins de 89 matchs en 15 mois, toutes comp\u00e9titions confondues, avec le PSG et l\u2019\u00e9quipe de France. Ce rythme effr\u00e9n\u00e9 l\u2019a propuls\u00e9 parmi les cadres des deux \u00e9quipes, mais il a aussi laiss\u00e9 des traces.<\/p>\n<p>Ces derni\u00e8res semaines, l\u2019ancien Lyonnais souffre d\u2019une importante fatigue musculaire. Son entourage le reconna\u00eet : le joueur n\u2019est pas \u00e0 100 %. Pourtant, Didier Deschamps semble d\u00e9cid\u00e9 \u00e0 lui faire confiance pour ce rendez-vous crucial, aux c\u00f4t\u00e9s de Rayan Cherki, Kylian Mbapp\u00e9 et Michael Olise. Un quatuor offensif s\u00e9duisant sur le papier, mais qui interroge les supporters parisiens, de plus en plus inquiets de la gestion de leur p\u00e9pite.<\/p>\n","protected":false},"excerpt":{"rendered":"Depuis un an et demi, Bradley Barcola vit \u00e0 cent \u00e0 l\u2019heure. L\u2019attaquant de 23 ans a disput\u00e9&hellip;\n","protected":false},"author":2,"featured_media":531504,"comment_status":"","ping_status":"","sticky":false,"template":"","format":"standard","meta":{"footnotes":""},"categories":[9],"tags":[15790,50499,4639,1011,27,64577,91,60,220,50502],"class_list":{"0":"post-531503","1":"post","2":"type-post","3":"status-publish","4":"format-standard","5":"has-post-thumbnail","7":"category-sports","8":"tag-b-barcola","9":"tag-coupe-du-monde-qualification-uefa-2eme-tour","10":"tag-d-deschamps","11":"tag-fr","12":"tag-france","13":"tag-france-vs-ukraine","14":"tag-paris-saint-germain","15":"tag-sports","16":"tag-ukraine","17":"tag-world-cup-qualification-uefa"},"share_on_mastodon":{"url":"https:\/\/pubeurope.com\/@fr\/115542872768888291","error":""},"_links":{"self":[{"href":"https:\/\/www.europesays.com\/fr\/wp-json\/wp\/v2\/posts\/531503","targetHints":{"allow":["GET"]}}],"collection":[{"href":"https:\/\/www.europesays.com\/fr\/wp-json\/wp\/v2\/posts"}],"about":[{"href":"https:\/\/www.europesays.com\/fr\/wp-json\/wp\/v2\/types\/post"}],"author":[{"embeddable":true,"href":"https:\/\/www.europesays.com\/fr\/wp-json\/wp\/v2\/users\/2"}],"replies":[{"embeddable":true,"href":"https:\/\/www.europesays.com\/fr\/wp-json\/wp\/v2\/comments?post=531503"}],"version-history":[{"count":0,"href":"https:\/\/www.europesays.com\/fr\/wp-json\/wp\/v2\/posts\/531503\/revisions"}],"wp:featuredmedia":[{"embeddable":true,"href":"https:\/\/www.europesays.com\/fr\/wp-json\/wp\/v2\/media\/531504"}],"wp:attachment":[{"href":"https:\/\/www.europesays.com\/fr\/wp-json\/wp\/v2\/media?parent=531503"}],"wp:term":[{"taxonomy":"category","embeddable":true,"href":"https:\/\/www.europesays.com\/fr\/wp-json\/wp\/v2\/categories?post=531503"},{"taxonomy":"post_tag","embeddable":true,"href":"https:\/\/www.europesays.com\/fr\/wp-json\/wp\/v2\/tags?post=531503"}],"curies":[{"name":"wp","href":"https:\/\/api.w.org\/{rel}","templated":true}]}}