{"id":531515,"date":"2025-11-13T14:37:24","date_gmt":"2025-11-13T14:37:24","guid":{"rendered":"https:\/\/www.europesays.com\/fr\/531515\/"},"modified":"2025-11-13T14:37:24","modified_gmt":"2025-11-13T14:37:24","slug":"en-direct-boualem-sansal-libere-laurent-nunez-va-reengager-le-dialogue-avec-alger-en-matiere-de-securite","status":"publish","type":"post","link":"https:\/\/www.europesays.com\/fr\/531515\/","title":{"rendered":"EN DIRECT &#8211; Boualem Sansal lib\u00e9r\u00e9 : Laurent Nu\u00f1ez va \u00ab\u00a0r\u00e9engager le dialogue\u00a0\u00bb avec Alger en mati\u00e8re de s\u00e9curit\u00e9"},"content":{"rendered":"<p>DIALOGUE AVEC L&rsquo;ALG\u00c9RIE12:14<\/p>\n<p>Laurent Nu\u00f1ez veut \u00ab\u00a0engager un dialogue dans des conditions d&rsquo;exigence\u00a0\u00bb avec l&rsquo;Alg\u00e9rie, jugeant que \u00ab\u00a0la strat\u00e9gie du bras de fer ne fonctionne pas\u00a0\u00bb. \u00ab\u00a0On a beaucoup de choses \u00e0 demander (&#8230;) On va r\u00e9engager des canaux s\u00e9curitaires\u00a0\u00bb, affirme le ministre de l&rsquo;Int\u00e9rieur. \u00ab\u00a0La probabilit\u00e9 qu'(il) se rende en Alg\u00e9rie (\u00e9tait) tr\u00e8s forte\u00a0\u00bb, poursuit l&rsquo;ancien pr\u00e9fet de Paris, interrog\u00e9 par BFMTV\/RMC.\u00a0<\/p>\n<p>mercredi 12 novembre 2025<\/p>\n<p>BERLIN21:23<\/p>\n<p>L&rsquo;\u00e9crivain franco-alg\u00e9rien Boualem Sansal, graci\u00e9 mercredi par le pr\u00e9sident alg\u00e9rien apr\u00e8s un an d&#8217;emprisonnement dans ce pays, est arriv\u00e9 dans la soir\u00e9e \u00e0 Berlin, a confirm\u00e9 \u00e0 l&rsquo;AFP la porte-parole du pr\u00e9sident allemand Frank-Walter Steinmeier, qui a demand\u00e9 et obtenu sa lib\u00e9ration. \u00ab\u00a0Ils ont atterri et sont d\u00e9j\u00e0 en route pour l&rsquo;h\u00f4pital\u00a0\u00bb, a indiqu\u00e9 Cerstin Gammelin sans pr\u00e9ciser l&rsquo;\u00e9tablissement o\u00f9 l&rsquo;\u00e9crivain \u00e2g\u00e9 de 81 ans doit recevoir des soins m\u00e9dicaux.<\/p>\n<p>\u00ab\u00a0UN IMMENSE SOULAGEMENT21:21<\/p>\n<p>\u00ab\u00a0C&rsquo;est un immense soulagement\u00a0\u00bb a confi\u00e9 sur LCI Maud Bregeon, porte-parole du gouvernement. Je voudrais vraiment remercier aujourd&rsquo;hui les services diplomatiques, le pr\u00e9sident de la R\u00e9publique, nos amis allemands. C&rsquo;est le fruit d&rsquo;une vraie coop\u00e9ration, et je pense que nous pouvons tous \u00eatre tr\u00e8s heureux et tr\u00e8s soulag\u00e9s ce soir.\u00a0\u00bb<\/p>\n<blockquote data-testid=\"EmbedTwitter\" id=\"tweet-1988693405547868552-:Rsod6micpd6j979m:\" class=\"jsx-aeff1a1c40f54d7a twitter-tweet flex justify-center items-center\"><p>\ud83d\udd34 Lib\u00e9ration de Boualem Sansal \ud83d\udde3\ufe0f \u00ab\u00a0C&rsquo;est un immense soulagement\u00a0\u00bb se confie  @MaudBregeon ce soir sur LCI au micro de  @DariusRochebin pic.twitter.com\/W93wAvlkha \u2014 LCI (@LCI)  November 12, 2025<\/p><\/blockquote>\n<p>\u00ab\u00a0SON \u00c9TAT N\u2019EST PAS ALARMANT\u00a0\u00bb19:43<\/p>\n<p>\u00ab\u00a0Son \u00e9tat n\u2019est pas alarmant mais il doit faire l\u2019objet d\u2019examens\u00a0\u00bb, a affirm\u00e9 l&rsquo;avocat de Boualem Sansal, sur BFMTV.\u00a0Il \u00e9tait \u00ab\u00a0physiquement en bonne forme\u00a0\u00bb quand ma\u00eetre Pierre Cornut-Gentille l&rsquo;a vu pour la derni\u00e8re fois en juillet.<\/p>\n<p>JEAN-NO\u00cbL BARROT19:39<\/p>\n<p>\u00ab\u00a0J\u2019accueille cette nouvelle avec soulagement et la satisfaction qu\u2019une issue diplomatique et humanitaire ait pu \u00eatre trouv\u00e9e au regard de son \u00e2ge et de son \u00e9tat de sant\u00e9\u00a0\u00bb, \u00e9crit sur X le ministre des Affaires \u00e9trang\u00e8res.\u00a0<\/p>\n<p>Jean-No\u00ebl Barrot s&rsquo;est \u00e9galement dit \u00ab\u00a0attentif\u00a0\u00bb au sort de Christophe Gleizes, le journaliste sportif fran\u00e7ais toujours d\u00e9tenu en Alg\u00e9rie.<\/p>\n<blockquote data-testid=\"EmbedTwitter\" id=\"tweet-1988669916388471093-:Rsol6micpd6j979m:\" class=\"jsx-aeff1a1c40f54d7a twitter-tweet flex justify-center items-center\"><p>Boualem Sansal est libre ! J\u2019accueille cette nouvelle avec soulagement et la satisfaction qu\u2019une issue diplomatique et humanitaire ait pu \u00eatre trouv\u00e9e au regard de son \u00e2ge et de son \u00e9tat de sant\u00e9. Mes remerciements vont \u00e0 l\u2019Allemagne dont les bons offices vont permettre \u00e0 notre\u2026  https:\/\/t.co\/GhDzzp2xed \u2014 Jean-No\u00ebl Barrot (@jnbarrot)  November 12, 2025<\/p><\/blockquote>\n<p>\u00ab\u00a0UN GLISSEMENT DE L&rsquo;ALG\u00c9RIE VERS L&rsquo;ALLEMAGNE\u00a0\u00bb19:28<\/p>\n<p>L&rsquo;Alg\u00e9rie a accept\u00e9 ce mercredi de \u00ab\u00a0gracier\u00a0\u00bb l&rsquo;\u00e9crivain Boualem Sansal, emprisonn\u00e9 depuis pr\u00e8s d&rsquo;un an, apr\u00e8s une m\u00e9diation allemande. Pour le chercheur Brahim Oumansour, cette s\u00e9quence illustre le basculement diplomatique en cours entre Alger, Berlin et Paris. Pour TF1info, il analyse dans cette interview les raisons de cette \u00e9volution et les cons\u00e9quences pour les relations franco-alg\u00e9riennes.<\/p>\n<p>International<\/p>\n<p>INTERVIEW<\/p>\n<p><img decoding=\"async\" src=\"https:\/\/www.europesays.com\/fr\/wp-content\/uploads\/2025\/11\/l-ecrivain-franco-algerien-boualem-sansal-086909-1@1x.jpeg\" alt=\"L'\u00e9crivain Boualem Sansal\" loading=\"lazy\" importance=\"low\" fetchpriority=\"low\" class=\"\" aria-hidden=\"true\"\/>5 DATES SUR SON ANN\u00c9E D&rsquo;EMPRISONNEMENT19:26<\/p>\n<p>Arr\u00eat\u00e9 \u00e0 Alger le 16 novembre 2024, l&rsquo;\u00e9crivain franco-alg\u00e9rien Boualem Sansal a \u00e9t\u00e9 condamn\u00e9 en appel en juillet 2025 \u00e0 5 ans de r\u00e9clusion, et finalement graci\u00e9 ce mercredi 12 novembre. Voici 5 dates sur son ann\u00e9e d&#8217;emprisonnement.<\/p>\n<p>International<img decoding=\"async\" src=\"https:\/\/www.europesays.com\/fr\/wp-content\/uploads\/2025\/11\/boualem-sansal-2-efbdec-0@1x.jpeg\" alt=\"Boualem Sansal graci\u00e9 : de l'arrestation de l'\u00e9crivain \u00e0 sa lib\u00e9ration, 5 dates sur son ann\u00e9e d'emprisonnement\" loading=\"lazy\" importance=\"low\" fetchpriority=\"low\" class=\"\" aria-hidden=\"true\"\/>\u00c9CHANGE ENTRE BOUALEM SANSAL ET EMMANUEL MACRON19:13<\/p>\n<p>Le pr\u00e9sident fran\u00e7ais s&rsquo;est entretenu par t\u00e9l\u00e9phone avec Boualem Sansal, indique l&rsquo;\u00c9lys\u00e9e.<\/p>\n<p>L&rsquo;appel du pr\u00e9sident fran\u00e7ais a eu lieu alors qu&rsquo;il \u00e9tait dans l&rsquo;avion de retour d&rsquo;un d\u00e9placement \u00e0 Toulouse, tandis que l&rsquo;\u00e9crivain \u00e9tait aussi en vol vers l&rsquo;Allemagne pour y recevoir des soins m\u00e9dicaux, apr\u00e8s une m\u00e9diation du pr\u00e9sident allemand Frank-Walter Steinmeier.<\/p>\n<p>\u00ab\u00a0UN DIALOGUE RESPECTUEUX, CALME ET EXIGEANT\u00a0\u00bb18:52<\/p>\n<p>\u00ab\u00a0Nous souhaitons que la lib\u00e9ration de Boualem Sansal permettre de retracer le chemin d\u2019un dialogue respectueux, calme et exigeant avec l\u2019Alg\u00e9rie\u00a0\u00bb, a appris TF1info de source \u00c9lys\u00e9e.<\/p>\n<p>Emmanuel Macron ne s\u2019est pas encore entretenu avec le pr\u00e9sident Tebboune, mais il est \u00ab\u00a0dispos\u00e9\u00a0\u00bb et \u00ab\u00a0disponible\u00a0\u00bb, selon cette m\u00eame source, afin de reprendre \u00ab\u00a0une relation \u00e0 la hauteur des attentes de part et d\u2019autres\u00a0\u00bb.<\/p>\n<p>BOUALEM SANSAL QUITTE L\u2019ALG\u00c9RIE CE SOIR18:52<\/p>\n<p>Graci\u00e9 par l\u2019Alg\u00e9rie ce mercredi, Boualem Sansal s\u2019envole ce soir du pays africain pour se rendre en Allemagne, a-t-on appris de source \u00c9lys\u00e9e, ce qui va lui permettre de bient\u00f4t regagner la France.<\/p>\n<p>EMMANUEL MACRON18:51<\/p>\n<blockquote data-testid=\"EmbedTwitter\" id=\"tweet-1988665362792214920-:Rspd6micpd6j979m:\" class=\"jsx-aeff1a1c40f54d7a twitter-tweet flex justify-center items-center\"><p>Boualem Sansal est libre et bient\u00f4t de retour. Ma profonde gratitude va au Pr\u00e9sident Steinmeier pour notre coop\u00e9ration fructueuse. Je remercie le Pr\u00e9sident Tebboune pour ce geste d\u2019humanit\u00e9.  pic.twitter.com\/UaSWqASLL1 \u2014 Emmanuel Macron (@EmmanuelMacron)  November 12, 2025<\/p><\/blockquote>\n<p>EMMANUEL MACRON17:38<\/p>\n<p>En d\u00e9placement \u00e0 Toulouse, le pr\u00e9sident a indiqu\u00e9 s&rsquo;\u00eatre entretenu au t\u00e9l\u00e9phone avec son homologue allemand Frank-Walter Steinmeier \u00e0 propos de la lib\u00e9ration de Boualem Sansal. Emmanuel Macron a dit sa \u00ab\u00a0profonde gratitude\u00a0\u00bb, affirmant avoir \u00ab\u00a0travaill\u00e9 en transparence avec nos amis allemands\u00a0\u00bb.<\/p>\n<p>\u00ab\u00a0Notre souci a toujours \u00e9t\u00e9 d&rsquo;\u00eatre efficace pour permettre la lib\u00e9ration de Boualem Sansal apr\u00e8s plus d&rsquo;un an d&#8217;emprisonnement en Alg\u00e9rie\u00a0\u00bb, a \u00e9galement d\u00e9clar\u00e9 le chef d&rsquo;\u00c9tat fran\u00e7ais. \u00ab\u00a0La m\u00e9diation allemande y a contribu\u00e9 de mani\u00e8re d\u00e9cisive\u00a0\u00bb, a-t-il pr\u00e9cis\u00e9, louant aussi les \u00ab\u00a0efforts constants de la France et d&rsquo;une m\u00e9thode faite de respect, de calme et d&rsquo;exigence\u00a0\u00bb.\u00a0<\/p>\n<p>\u00ab\u00a0Je prends acte de ce geste d&rsquo;humanit\u00e9 du pr\u00e9sident Tebboune et l&rsquo;en remercie. Je reste \u00e9videmment disponible pour \u00e9changer avec lui sur l&rsquo;ensemble des sujets d&rsquo;int\u00e9r\u00eat pour nos deux pays\u00a0\u00bb, a ajout\u00e9 Emmanuel Macron, avant d&rsquo;avoir un mot pour le journaliste Christophe Gleizes, d\u00e9tenu dans les ge\u00f4les alg\u00e9riennes.<\/p>\n<p>\u00ab\u00a0UNE TR\u00c8S GRANDE JOIE\u00a0\u00bb16:57<\/p>\n<p>\u00ab\u00a0Apr\u00e8s un an de d\u00e9tention arbitraire, Boualem Sansal va enfin retrouver les siens et retrouver la France \u00e0 laquelle il avait tant manqu\u00e9. C&rsquo;est un immense soulagement et une tr\u00e8s grande joie\u00a0\u00bb, a \u00e9crit sur le r\u00e9seau social X l&rsquo;ancien ministre de l&rsquo;Int\u00e9rieur et patron de la droite Bruno Retailleau.<\/p>\n<p>Le pr\u00e9sident du parti Les R\u00e9publicains avait pourtant d\u00e9plor\u00e9 r\u00e9cemment que sa \u00ab\u00a0ligne ferme\u00a0\u00bb \u00e0 l&rsquo;\u00e9gard de l&rsquo;Alg\u00e9rie n&rsquo;ait \u00ab\u00a0jamais \u00e9t\u00e9 assum\u00e9e, ni au Quai d&rsquo;Orsay ni \u00e0 l&rsquo;Elys\u00e9e\u00a0\u00bb, consid\u00e9rant que \u00ab\u00a0la diplomatie des bons sentiments est un fiasco\u00a0\u00bb.<\/p>\n<blockquote data-testid=\"EmbedTwitter\" id=\"tweet-1988624218062295477-:Rspl6micpd6j979m:\" class=\"jsx-aeff1a1c40f54d7a twitter-tweet flex justify-center items-center\"><p>Apr\u00e8s un an de d\u00e9tention arbitraire, Boualem Sansal va enfin retrouver les siens et retrouver la France \u00e0 laquelle il avait tant manqu\u00e9.  C\u2019est un immense soulagement et une tr\u00e8s grande joie. \u2014 Bruno Retailleau (@BrunoRetailleau)  November 12, 2025<\/p><\/blockquote>\n<p>\u00ab\u00a0L&rsquo;ARBITRAIRE DE SON INCARC\u00c9RATION\u00a0\u00bb15:55<\/p>\n<p>\u00ab\u00a0La nouvelle de sa lib\u00e9ration (&#8230;) met fin \u00e0 l&rsquo;arbitraire de son incarc\u00e9ration et fait na\u00eetre l&rsquo;espoir qu&rsquo;il pourra recouvrer la sant\u00e9\u00a0\u00bb, affirme le comit\u00e9 de soutien de Boualem Sansal sur X.\u00a0<\/p>\n<p>\u00ab\u00a0Le combat pour la libert\u00e9 d&rsquo;expression ne conna\u00eet jamais de cesse. La lib\u00e9ration de Boualem Sansal n&rsquo;en est pas la fin, elle lui donne sens\u00a0\u00bb, poursuit son comit\u00e9 de soutien dans un communiqu\u00e9, appelant \u00e9galement \u00e0 lib\u00e9rer un autre \u00ab\u00a0otage\u00a0\u00bb, le journaliste sportif fran\u00e7ais Christophe Gleizes, emprisonn\u00e9 en Alg\u00e9rie depuis mai 2024.<\/p>\n<blockquote data-testid=\"EmbedTwitter\" id=\"tweet-1988603999323639957-:Rspp6micpd6j979m:\" class=\"jsx-aeff1a1c40f54d7a twitter-tweet flex justify-center items-center\"><p>Communiqu\u00e9 du  @CSoutienBS @Benedetti65 @noellelenoir @XMDriencourt @jmblanquer @davidlisnard @KamelBencheikh8 @StephaneRozes @LanouvelleRP @ShannonSeban @GoetzingerG @RachelBinhas pic.twitter.com\/wrABKK2mCc \u2014 Comit\u00e9 de soutien international \u00e0 Boualem Sansal (@CSoutienBS)  November 12, 2025<\/p><\/blockquote>\n<p>\u00ab\u00a0LA JUSTICE L\u2019EMPORTE\u00a0\u00bb15:34<\/p>\n<p>\u00ab\u00a0Enfin gr\u00e2ci\u00e9 ! C\u2019est un soulagement immense. C\u2019est, surtout, la Justice qui l\u2019emporte\u00a0\u00bb, s&rsquo;est r\u00e9joui sur X Gabriel Attal. \u00ab\u00a0Notre mobilisation continue. Boualem Sansal doit maintenant pouvoir revenir rapidement en France\u00a0\u00bb, a ajout\u00e9 l&rsquo;ancien Premier ministre.<\/p>\n<blockquote data-testid=\"EmbedTwitter\" id=\"tweet-1988597743678329272-:Rspt6micpd6j979m:\" class=\"jsx-aeff1a1c40f54d7a twitter-tweet flex justify-center items-center\"><p>Enfin gr\u00e2ci\u00e9 ! Au bout d\u2019un combat de pr\u00e8s d\u2019un an pour la libert\u00e9 et contre l\u2019arbitraire, le r\u00e9gime d\u2019Alger accepte enfin de lib\u00e9rer notre compatriote Boualem Sansal. \u00c0 travers lui, ce sont la libert\u00e9 d\u2019expression, le refus de l\u2019obscurantisme et de l\u2019autoritarisme qui \u00e9taient\u2026 \u2014 Gabriel Attal (@GabrielAttal)  November 12, 2025<\/p><\/blockquote>\n<p>\u00ab\u00a0UN HOMME LIBRE, UN HOMME DEBOUT\u00a0\u00bb15:28<\/p>\n<p>Boualem Sansal \u00ab\u00a0a fait preuve d&rsquo;un immense courage durant cette ann\u00e9e de d\u00e9tention, affirme sur LCI le fondateur du comit\u00e9 de soutien, Arnaud Benedetti. Il est rest\u00e9 tel qu&rsquo;il est, c&rsquo;est-\u00e0-dire un homme libre, un homme debout et c&rsquo;est aussi une le\u00e7on qu&rsquo;il nous a donn\u00e9e \u00e0 tous d&rsquo;\u00eatre aussi fort et d&rsquo;\u00eatre aussi courageux compte tenu de son \u00e2ge, de sa pathologie et de son enfermement.\u00a0\u00bb<\/p>\n<p>S\u00c9BASTIEN LECORNU15:25<\/p>\n<p>Revoyez la r\u00e9action du Premier ministre en vid\u00e9o. \u00ab\u00a0Je tiens \u00e0 remercier du fond du c\u0153ur celles et ceux qui ont contribu\u00e9 \u00e0 cette lib\u00e9ration, fruit d&rsquo;une m\u00e9thode faite de respect et de calme\u00a0\u00bb, a-t-il affirm\u00e9 dans l&rsquo;h\u00e9micycle. Tous les d\u00e9put\u00e9s se sont ensuite lev\u00e9s pour applaudir la bonne nouvelle.<\/p>\n<p>Lib\u00e9ration de Boualem Sansal : la r\u00e9action de S\u00e9bastien LecornuSource : TF1 Info<\/p>\n<p><img decoding=\"async\" src=\"https:\/\/www.europesays.com\/fr\/wp-content\/uploads\/2025\/11\/liberation-de-boualem-sansal-la-reaction-de-sebastien-lecornu-5e9410-0@1x.jpeg\" alt=\"Lib\u00e9ration de Boualem Sansal : la r\u00e9action de S\u00e9bastien Lecornu\" loading=\"lazy\" importance=\"low\" fetchpriority=\"low\" class=\"\"\/><img decoding=\"async\" src=\"https:\/\/www.tf1info.fr\/images\/icons\/player-logo-play.svg\" alt=\"Logo lecture\" class=\"jsx-d0de44c05fe3042c PlayerLazyload__Play\"\/> \u00ab\u00a0HEUREUX QUE L&rsquo;HUMANIT\u00c9 AIT PR\u00c9VALU\u00a0\u00bb15:18<\/p>\n<p>Les avocats fran\u00e7ais de Boualem Sansal se sont dits mercredi \u00ab\u00a0heureux que l&rsquo;humanit\u00e9 ait pr\u00e9valu sur toute autre consid\u00e9ration\u00a0\u00bb apr\u00e8s l&rsquo;annonce par l&rsquo;Alg\u00e9rie de la gr\u00e2ce de l&rsquo;\u00e9crivain franco-alg\u00e9rien, dans un communiqu\u00e9 transmis \u00e0 l&rsquo;AFP.<\/p>\n<p>\u00ab\u00a0Nous accueillons avec une profonde satisfaction la nouvelle de (sa) lib\u00e9ration, apr\u00e8s l&rsquo;\u00e9preuve d&rsquo;une trop longue d\u00e9tention. Nous avons toujours \u00e9t\u00e9 convaincus que le sort de Boualem Sansal devait \u00eatre dissoci\u00e9 des al\u00e9as diplomatiques\u00a0\u00bb, ont indiqu\u00e9 Me Pierre Cornut-Gentille et Fran\u00e7ois Zimeray, qui \u00ab\u00a0(saluent) le r\u00f4le de l&rsquo;Allemagne dans ce d\u00e9nouement\u00a0\u00bb.<\/p>\n<p>\u00ab\u00a0J&rsquo;Y AI TOUJOURS CRU\u00a0\u00bb DIT SA FILLE SABEHA15:17<\/p>\n<p>\u00ab\u00a0J&rsquo;\u00e9tais un petit peu pessimiste parce qu&rsquo;il est malade, il est vieux et qu&rsquo;il pouvait mourir l\u00e0-bas. J&rsquo;\u00e9tais pessimiste mais j&rsquo;y ai toujours cru. J&rsquo;ai gard\u00e9 l&rsquo;espoir que \u00e7a arrive un jour\u00a0\u00bb, \u00a0a d\u00e9clar\u00e9 \u00e0 l&rsquo;AFP sa fille Sabeha Sansal.<\/p>\n<p>\u00ab\u00a0Je suis tr\u00e8s heureuse parce que c&rsquo;\u00e9tait vraiment une situation extraordinaire. Je n&rsquo;arrivais pas \u00e0 comprendre pourquoi il \u00e9tait emprisonn\u00e9 (&#8230;) J&rsquo;esp\u00e8re qu&rsquo;on va se revoir bient\u00f4t\u00a0\u00bb, a ajout\u00e9 l&rsquo;Alg\u00e9ro-Tch\u00e8que de 51 ans.<\/p>\n<p>\u00ab\u00a0TR\u00c8S GRAND COURAGE\u00a0\u00bb15:13<\/p>\n<p>En direct du Palais Bourbon, Marine Le Pen a salu\u00e9 le \u00ab\u00a0tr\u00e8s grand courage\u00a0\u00bb de Boualem Sansal \u00ab\u00a0face \u00e0 cette incarc\u00e9ration honteuse, profond\u00e9ment contraire au droit et \u00e0 nos valeurs\u00a0\u00bb.<\/p>\n<blockquote data-testid=\"EmbedTwitter\" id=\"tweet-1988609790042423311-:Rsqh6micpd6j979m:\" class=\"jsx-aeff1a1c40f54d7a twitter-tweet flex justify-center items-center\"><p>\ud83d\udd34 L&rsquo;Alg\u00e9rie \u00ab\u00a0accepte\u00a0\u00bb de gracier l&rsquo;\u00e9crivain Boualem Sansal \ud83d\udde3\ufe0f  @MLP_officiel : \u00ab\u00a0Un tr\u00e8s grand courage face \u00e0 cette incarc\u00e9ration honteuse, profond\u00e9ment contraire \u00e0 nos droits et \u00e0 nos valeurs\u00a0\u00bb  pic.twitter.com\/Fxl3EaXwNa \u2014 LCI (@LCI)  November 12, 2025<\/p><\/blockquote>\n<p>\u00ab\u00a0SOLIDARIT\u00c9 NATIONALE\u00a0\u00bb15:10<\/p>\n<p>\u00ab\u00a0Nous n\u2019aurons de cesse de r\u00e9clamer la lib\u00e9ration de tous les Fran\u00e7ais injustement d\u00e9tenus dans le monde, c\u2019est une question de solidarit\u00e9 nationale et c\u2019est ce qui fait que notre R\u00e9publique est une et indivisible\u00a0\u00bb, a affirm\u00e9 Ya\u00ebl Braun-Pivet sur LCI.\u00a0<\/p>\n<p>La pr\u00e9sidente de l&rsquo;Assembl\u00e9e nationale s&rsquo;est \u00e9galement r\u00e9jouie de la sortie de prison de C\u00e9cile Kohler et Jacques Paris, d\u00e9tenus en Iran, et a appel\u00e9 \u00e0 la lib\u00e9ration du journaliste Christophe Gleizes, emprisonn\u00e9es en Alg\u00e9rie.<\/p>\n<blockquote data-testid=\"EmbedTwitter\" id=\"tweet-1988608896684954000-:Rsql6micpd6j979m:\" class=\"jsx-aeff1a1c40f54d7a twitter-tweet flex justify-center items-center\"><p>\ud83d\udd34 L&rsquo;Alg\u00e9rie \u00ab\u00a0accepte\u00a0\u00bb de gracier l&rsquo;\u00e9crivain Boualem Sansal \ud83d\udde3\ufe0f  @YaelBRAUNPIVET : \u00ab\u00a0C\u2019est un beau jour (\u2026) Nous pensons bien s\u00fbr \u00e0 Christophe Glaize, qui est encore emprisonn\u00e9.\u00a0\u00bb  pic.twitter.com\/r692kWhyvV \u2014 LCI (@LCI)  November 12, 2025<\/p><\/blockquote>\n<p>APPLAUDISSEMENTS AU S\u00c9NAT15:06<\/p>\n<p>\u00ab\u00a0La libert\u00e9 porte en ce jour le nom de Boualem Sansal\u00a0\u00bb, d\u00e9clare G\u00e9rard Larcher au S\u00e9nat, apr\u00e8s des applaudissements nourris saluant l\u2019annonce de la lib\u00e9ration de l&rsquo;\u00e9crivain.<\/p>\n<p>\u00ab\u00a0SOULAGEMENT\u00a0\u00bb DU GOUVERNEMENT FRAN\u00c7AIS14:29<\/p>\n<p>Le premier Ministre fran\u00e7ais S\u00e9bastien Lecornu a exprim\u00e9 le \u00ab\u00a0soulagement\u00a0\u00bb du gouvernement apr\u00e8s la gr\u00e2ce de l&rsquo;\u00e9crivain. Selon lui, cette remise en libert\u00e9 est le \u00ab\u00a0fruit d&rsquo;une m\u00e9thode faite de respect et de calme\u00a0\u00bb.\u00a0<\/p>\n<blockquote data-testid=\"EmbedTwitter\" id=\"tweet-1988599073323078131-:Rsqt6micpd6j979m:\" class=\"jsx-aeff1a1c40f54d7a twitter-tweet flex justify-center items-center\"><p>\ud83d\udde3\ufe0f L&rsquo;Alg\u00e9rie \u00ab\u00a0accepte\u00a0\u00bbde gracier l&rsquo;\u00e9crivain Boualem Sansal : \u00ab\u00a0Je tiens \u00e0 remercier du fond du coeur celles et ceux qui ont contribu\u00e9 \u00e0 cette lib\u00e9ration, fruit d&rsquo;une m\u00e9thode faite de respect et de calme.\u00a0\u00bb \ud83d\udd34 S\u00e9bastien Lecornu ( @SebLecornu )  pic.twitter.com\/fi5C19k4tl \u2014 LCI (@LCI)  November 12, 2025<\/p><\/blockquote>\n<p>\u00ab\u00a0DIALOGUE EXIGEANT\u00a0\u00bb14:27<\/p>\n<p>Jeudi dernier, le ministre fran\u00e7ais des Affaires \u00e9trang\u00e8res, Jean-No\u00ebl Barrot, avait soulign\u00e9 que la France menait un \u00ab\u00a0dialogue exigeant\u00a0\u00bb avec Alger pour obtenir la lib\u00e9ration de Boualem Sansal.<\/p>\n<p>CONDAMN\u00c9 EN APPEL EN JUILLET \u00c0 CINQ ANS DE R\u00c9CLUSION14:26<\/p>\n<p>Arr\u00eat\u00e9 \u00e0 Alger le 16 novembre 2024, le romancier et essayiste franco-alg\u00e9rien Boualem Sansal a \u00e9t\u00e9 condamn\u00e9 en appel en juillet \u00e0 cinq ans de r\u00e9clusion pour avoir notamment d\u00e9clar\u00e9 que l&rsquo;Alg\u00e9rie avait h\u00e9rit\u00e9 sous la colonisation fran\u00e7aise de territoires appartenant jusque-l\u00e0 au Maroc.<\/p>\n<p>\u00ab\u00a0\u00c2GE AVANC\u00c9\u00a0\u00bb ET \u00c9TAT DE SANT\u00c9 FRAGILE\u00a0\u00bb14:25<\/p>\n<p>Lundi dernier, le pr\u00e9sident allemand avait exhort\u00e9 son homologue alg\u00e9rien \u00e0 gracier l&rsquo;\u00e9crivain franco-alg\u00e9rien. Appelant son homologue Abdelmadjid Tebboune \u00e0 un \u00ab\u00a0geste humanitaire\u00a0\u00bb, Frank-Walter Steinmeier avait aussi propos\u00e9 que Boualem Sansal soit transf\u00e9r\u00e9 en Allemagne pour \u00ab\u00a0y b\u00e9n\u00e9ficier de soins m\u00e9dicaux (&#8230;) compte tenu de son \u00e2ge avanc\u00e9 (&#8230;) et de son \u00e9tat de sant\u00e9 fragile\u00a0\u00bb.<\/p>\n<p>\u00ab\u00a0Un tel geste serait l&rsquo;expression d&rsquo;une attitude humanitaire et d&rsquo;une vision politique \u00e0 long terme. Il refl\u00e9terait ma relation personnelle de longue date avec le pr\u00e9sident Tebboune et les bonnes relations entre nos deux pays\u00a0\u00bb, avait estim\u00e9 le pr\u00e9sident allemand, dans un communiqu\u00e9.<\/p>\n<p>BOUALEM SANSAL LIBRE14:20<\/p>\n<p>L&rsquo;Alg\u00e9rie a accept\u00e9 une demande de l&rsquo;Allemagne de gracier et transf\u00e9rer l&rsquo;\u00e9crivain franco-alg\u00e9rien Boualem Sansal dans ce pays pour qu&rsquo;il puisse y \u00eatre soign\u00e9, a indiqu\u00e9 un communiqu\u00e9 de la pr\u00e9sidence alg\u00e9rienne mercredi.<\/p>\n<p>Le pr\u00e9sident alg\u00e9rien Abdelmadjid Tebboune \u00ab\u00a0a r\u00e9pondu favorablement\u00a0\u00bb \u00e0 une demande de son homologue Frank-Walter Steinmeier, \u00ab\u00a0concernant l&rsquo;octroi d&rsquo;une gr\u00e2ce en faveur de Boualem Sansal\u00a0\u00bb, selon le communiqu\u00e9 officiel. \u00ab\u00a0Le pr\u00e9sident a r\u00e9agi \u00e0 cette demande, qui a retenu son attention en raison de sa nature et de ses motifs humanitaires\u00a0\u00bb, selon le communiqu\u00e9.<\/p>\n<blockquote data-testid=\"EmbedTwitter\" id=\"tweet-1988593040978538647-:Rsrd6micpd6j979m:\" class=\"jsx-aeff1a1c40f54d7a twitter-tweet flex justify-center items-center\"><p>\ud83d\udd34 ALERTE INFO &#8211; L&rsquo;Alg\u00e9rie \u00ab\u00a0accepte\u00a0\u00bbde gracier l&rsquo;\u00e9crivain Boualem Sansal.  pic.twitter.com\/80qxeObtrT \u2014 LCI (@LCI)  November 12, 2025<\/p><\/blockquote>\n<p>EN DIRECT14:19<\/p>\n<p>Bienvenue sur ce direct consacr\u00e9 \u00e0 la lib\u00e9ration de Boualem Sansal.\u00a0<\/p>\n<p><script async src=\"https:\/\/platform.twitter.com\/widgets.js\" charset=\"utf-8\"><\/script><\/p>\n","protected":false},"excerpt":{"rendered":"DIALOGUE AVEC L&rsquo;ALG\u00c9RIE12:14 Laurent Nu\u00f1ez veut \u00ab\u00a0engager un dialogue dans des conditions d&rsquo;exigence\u00a0\u00bb avec l&rsquo;Alg\u00e9rie, jugeant que \u00ab\u00a0la&hellip;\n","protected":false},"author":2,"featured_media":531516,"comment_status":"","ping_status":"","sticky":false,"template":"","format":"standard","meta":{"footnotes":""},"categories":[2],"tags":[1111,11,15,1921,4142,1011,27,1922,65102,12,133,1920],"class_list":{"0":"post-531515","1":"post","2":"type-post","3":"status-publish","4":"format-standard","5":"has-post-thumbnail","7":"category-actualites","8":"tag-actu","9":"tag-actualites","10":"tag-algerie","11":"tag-article-video","12":"tag-boualem-sansal","13":"tag-fr","14":"tag-france","15":"tag-info","16":"tag-lecrivain-boualem-sansal-libere-apres-un-an-de-prison-en-algerie","17":"tag-news","18":"tag-video","19":"tag-video-international"},"share_on_mastodon":{"url":"https:\/\/pubeurope.com\/@fr\/115542901952073303","error":""},"_links":{"self":[{"href":"https:\/\/www.europesays.com\/fr\/wp-json\/wp\/v2\/posts\/531515","targetHints":{"allow":["GET"]}}],"collection":[{"href":"https:\/\/www.europesays.com\/fr\/wp-json\/wp\/v2\/posts"}],"about":[{"href":"https:\/\/www.europesays.com\/fr\/wp-json\/wp\/v2\/types\/post"}],"author":[{"embeddable":true,"href":"https:\/\/www.europesays.com\/fr\/wp-json\/wp\/v2\/users\/2"}],"replies":[{"embeddable":true,"href":"https:\/\/www.europesays.com\/fr\/wp-json\/wp\/v2\/comments?post=531515"}],"version-history":[{"count":0,"href":"https:\/\/www.europesays.com\/fr\/wp-json\/wp\/v2\/posts\/531515\/revisions"}],"wp:featuredmedia":[{"embeddable":true,"href":"https:\/\/www.europesays.com\/fr\/wp-json\/wp\/v2\/media\/531516"}],"wp:attachment":[{"href":"https:\/\/www.europesays.com\/fr\/wp-json\/wp\/v2\/media?parent=531515"}],"wp:term":[{"taxonomy":"category","embeddable":true,"href":"https:\/\/www.europesays.com\/fr\/wp-json\/wp\/v2\/categories?post=531515"},{"taxonomy":"post_tag","embeddable":true,"href":"https:\/\/www.europesays.com\/fr\/wp-json\/wp\/v2\/tags?post=531515"}],"curies":[{"name":"wp","href":"https:\/\/api.w.org\/{rel}","templated":true}]}}