{"id":531517,"date":"2025-11-13T14:38:12","date_gmt":"2025-11-13T14:38:12","guid":{"rendered":"https:\/\/www.europesays.com\/fr\/531517\/"},"modified":"2025-11-13T14:38:12","modified_gmt":"2025-11-13T14:38:12","slug":"saint-etienne-decouvrez-le-programme-des-festivites-de-noel","status":"publish","type":"post","link":"https:\/\/www.europesays.com\/fr\/531517\/","title":{"rendered":"Saint-\u00c9tienne : d\u00e9couvrez le programme des festivit\u00e9s de No\u00ebl"},"content":{"rendered":"<p>La Ville de Saint-\u00c9tienne organise, comme chaque ann\u00e9e, des festivit\u00e9s pour c\u00e9l\u00e9brer No\u00ebl. Le programme a \u00e9t\u00e9 d\u00e9voil\u00e9 ce jeudi 13 novembre.<\/p>\n<p>Du 21 novembre au 31 d\u00e9cembre, les f\u00eates de No\u00ebl sont de retour \u00e0 Saint-\u00c9tienne. Entre le march\u00e9 de No\u00ebl, la Grande Roue, le P\u00e8re No\u00ebl ou encore de nombreux concerts, on vous d\u00e9taille le programme des festivit\u00e9s.<\/p>\n<p>Village, Grande Roue, concerts : No\u00ebl \u00e0 Saint-\u00c9tienne<\/p>\n<p><b>Village de No\u00ebl :<\/b> la place de l&rsquo;H\u00f4tel-de-Ville accueillera le village de No\u00ebl avec pr\u00e8s de 50 chalets d&rsquo;artisans, de cr\u00e9ateurs et de producteurs r\u00e9gionaux. <a class=\"url\" href=\"https:\/\/www.saint-etienne.fr\/agenda\/le-village-des-chalets\" target=\"_blank\" rel=\"noopener\">Programme et horaires disponibles ici<\/a>.<\/p>\n<p><b>La Grande Roue :<\/b> \u00e0 partir du 21 novembre et jusqu&rsquo;au 31 d\u00e9cembre. <a class=\"url\" href=\"https:\/\/www.saint-etienne.fr\/agenda\/la-grande-roue\" target=\"_blank\" rel=\"noopener\">Horaires disponibles ici<\/a>.<\/p>\n<p><b>L&rsquo;Espace Gourmand<\/b> (vins chauds, bretzels et autres produits sucr\u00e9s\/sal\u00e9s) : du 21 novembre au 31 d\u00e9cembre.<\/p>\n<p>Les vendredis 5, 12 et 19 d\u00e9cembre, il y aura des <b>\u00ab\u00a0Afterworks de No\u00ebl\u00a0\u00bb<\/b> \u00e0 l&rsquo;Espace Gourmand, place de l&rsquo;H\u00f4tel de Ville, entre 18h et 20h. Il s&rsquo;agira de concerts de jazz, de pop, de soul ou encore de classiques de No\u00ebl.<\/p>\n<p>Les animations de No\u00ebl pour les enfants<\/p>\n<p><b>L&rsquo;atelier du P\u00e8re No\u00ebl :<\/b> place Dorian, l&rsquo;occasion de rencontrer le P\u00e8re No\u00ebl et de repartir avec une photo souvenir. Du 23 novembre au 23 d\u00e9cembre. <a class=\"url\" href=\"https:\/\/www.saint-etienne.fr\/agenda\/latelier-du-pere-noel\" target=\"_blank\" rel=\"noopener\">Programme et horaires disponibles ici<\/a>.<\/p>\n<p><b>Le sapin merveilleux :<\/b> un arbre avec huit boules multicolores sera install\u00e9 place Jean Jaur\u00e8s. Du 21 novembre et 31 d\u00e9cembre.\u00a0<a class=\"url\" href=\"https:\/\/www.saint-etienne.fr\/agenda\/sapin-merveilleux\" target=\"_blank\" rel=\"noopener\">Programme et horaires disponibles ici<\/a>.<\/p>\n<p><b>La descente de luge :<\/b> place Jean Jaur\u00e8s. Du 21 novembre au 31 d\u00e9cembre.<\/p>\n<p>Les c\u00e9l\u00e9brations de la Sainte-Barbe<\/p>\n<p>La Ville de Saint-\u00c9tienne f\u00eatera la tradition de la Sainte-Barbe <b>le samedi 6 d\u00e9cembre<\/b>, avec un d\u00e9part place Jean Jaur\u00e8s et une arriv\u00e9e au Mus\u00e9e de la Mine.<\/p>\n<p>Au programme :<\/p>\n<p><b>18h45 :<\/b> Rassemblement sur le parvis de la Cath\u00e9drale Saint-Charles, vente de lumignons au profit du T\u00e9l\u00e9thon.<br \/>\u00a0<br \/><b>19h15 :<\/b> Mise en lumi\u00e8re de la Cath\u00e9drale, du Grand Sapin et de la place Jean-Jaur\u00e8s.<br \/>\u00a0<br \/><b>19h30 :<\/b> D\u00e9part du d\u00e9fi l\u00e9 en direction du Puits Couriot \u2013 Mus\u00e9e de la Mine.<br \/>\u00a0<br \/><b>20h :<\/b> Spectacle pyrotechnique en musique tir\u00e9 depuis le Chevalement.<br \/>\u00a0<br \/><b>20h30 :<\/b> brioches, vin blanc ou chaud offerts.<\/p>\n<p>Toutes les informations sur le programme des festivit\u00e9s de No\u00ebl \u00e0 Saint-\u00c9tienne cette ann\u00e9e est \u00e0 retrouver <a class=\"url\" href=\"https:\/\/www.saint-etienne.fr\/noel2025\" target=\"_blank\" rel=\"noopener\">ici<\/a>.<\/p>\n<p><img loading=\"lazy\" decoding=\"async\" src=\"https:\/\/www.europesays.com\/fr\/wp-content\/uploads\/2025\/11\/1763044692_477_img\" width=\"350\" height=\"200\" border=\"0\" title=\"L'\u00c3\u00a9dition de 2024 avait rassembl\u00c3\u00a9 plus de 34 000 spectateurs.\"\/><\/p>\n<p>\u25baId\u00e9e sortie<\/p>\n<p style=\"font-size: 22px;\"><b>Saint-\u00c9tienne : embarquez chez les pirates pour le spectacle de Val Grangent !\u00a0<\/b><\/p>\n<p>L&rsquo;association Val Grangent organise du 19 au 21&#8230;<\/p>\n<p><\/p>\n","protected":false},"excerpt":{"rendered":"La Ville de Saint-\u00c9tienne organise, comme chaque ann\u00e9e, des festivit\u00e9s pour c\u00e9l\u00e9brer No\u00ebl. Le programme a \u00e9t\u00e9 d\u00e9voil\u00e9&hellip;\n","protected":false},"author":2,"featured_media":531518,"comment_status":"","ping_status":"","sticky":false,"template":"","format":"standard","meta":{"footnotes":""},"categories":[9653],"tags":[1111,11,1063,2430,65105,1777,674,1011,27,65103,12,63629,57925,25,9920,4001,65104],"class_list":{"0":"post-531517","1":"post","2":"type-post","3":"status-publish","4":"format-standard","5":"has-post-thumbnail","7":"category-saint-etienne","8":"tag-actu","9":"tag-actualites","10":"tag-animations","11":"tag-auvergne-rhone-alpes","12":"tag-clbrations","13":"tag-eu","14":"tag-europe","15":"tag-fr","16":"tag-france","17":"tag-grande-roue","18":"tag-news","19":"tag-nol","20":"tag-pre-nol","21":"tag-republique-francaise","22":"tag-saint-tienne","23":"tag-saint-etienne","24":"tag-sainte-barbe"},"share_on_mastodon":{"url":"https:\/\/pubeurope.com\/@fr\/115542904371244717","error":""},"_links":{"self":[{"href":"https:\/\/www.europesays.com\/fr\/wp-json\/wp\/v2\/posts\/531517","targetHints":{"allow":["GET"]}}],"collection":[{"href":"https:\/\/www.europesays.com\/fr\/wp-json\/wp\/v2\/posts"}],"about":[{"href":"https:\/\/www.europesays.com\/fr\/wp-json\/wp\/v2\/types\/post"}],"author":[{"embeddable":true,"href":"https:\/\/www.europesays.com\/fr\/wp-json\/wp\/v2\/users\/2"}],"replies":[{"embeddable":true,"href":"https:\/\/www.europesays.com\/fr\/wp-json\/wp\/v2\/comments?post=531517"}],"version-history":[{"count":0,"href":"https:\/\/www.europesays.com\/fr\/wp-json\/wp\/v2\/posts\/531517\/revisions"}],"wp:featuredmedia":[{"embeddable":true,"href":"https:\/\/www.europesays.com\/fr\/wp-json\/wp\/v2\/media\/531518"}],"wp:attachment":[{"href":"https:\/\/www.europesays.com\/fr\/wp-json\/wp\/v2\/media?parent=531517"}],"wp:term":[{"taxonomy":"category","embeddable":true,"href":"https:\/\/www.europesays.com\/fr\/wp-json\/wp\/v2\/categories?post=531517"},{"taxonomy":"post_tag","embeddable":true,"href":"https:\/\/www.europesays.com\/fr\/wp-json\/wp\/v2\/tags?post=531517"}],"curies":[{"name":"wp","href":"https:\/\/api.w.org\/{rel}","templated":true}]}}