{"id":531530,"date":"2025-11-13T14:46:21","date_gmt":"2025-11-13T14:46:21","guid":{"rendered":"https:\/\/www.europesays.com\/fr\/531530\/"},"modified":"2025-11-13T14:46:21","modified_gmt":"2025-11-13T14:46:21","slug":"en-images-pres-de-rouen-a-partir-de-couverts-en-argent-olivia-lapourre-fabrique-des-bijoux","status":"publish","type":"post","link":"https:\/\/www.europesays.com\/fr\/531530\/","title":{"rendered":"[En images] Pr\u00e8s de Rouen. A partir de couverts en argent, Olivia Lapourr\u00e9 fabrique des bijoux"},"content":{"rendered":"<p melodystyle=\"texte\">L&rsquo;amour des objets anciens se transmet de g\u00e9n\u00e9ration en g\u00e9n\u00e9ration. Olivia Lapourr\u00e9, 34 ans, est issue d&rsquo;une famille d&rsquo;antiquaires. Il y a cinq ans, alors qu&rsquo;elle fl\u00e2nait dans une brocante, elle remarque de nombreux couverts en argent, d\u00e9laiss\u00e9s \u00ab\u00a0parce que les gens ne veulent plus manger avec\u00a0\u00bb, confie-t-elle. C&rsquo;est de l\u00e0 que lui vient une id\u00e9e\u00a0: redonner vie \u00e0 ces pi\u00e8ces oubli\u00e9es en les transformant en bijoux.<\/p>\n<p class=\"article_photo\" data-num=\"2\"><img decoding=\"async\" alt=\"La premi\u00e8re \u00e9tape pour cr\u00e9er un bijou, c'est l'\u00e9merisage. Elle permet de limer le m\u00e9tal parfois un peu piquant lorsqu'il est brut. Olivia Lapourr\u00e9 utilise un instrument sp\u00e9cial appel\u00e9 Dremel, il permet de\u00a0poncer, nettoyer et polir.\" src=\"https:\/\/www.europesays.com\/fr\/wp-content\/uploads\/2025\/11\/6058-tab.jpg\"\/>La premi\u00e8re \u00e9tape pour cr\u00e9er un bijou, c&rsquo;est l&rsquo;\u00e9merisage. Elle permet de limer le m\u00e9tal parfois un peu piquant lorsqu&rsquo;il est brut. Olivia Lapourr\u00e9 utilise un instrument sp\u00e9cial appel\u00e9 Dremel, il permet de\u00a0poncer, nettoyer et polir.<\/p>\n<p class=\"article_photo\" data-num=\"4\"><img decoding=\"async\" alt=\"Apr\u00e8s l'\u00e9tape de l'\u00e9merisage puis celle pour donner la forme \u00e0 la bague, il faut ensuite passer au polissage. Un moment important parce qu'il permet de rendre l'argent brillant. Il faudra ensuite nettoyer la bague.\" src=\"https:\/\/www.europesays.com\/fr\/wp-content\/uploads\/2025\/11\/2223-tab.jpg\"\/>Apr\u00e8s l&rsquo;\u00e9tape de l&rsquo;\u00e9merisage puis celle pour donner la forme \u00e0 la bague, il faut ensuite passer au polissage. Un moment important parce qu&rsquo;il permet de rendre l&rsquo;argent brillant. Il faudra ensuite nettoyer la bague.<\/p>\n<p>Des bijoux cr\u00e9\u00e9s \u00e0 partir de couverts<\/p>\n<p melodystyle=\"texte\">Ancienne ing\u00e9nieure agronome, Olivia Lapourr\u00e9\u00a0change de voie et int\u00e8gre\u00a0une \u00e9cole de cirque au Maroc. Elle y devient artiste de cirque pendant trois ans\u00a0puis rentre en France au moment du Covid. \u00ab\u00a0J&rsquo;avais besoin de cr\u00e9er de mes mains, car le spectacle, c&rsquo;est \u00e9ph\u00e9m\u00e8re\u00a0\u00bb, raconte cette derni\u00e8re.\u00a0Elle se forme donc \u00e0 la bijouterie aupr\u00e8s d&rsquo;un artisan sp\u00e9cialis\u00e9 dans le travail de l&rsquo;argent puis cr\u00e9e son entreprise <a href=\"https:\/\/www.volutbyolivia.com\/\" rel=\"nofollow noopener\" target=\"_blank\">Volut by Olivia<\/a>.\u00a0\u00ab\u00a0Avec des fourchettes et des cuill\u00e8res en argent, je cr\u00e9e des bijoux\u00a0\u00bb, explique Olivia Lapourr\u00e9. Dans son atelier \u00e0 Saint-Martin-du-Vivier, elle fabrique aussi des objets de d\u00e9coration\u00a0: bougeoirs, dessous de plat, sculptures et porte-cl\u00e9s.<\/p>\n<p class=\"article_photo\" data-num=\"5\"><img decoding=\"async\" alt=\"Dans son atelier, Olivia Lapourr\u00e9 passe ses journ\u00e9es \u00e0 cr\u00e9er des bijoux et autres accessoires.\u00a0Depuis qu'elle sait qu'elle va exposer ses cr\u00e9ations au march\u00e9 de No\u00ebl de Rouen, ses journ\u00e9es sont bien charg\u00e9es.\" src=\"https:\/\/www.europesays.com\/fr\/wp-content\/uploads\/2025\/11\/4176-tab.jpg\"\/>Dans son atelier, Olivia Lapourr\u00e9 passe ses journ\u00e9es \u00e0 cr\u00e9er des bijoux et autres accessoires.\u00a0Depuis qu&rsquo;elle sait qu&rsquo;elle va exposer ses cr\u00e9ations au march\u00e9 de No\u00ebl de Rouen, ses journ\u00e9es sont bien charg\u00e9es.<\/p>\n<p melodystyle=\"texte\">Ses cr\u00e9ations sont visibles \u00e0 la boutique <a href=\"https:\/\/www.labellesimonebijoux.fr\/\" rel=\"nofollow noopener\" target=\"_blank\">La Belle Simone <\/a>ou au march\u00e9 de No\u00ebl de Rouen cette ann\u00e9e.\u00a0Et si vous souhaitez donner une nouvelle vie \u00e0 votre argenterie, elle se fera un plaisir de la transformer en pi\u00e8ces originales.<\/p>\n<p class=\"article_photo\" data-num=\"3\"><img decoding=\"async\" alt=\"Depuis maintenant cinq ans, Olivia Lapourr\u00e9 cr\u00e9e des bagues, des bracelets, des colliers et m\u00eame des boucles d'oreilles pr\u00e8s de Rouen. Ses cr\u00e9ations se retrouvent ensuite sur son site internet. Les prix varient entre 39 et 80\u20ac.\" src=\"https:\/\/www.europesays.com\/fr\/wp-content\/uploads\/2025\/11\/2051-tab.jpg\"\/>Depuis maintenant cinq ans, Olivia Lapourr\u00e9 cr\u00e9e des bagues, des bracelets, des colliers et m\u00eame des boucles d&rsquo;oreilles pr\u00e8s de Rouen. Ses cr\u00e9ations se retrouvent ensuite sur son site internet. Les prix varient entre 39 et 80\u20ac.<\/p>\n","protected":false},"excerpt":{"rendered":"L&rsquo;amour des objets anciens se transmet de g\u00e9n\u00e9ration en g\u00e9n\u00e9ration. Olivia Lapourr\u00e9, 34 ans, est issue d&rsquo;une famille&hellip;\n","protected":false},"author":2,"featured_media":531531,"comment_status":"","ping_status":"","sticky":false,"template":"","format":"standard","meta":{"footnotes":""},"categories":[9587],"tags":[1111,11,1777,674,1011,27,12,5161,25,9590],"class_list":{"0":"post-531530","1":"post","2":"type-post","3":"status-publish","4":"format-standard","5":"has-post-thumbnail","7":"category-rouen","8":"tag-actu","9":"tag-actualites","10":"tag-eu","11":"tag-europe","12":"tag-fr","13":"tag-france","14":"tag-news","15":"tag-normandie","16":"tag-republique-francaise","17":"tag-rouen"},"share_on_mastodon":{"url":"https:\/\/pubeurope.com\/@fr\/115542936885206700","error":""},"_links":{"self":[{"href":"https:\/\/www.europesays.com\/fr\/wp-json\/wp\/v2\/posts\/531530","targetHints":{"allow":["GET"]}}],"collection":[{"href":"https:\/\/www.europesays.com\/fr\/wp-json\/wp\/v2\/posts"}],"about":[{"href":"https:\/\/www.europesays.com\/fr\/wp-json\/wp\/v2\/types\/post"}],"author":[{"embeddable":true,"href":"https:\/\/www.europesays.com\/fr\/wp-json\/wp\/v2\/users\/2"}],"replies":[{"embeddable":true,"href":"https:\/\/www.europesays.com\/fr\/wp-json\/wp\/v2\/comments?post=531530"}],"version-history":[{"count":0,"href":"https:\/\/www.europesays.com\/fr\/wp-json\/wp\/v2\/posts\/531530\/revisions"}],"wp:featuredmedia":[{"embeddable":true,"href":"https:\/\/www.europesays.com\/fr\/wp-json\/wp\/v2\/media\/531531"}],"wp:attachment":[{"href":"https:\/\/www.europesays.com\/fr\/wp-json\/wp\/v2\/media?parent=531530"}],"wp:term":[{"taxonomy":"category","embeddable":true,"href":"https:\/\/www.europesays.com\/fr\/wp-json\/wp\/v2\/categories?post=531530"},{"taxonomy":"post_tag","embeddable":true,"href":"https:\/\/www.europesays.com\/fr\/wp-json\/wp\/v2\/tags?post=531530"}],"curies":[{"name":"wp","href":"https:\/\/api.w.org\/{rel}","templated":true}]}}