{"id":531532,"date":"2025-11-13T14:47:13","date_gmt":"2025-11-13T14:47:13","guid":{"rendered":"https:\/\/www.europesays.com\/fr\/531532\/"},"modified":"2025-11-13T14:47:13","modified_gmt":"2025-11-13T14:47:13","slug":"la-cour-dappel-a-rendu-sa-decision","status":"publish","type":"post","link":"https:\/\/www.europesays.com\/fr\/531532\/","title":{"rendered":"la cour d\u2019appel a rendu sa d\u00e9cision"},"content":{"rendered":"<p>                    Par<br \/>\n        <strong><br \/>\n            <a href=\"https:\/\/actu.fr\/auteur\/aurelien-delavaud\" title=\"Consulter tous les articles de Aur\u00e9lien Delavaud\" target=\"_blank\" rel=\"noopener\">Aur\u00e9lien Delavaud<\/a><br \/>\n                    <\/strong><\/p>\n<p>        Publi\u00e9 le<\/p>\n<p>            13 nov. 2025 \u00e0 14h38        <\/p>\n<p>C\u2019est une bataille de perdue, mais pas encore la guerre. Le mercredi 12\u00a0novembre 2025, la mairie de <a href=\"https:\/\/actu.fr\/normandie\/tourville-la-riviere_76705\" target=\"_blank\" rel=\"noopener\">Tourville-la-Rivi\u00e8re (Seine-Maritime)<\/a> l\u2019a appris par le biais de son avocat\u2009: la <b>cour administrative d\u2019appel de Douai<\/b> a rejet\u00e9 son recours, <a href=\"https:\/\/actu.fr\/normandie\/tourville-la-riviere_76705\/grande-aire-des-gens-du-voyage-pres-de-rouen-la-justice-doit-trancher-dans-15-jours_63311075.html\" target=\"_blank\" rel=\"noopener\">apr\u00e8s l\u2019audience du 16\u00a0octobre<\/a>. Traduction\u2009: selon la justice, le pr\u00e9fet de la Seine-Maritime est bien en droit d\u2019imposer la cr\u00e9ation d\u2019une <b>aire de grand passage<\/b> pour les <b>gens du voyage<\/b>. Mais la commune ne compte en rester l\u00e0.<\/p>\n<p>\u00ab\u2009Inacceptable sur le plan d\u00e9mocratique\u2009\u00bb<\/p>\n<p class=\" wall-content\">\u00ab\u2009Forc\u00e9ment, c\u2019est <b>une d\u00e9ception<\/b>. Mais on n\u2019est pas abattu\u2009\u00bb, assure Agn\u00e8s Cercel, la maire de Tourville. Pour l\u2019\u00e9lue, cette d\u00e9cision est conforme \u00e0 la loi, mais elle manque de discernement\u2009: \u00ab\u2009Le juge n\u2019a pas jug\u00e9 si le projet \u00e9tait bien ou pas, mais si le pr\u00e9fet avait le droit ou pas de prendre cette d\u00e9cision.\u2009\u00bb<\/p>\n<blockquote class=\"ac-article-quote wall-content\">\n<p>Il faut rappeler que \u00e7a a \u00e9t\u00e9 d\u00e9cid\u00e9 sans concertation, sans respect de notre voix ou des habitants. Ce que l\u2019on comprend, c\u2019est que le pr\u00e9fet peut faire ce qu\u2019il veut dans notre commune.<\/p>\n<p>Agn\u00e8s Cercel, maire de Tourville-la-Rivi\u00e8re<\/p><\/blockquote>\n<p class=\" wall-content\">Dans un long communiqu\u00e9 de presse, en r\u00e9action \u00e0 cette d\u00e9cision de la cour administrative d\u2019appel, la commune enfonce le clou\u2009: \u00ab\u2009Cette position revient \u00e0 dire que les efforts des communes pour planifier, prot\u00e9ger et <b>am\u00e9nager leur territoire<\/b> peuvent \u00eatre neutralis\u00e9s d\u2019un trait de plume, ce que la municipalit\u00e9 juge inacceptable sur le plan d\u00e9mocratique.\u2009\u00bb<\/p>\n<p>\u00ab\u2009Le combat continue\u2009\u00bb<\/p>\n<p class=\" wall-content\">D\u00e9termin\u00e9e, Agn\u00e8s Cercel assure que pour la mairie et les habitants, \u00ab\u2009le combat continue\u2009\u00bb. Comme elle l\u2019avait d\u00e9j\u00e0 annonc\u00e9 avant m\u00eame l\u2019audience du 16\u00a0octobre, la municipalit\u00e9 et son avocat <a href=\"https:\/\/actu.fr\/normandie\/tourville-la-riviere_76705\/nous-irons-jusquau-conseil-detat-pres-de-rouen-un-nouveau-combat-contre-laire-des-gens-du-voyage_63295596.html\" target=\"_blank\" rel=\"noopener\">vont porter le dossier en cassation<\/a>, devant le <b>Conseil d\u2019\u00c9tat<\/b>. \u00ab\u2009Pour le moment, il reste encore \u00e0 voir comment \u00e7a se fait sur le plan technique\u2009\u00bb, indique l\u2019\u00e9lue.<\/p>\n<p class=\" wall-content\">Le temps de ce recours, m\u00eame si la justice donnait encore une fois raison \u00e0 la pr\u00e9fecture, il ne devrait pas y avoir de pelleteuses et de d\u00e9but des travaux d\u2019am\u00e9nagement avant plusieurs ann\u00e9es. \u00ab\u2009D\u00e9j\u00e0, il faudra bien passer par une D\u00e9claration d\u2019utilit\u00e9 publique (DUP) pour nous <b>exproprier<\/b>, lance la maire. On est encore chez nous, pour l\u2019instant\u2009!\u2009\u00bb<\/p>\n<p class=\" wall-content\">Cette \u00e9ventuelle DUP, la Ville compterait elle aussi la contester avec un recours \u00ab\u2009si le pr\u00e9fet d\u00e9cidait de l\u2019expropriation des parcelles communales concern\u00e9es\u2009\u00bb. Une chose est s\u00fbre, le dossier est loin de se refermer.<\/p>\n<p class=\" wall-content\">Personnalisez votre actualit\u00e9 en ajoutant vos villes et m\u00e9dias en favori avec <a href=\"https:\/\/moncompte.actu.fr\" title=\"D\u00e9couvez Mon Actu\" rel=\"nofollow noopener\" data-trk=\"{&quot;cta&quot;:{&quot;action&quot;:&quot;https:\\\/\\\/moncompte.actu.fr&quot;,&quot;category&quot;:&quot;mon compte&quot;,&quot;from&quot;:&quot;article footer&quot;,&quot;name&quot;:&quot;Mon actu&quot;,&quot;type&quot;:&quot;cta&quot;}}\" target=\"_blank\">Mon Actu<\/a>.<\/p>\n","protected":false},"excerpt":{"rendered":"Par Aur\u00e9lien Delavaud Publi\u00e9 le 13 nov. 2025 \u00e0 14h38 C\u2019est une bataille de perdue, mais pas encore&hellip;\n","protected":false},"author":2,"featured_media":531533,"comment_status":"","ping_status":"","sticky":false,"template":"","format":"standard","meta":{"footnotes":""},"categories":[9587],"tags":[1111,11,1777,674,1011,27,303,12,5161,25,9590,104,1352],"class_list":{"0":"post-531532","1":"post","2":"type-post","3":"status-publish","4":"format-standard","5":"has-post-thumbnail","7":"category-rouen","8":"tag-actu","9":"tag-actualites","10":"tag-eu","11":"tag-europe","12":"tag-fr","13":"tag-france","14":"tag-justice","15":"tag-news","16":"tag-normandie","17":"tag-republique-francaise","18":"tag-rouen","19":"tag-societe","20":"tag-urbanisme"},"share_on_mastodon":{"url":"https:\/\/pubeurope.com\/@fr\/115542940295940129","error":""},"_links":{"self":[{"href":"https:\/\/www.europesays.com\/fr\/wp-json\/wp\/v2\/posts\/531532","targetHints":{"allow":["GET"]}}],"collection":[{"href":"https:\/\/www.europesays.com\/fr\/wp-json\/wp\/v2\/posts"}],"about":[{"href":"https:\/\/www.europesays.com\/fr\/wp-json\/wp\/v2\/types\/post"}],"author":[{"embeddable":true,"href":"https:\/\/www.europesays.com\/fr\/wp-json\/wp\/v2\/users\/2"}],"replies":[{"embeddable":true,"href":"https:\/\/www.europesays.com\/fr\/wp-json\/wp\/v2\/comments?post=531532"}],"version-history":[{"count":0,"href":"https:\/\/www.europesays.com\/fr\/wp-json\/wp\/v2\/posts\/531532\/revisions"}],"wp:featuredmedia":[{"embeddable":true,"href":"https:\/\/www.europesays.com\/fr\/wp-json\/wp\/v2\/media\/531533"}],"wp:attachment":[{"href":"https:\/\/www.europesays.com\/fr\/wp-json\/wp\/v2\/media?parent=531532"}],"wp:term":[{"taxonomy":"category","embeddable":true,"href":"https:\/\/www.europesays.com\/fr\/wp-json\/wp\/v2\/categories?post=531532"},{"taxonomy":"post_tag","embeddable":true,"href":"https:\/\/www.europesays.com\/fr\/wp-json\/wp\/v2\/tags?post=531532"}],"curies":[{"name":"wp","href":"https:\/\/api.w.org\/{rel}","templated":true}]}}