{"id":531536,"date":"2025-11-13T14:49:22","date_gmt":"2025-11-13T14:49:22","guid":{"rendered":"https:\/\/www.europesays.com\/fr\/531536\/"},"modified":"2025-11-13T14:49:22","modified_gmt":"2025-11-13T14:49:22","slug":"que-faire-a-grenoble-ce-week-end-du-14-au-16-novembre-2025-2","status":"publish","type":"post","link":"https:\/\/www.europesays.com\/fr\/531536\/","title":{"rendered":"Que faire \u00e0 Grenoble ce week-end (du 14 au 16 novembre 2025) ?"},"content":{"rendered":"<p>Le programme des animations s&rsquo;annonce riche ce <strong>week-end<\/strong> du <strong>vendredi 14 au dimanche 16 novembre 2025 <\/strong>\u00e0 <strong>Grenoble <\/strong>et dans les communes voisines. Voici la s\u00e9lection de la r\u00e9daction. <\/p>\n<p>Faire le plein de films en avant-premi\u00e8re \u00e0 Saint-Martin-d&rsquo;H\u00e8res <\/p>\n<p>Le cin\u00e9ma <strong>Mon Cin\u00e9<\/strong> \u00e0 <strong>Saint-Martin-d&rsquo;H\u00e8res<\/strong> accueille une nouvelle \u00e9dition du <strong>festival Ecran Total<\/strong> organis\u00e9 par l&rsquo;association Les CE Tissent la Toile jusqu&rsquo;au 17 novembre 2025. Au programme, de nombreux<strong> films en avant-premi\u00e8re<\/strong>. <\/p>\n<p>On citera notamment le film chilien, Le myst\u00e9rieux regard du flamant rose de Diego Cespada dont la sortie nationale est pr\u00e9vue le 18 f\u00e9vrier 2026. Il sera projet\u00e9 vendredi 14 novembre \u00e0 18h30 avec une pr\u00e9sentation des membres du festival Ojoloco. Le m\u00eame soir \u00e0 20h15, le publique pourra encha\u00eener avec Dossier 137 de Dominik Moll. La s\u00e9ance sera suivie du pot d&rsquo;ouverture du festival. <\/p>\n<p>Samedi 15 novembre, un programme de courts-m\u00e9trages pour le jeune public, Premi\u00e8res neiges sera pr\u00e9sent\u00e9 \u00e0 10h30 et le film d&rsquo;animation Olivia, d&rsquo;Irene Iborra (sortie nationale pr\u00e9vue le 21 janvier 2026) sera pr\u00e9sent\u00e9 \u00e0 16h. A 17h30, place au laur\u00e9at du Lion d&rsquo;argent au dernier festival de Venise : La voix de Hind Rajab, de Kaouter Ben Hania, un docu-fiction sur la folie quotidienne du conflit isra\u00e9lo-palestinien. A 19h45, le public pourra voir Ma fr\u00e8re de Lise Akola et Romane Gueret, (sortie nationale le 7 janvier 2026), une com\u00e9die sur une colonie de vacances dans la Dr\u00f4me. <\/p>\n<p>Dimanche 16 novembre, rendez-vous d\u00e8s 10h, pour le documentaire Soul\u00e8vements de Thomas Lacoste, en pr\u00e9sence du premier assistant r\u00e9alisateur, William\u00a0Fujiwara. Un petit-d\u00e9jeuner sera propos\u00e9 d\u00e8s 9h30. A 16h15, place \u00e0 un autre documentaire naturaliste : Le chant des for\u00eats, de Vincent Munier puis \u00e0 18h15, un drame tunisien avec A\u00efssa Ma\u00efga, Promis le ciel, d&rsquo;Ergie Sehiri.\u00a0La s\u00e9ance sera accompagn\u00e9e par des b\u00e9n\u00e9voles de La Cimade et l\u2019Association des Tunisiens de l\u2019Is\u00e8re (ATI) dans le cadre du festival Migrant\u2019sc\u00e8ne. La journ\u00e9e se terminera avec Amour apocalypse d&rsquo;Anne Emond, une com\u00e9die romantique qu\u00e9b\u00e9coise qui sortira en salles le 21 janvier 2026.<\/p>\n<p><strong>Pratique<\/strong> <\/p>\n<p>Festival \u00c9cran Total, Mon Cin\u00e9 \u00e0 Saint-Martin-d&rsquo;H\u00e8res. Renseignements et programme complet : <a href=\"https:\/\/www.lescetissentlatoile.com\/le-programme\/\" rel=\"noopener\" target=\"_blank\">ici<\/a>.<\/p>\n<p>  D\u00e9couvrir un spectacle d\u00e9cal\u00e9 en hommage \u00e0 Jean-S\u00e9bastien Bach \u00e0 Eybens <\/p>\n<p><strong>L&rsquo;Odyss\u00e9e <\/strong>\u00e0 <strong>Eybens <\/strong>programme le <strong>spectacle Come Bach<\/strong>, vendredi 14 novembre \u00e0 20h. Il s&rsquo;agit d&rsquo;un hommage insolite, fantasque, frais et lumineux \u00e0 Jean-S\u00e9bastien Bach. D\u00e9bordant d\u2019\u00e9nergie, le quatuor f\u00e9minin joue, danse, \u00e9change des regards complices et insuffle\u00a0une nouvelle vie aux \u0153uvres du c\u00e9l\u00e8bre compositeur. <\/p>\n<p><strong>Pratique<\/strong> <\/p>\n<p>Spectacle Come Bach, vendredi 14 novemrbe 2025 \u00e0 20h \u00e0 l&rsquo;Odyss\u00e9e, 89 avenue Jean-Jaur\u00e8s \u00e0 Eybens. Tarifs : 5 \u00e0 19 euros. Renseignements et r\u00e9servations : ici.<\/p>\n<p>  Voyager au Chili \u00e0 la rencontre d&rsquo;une des voix les plus singuli\u00e8res du th\u00e9\u00e2tre latino-am\u00e9ricain contemporain \u00e0 la MC2 <\/p>\n<p>La <strong>MC2 <\/strong>de <strong>Grenoble <\/strong>pr\u00e9sente Reminiscencia, vendredi 14 novembre \u00e0 20h. Artiste chilien m\u00ealant intimit\u00e9, m\u00e9moire et technologie, Malicho Vaca Valenzuela s\u2019est impos\u00e9 en France comme l\u2019une des voix les plus singuli\u00e8res du th\u00e9\u00e2tre latino-am\u00e9ricain contemporain.<\/p>\n<p>Clo\u00eetr\u00e9 chez lui pendant le confinement, Malicho Vaca Valenzuela s\u2019est assis devant son ordinateur et a entrepris de collecter les souvenirs d\u2019habitants de Santiago. Son but \u00e9tait alors de raconter l\u2019histoire de son quartier, situ\u00e9 dans le centre de la capitale chilienne. Reminiscencia est devenu un voyage immobile. Dans ce pays qui connut en 2019 une r\u00e9volution populaire majeure et o\u00f9 planent sans cesse les secrets et les traumatismes des ann\u00e9es de dictature, le metteur en sc\u00e8ne, d\u2019un simple clic sur une carte num\u00e9rique, fait surgir les amours myst\u00e9rieuses et les r\u00e9volutions r\u00e9prim\u00e9es, autant de fragments d\u2019une m\u00e9moire individuelle et collective. <\/p>\n<p><strong>Pratique<\/strong> <\/p>\n<p>Reminiscencia, spectacle en espagnol surtitr\u00e9 en fran\u00e7ais et en anglais, \u00e0 voir vendredi 14 novembre \u00e0 20h \u00e0 la MC2 de Grenoble. Renseignements et r\u00e9servations : <a href=\"https:\/\/www.mc2grenoble.fr\/productions\/reminiscencia\/\" rel=\"noopener\" target=\"_blank\">ici<\/a>.\u00a0<\/p>\n<p>  Aller \u00e0 la rencontre des producteurs viticulteurs de l&rsquo;Is\u00e8re \u00e0 Saint-Ismier <img decoding=\"async\" alt=\"\" class=\"img-align-center img-size-limited\" data-zoomable=\"\" height=\"1333\" loading=\"lazy\" src=\"https:\/\/www.europesays.com\/fr\/wp-content\/uploads\/2025\/11\/branch-plant-grape-fruit-berry-flower-799852-pxherecom.jpg\" title=\"\u00a9 PxHere - La 5e \u00e9dition du salon des vins de l'Is\u00e8re se d\u00e9roulera les 15 et 16 novembre 2025 \u00e0 Saint-Ismier.\" width=\"2000\"\/> \u00a9 Pxhere &#8211; La 5e \u00e9dition du salon des vins de l&rsquo;Is\u00e8re se d\u00e9roulera les 15 et 16 novembre 2025 \u00e0 Saint-Ismier. <\/p>\n<p dir=\"ltr\">Le Syndicat des Vins de l\u2019Is\u00e8re organise la 5\u1d49 \u00e9dition du <strong>salon des vins de l&rsquo;Is\u00e8re<\/strong>, samedi 15 et dimanche 16 novembre \u00e0 l\u2019Espace Agora de <strong>Saint-Ismier<\/strong>. <\/p>\n<p>Le th\u00e8me de cette \u00e9dition sera vins d&rsquo;Is\u00e8re et d&rsquo;ailleurs avec plus de <strong>35 exposants <\/strong>r\u00e9unis qui proposeront des d\u00e9gustations. Diff\u00e9rents <strong>ateliers gratuits<\/strong> pour ceux qui ont un billet d&rsquo;entr\u00e9e au salon, sur r\u00e9servation, seront propos\u00e9s durant les deux jours \u00e0 la fois pour les adultes et pour les enfants.<\/p>\n<p><strong>Pratique<\/strong> <\/p>\n<p>Salon des vins de l&rsquo;Is\u00e8re, samedi 15 novembre de 11h \u00e0 20h et dimanche 16 novembre de 10h \u00e0 18h \u00e0 l&rsquo;espace Agora \u00e0 Saint-Ismier. Prix : six euros. Renseignements et r\u00e9servations : <a href=\"https:\/\/sites.google.com\/view\/vin-isere\/nos-salons\/salon-grand-public_1\" rel=\"noopener\" target=\"_blank\">ici<\/a>.<\/p>\n<p>  Plonger dans l&rsquo;histoire industrielle de Grenoble avec l&rsquo;Office de tourisme Grenoble Alpes <img decoding=\"async\" alt=\"\" class=\"img-align-center img-size-limited\" data-zoomable=\"\" height=\"800\" loading=\"lazy\" src=\"https:\/\/www.europesays.com\/fr\/wp-content\/uploads\/2025\/11\/cemoi-c-otgrenoble.jpg\" title=\"\u00a9 OT Grenoble Alpes- L'Office de tourisme organise une visite guid\u00e9e smedi 15 novembre sur le th\u00e8me Histoires d'industrie \u00e0 Grenoble.\" width=\"1200\"\/> \u00a9 OT Grenoble Alpes- L&rsquo;Office de tourisme organise une visite guid\u00e9e smedi 15 novembre sur le th\u00e8me Histoires d&rsquo;industrie \u00e0 Grenoble. <\/p>\n<p>L&rsquo;<strong>Office de tourisme Grenoble Alpes<\/strong> propose une <strong>visite guid\u00e9e<\/strong> sur le th\u00e8me Histoires d&rsquo;industrie, samedi 15 novembre \u00e0 14h30 \u00e0 Grenoble. <\/p>\n<p>Au XIXe, de grandes entreprises telles que Bouchayer-Viallet et Raymond Boutons s\u2019installent entre le chemin de fer et le Drac. Laissez-vous conter l\u2019histoire des fleurons de l\u2019industrie grenobloise au cours d\u2019une d\u00e9ambulation dans le quartier Berriat. <\/p>\n<p><strong>Pratique<\/strong> <\/p>\n<p>Visite guid\u00e9e samedi 15 novembre \u00e0 14h30 avec l&rsquo;Office de tourisme Grenoble Alpes. Tarifs : 6 \u00e0 9 euros. Renseignements et r\u00e9servations au 04 76 42 41 41.<\/p>\n<p>  Danser en musique lors d&rsquo;une soir\u00e9e \u00e0 l&rsquo;ambiance latina \u00e0 la Belle \u00c9lectrique <\/p>\n<p><strong>La Belle \u00c9lectrique<\/strong>, \u00e0 Grenoble, organise une <strong>soir\u00e9e concert <\/strong>sur le th\u00e8me de l&rsquo;<strong>Am\u00e9rique latine <\/strong>samedi 15 novembre \u00e0 partir de 20h.<\/p>\n<p>Au programme : le groupe grenoblois inspir\u00e9 par les musiques traditionnelles d\u2019Am\u00e9rique du sud : <strong>Los Burritos Santos<\/strong> qui chantent en espagnol et en fran\u00e7ais. Puis, place \u00e0 <strong>Chicharron<\/strong>, un quintet qui propose une fusion entre la Chicha p\u00e9ruvienne des ann\u00e9es 60, le Rock progressif des ann\u00e9es 70, les musiques afro-p\u00e9ruviennes comme le Lando et le Festejo et les belles m\u00e9lodies andines. <\/p>\n<p>La soir\u00e9e se poursuivra avec <strong>Kumbia Boruka<\/strong>, un groupe multiculturel de Lyon, compos\u00e9 de huit musiciens originaires du Mexique, du Chili, de l\u2019Argentine et de la France. Enfin, <strong>DJ Felipe<\/strong> fera danser le public jusqu&rsquo;au bout de la nuit Felipe en naviguant les rythmes afro-latinos de la cumbia psych\u00e9d\u00e9lique au global bass. <\/p>\n<p><strong>Pratique<\/strong> <\/p>\n<p>Concert \u00e0 La Belle \u00c9lectrique \u00e0 Grenoble, samedi 15 novembre \u00e0 20h. Tarifs : 18 \u00e0 23 euros. Renseignements et r\u00e9servations : <a href=\"https:\/\/www.la-belle-electrique.com\/fr\/agenda\/los-burritos-release\" rel=\"noopener\" target=\"_blank\">ici<\/a>.<\/p>\n","protected":false},"excerpt":{"rendered":"Le programme des animations s&rsquo;annonce riche ce week-end du vendredi 14 au dimanche 16 novembre 2025 \u00e0 Grenoble&hellip;\n","protected":false},"author":2,"featured_media":531417,"comment_status":"","ping_status":"","sticky":false,"template":"","format":"standard","meta":{"footnotes":""},"categories":[9566],"tags":[1111,11,2430,650,4156,1777,674,3337,1011,27,2731,12,25],"class_list":{"0":"post-531536","1":"post","2":"type-post","3":"status-publish","4":"format-standard","5":"has-post-thumbnail","7":"category-grenoble","8":"tag-actu","9":"tag-actualites","10":"tag-auvergne-rhone-alpes","11":"tag-cinema","12":"tag-concerts","13":"tag-eu","14":"tag-europe","15":"tag-festivals","16":"tag-fr","17":"tag-france","18":"tag-grenoble","19":"tag-news","20":"tag-republique-francaise"},"share_on_mastodon":{"url":"https:\/\/pubeurope.com\/@fr\/115542948410366237","error":""},"_links":{"self":[{"href":"https:\/\/www.europesays.com\/fr\/wp-json\/wp\/v2\/posts\/531536","targetHints":{"allow":["GET"]}}],"collection":[{"href":"https:\/\/www.europesays.com\/fr\/wp-json\/wp\/v2\/posts"}],"about":[{"href":"https:\/\/www.europesays.com\/fr\/wp-json\/wp\/v2\/types\/post"}],"author":[{"embeddable":true,"href":"https:\/\/www.europesays.com\/fr\/wp-json\/wp\/v2\/users\/2"}],"replies":[{"embeddable":true,"href":"https:\/\/www.europesays.com\/fr\/wp-json\/wp\/v2\/comments?post=531536"}],"version-history":[{"count":0,"href":"https:\/\/www.europesays.com\/fr\/wp-json\/wp\/v2\/posts\/531536\/revisions"}],"wp:featuredmedia":[{"embeddable":true,"href":"https:\/\/www.europesays.com\/fr\/wp-json\/wp\/v2\/media\/531417"}],"wp:attachment":[{"href":"https:\/\/www.europesays.com\/fr\/wp-json\/wp\/v2\/media?parent=531536"}],"wp:term":[{"taxonomy":"category","embeddable":true,"href":"https:\/\/www.europesays.com\/fr\/wp-json\/wp\/v2\/categories?post=531536"},{"taxonomy":"post_tag","embeddable":true,"href":"https:\/\/www.europesays.com\/fr\/wp-json\/wp\/v2\/tags?post=531536"}],"curies":[{"name":"wp","href":"https:\/\/api.w.org\/{rel}","templated":true}]}}