{"id":531542,"date":"2025-11-13T14:53:12","date_gmt":"2025-11-13T14:53:12","guid":{"rendered":"https:\/\/www.europesays.com\/fr\/531542\/"},"modified":"2025-11-13T14:53:12","modified_gmt":"2025-11-13T14:53:12","slug":"strasbourg-les-aurores-boreales-observees-depuis-la-robertsau","status":"publish","type":"post","link":"https:\/\/www.europesays.com\/fr\/531542\/","title":{"rendered":"Strasbourg. Les aurores bor\u00e9ales observ\u00e9es depuis la Robertsau"},"content":{"rendered":"<p>C\u2019est un passionn\u00e9 d\u2019astronomie qui nous a fait suivre <a href=\"https:\/\/www.dna.fr\/environnement\/2025\/11\/12\/une-deuxieme-nuit-illuminee-par-les-aurores-boreales-ce-mercredi-soir\" target=\"_blank\" rel=\"nofollow noopener\">ses prises de vues des aurores bor\u00e9ales<\/a> observ\u00e9es depuis la Robertsau. Depuis plusieurs jours, une activit\u00e9 inhabituelle du soleil permet d\u2019apercevoir ce ph\u00e9nom\u00e8ne exceptionnel dans notre r\u00e9gion.<\/p>\n<p>La relative absence de nuages a particip\u00e9 \u00e0 de magnifiques observations\u00a0: \u00ab\u00a0Cette photo de l\u2019aurore bor\u00e9ale du 12\u00a0novembre a \u00e9t\u00e9 prise \u00e0 3 heures du matin \u00e0 la Robertsau, sous un ciel relativement brumeux et un quartier de lune\u00a0\u00bb, indique Julien Quirin, astronome amateur.<\/p>\n<p>  Trois ph\u00e9nom\u00e8nes d\u2019aurores bor\u00e9ales en deux ans<\/p>\n<p>\u00ab\u00a0La couleur rouge \u00e9tait visible sans difficult\u00e9 \u00e0 l\u2019\u0153il nu.\u00a0Bien que l\u2019activit\u00e9 solaire soit globalement sur le d\u00e9clin depuis la fin du mois d\u2019ao\u00fbt\u00a02024, trois puissantes \u00e9ruptions solaires de classe X se sont produites les 9, 10 et 11\u00a0novembre.\u00a0Les ann\u00e9es\u00a02024 et\u00a02025 ont g\u00e9n\u00e9r\u00e9 les trois seules aurores bor\u00e9ales visibles \u00e0 l\u2019\u0153il nu en Alsace depuis 2003, \u00e0 savoir les aurores des 10 et 11\u00a0mai 2024, du 10\u00a0octobre 2024 et du 12\u00a0novembre 2025.\u00a0\u00bb<\/p>\n","protected":false},"excerpt":{"rendered":"C\u2019est un passionn\u00e9 d\u2019astronomie qui nous a fait suivre ses prises de vues des aurores bor\u00e9ales observ\u00e9es depuis&hellip;\n","protected":false},"author":2,"featured_media":531543,"comment_status":"","ping_status":"","sticky":false,"template":"","format":"standard","meta":{"footnotes":""},"categories":[2820],"tags":[1111,11,2880,436,1777,674,107,1011,27,775,12,25,640,2879],"class_list":{"0":"post-531542","1":"post","2":"type-post","3":"status-publish","4":"format-standard","5":"has-post-thumbnail","7":"category-strasbourg","8":"tag-actu","9":"tag-actualites","10":"tag-edition-strasbourg","11":"tag-environnement","12":"tag-eu","13":"tag-europe","14":"tag-fil-info","15":"tag-fr","16":"tag-france","17":"tag-grand-est","18":"tag-news","19":"tag-republique-francaise","20":"tag-strasbourg","21":"tag-strasbourg-ville"},"share_on_mastodon":{"url":"https:\/\/pubeurope.com\/@fr\/115542963203525924","error":""},"_links":{"self":[{"href":"https:\/\/www.europesays.com\/fr\/wp-json\/wp\/v2\/posts\/531542","targetHints":{"allow":["GET"]}}],"collection":[{"href":"https:\/\/www.europesays.com\/fr\/wp-json\/wp\/v2\/posts"}],"about":[{"href":"https:\/\/www.europesays.com\/fr\/wp-json\/wp\/v2\/types\/post"}],"author":[{"embeddable":true,"href":"https:\/\/www.europesays.com\/fr\/wp-json\/wp\/v2\/users\/2"}],"replies":[{"embeddable":true,"href":"https:\/\/www.europesays.com\/fr\/wp-json\/wp\/v2\/comments?post=531542"}],"version-history":[{"count":0,"href":"https:\/\/www.europesays.com\/fr\/wp-json\/wp\/v2\/posts\/531542\/revisions"}],"wp:featuredmedia":[{"embeddable":true,"href":"https:\/\/www.europesays.com\/fr\/wp-json\/wp\/v2\/media\/531543"}],"wp:attachment":[{"href":"https:\/\/www.europesays.com\/fr\/wp-json\/wp\/v2\/media?parent=531542"}],"wp:term":[{"taxonomy":"category","embeddable":true,"href":"https:\/\/www.europesays.com\/fr\/wp-json\/wp\/v2\/categories?post=531542"},{"taxonomy":"post_tag","embeddable":true,"href":"https:\/\/www.europesays.com\/fr\/wp-json\/wp\/v2\/tags?post=531542"}],"curies":[{"name":"wp","href":"https:\/\/api.w.org\/{rel}","templated":true}]}}