{"id":531544,"date":"2025-11-13T14:56:15","date_gmt":"2025-11-13T14:56:15","guid":{"rendered":"https:\/\/www.europesays.com\/fr\/531544\/"},"modified":"2025-11-13T14:56:15","modified_gmt":"2025-11-13T14:56:15","slug":"nice-veut-soumettre-ses-finances-aux-agences-de-notation","status":"publish","type":"post","link":"https:\/\/www.europesays.com\/fr\/531544\/","title":{"rendered":"Nice veut soumettre ses finances aux agences de notation"},"content":{"rendered":"<p>Si Nice s\u2019adressait \u00e0 une agence de notation telle que Fitch, Standard &amp; Poor\u2019s ou encore Moody\u2019s, quelle note serait-elle susceptible d\u2019obtenir\u00a0? C\u2019est la question que la capitale azur\u00e9enne a pos\u00e9 au cabinet de conseils Klopfer, dont l\u2019\u00e9tude a \u00e9t\u00e9 pr\u00e9sent\u00e9e en d\u00e9but de semaine en Commission des Finances. Comme une cinquantaine de collectivit\u00e9s et d\u2019\u00e9tablissements publics locaux fran\u00e7ais d\u00e9j\u00e0 not\u00e9e, parmi lesquels figurent 6 communes (Paris, Marseille, Lyon, Rennes, Strasbourg et Levallois-Perret), la cinqui\u00e8me ville de France envisage de s\u2019inviter sur le march\u00e9 obligataire pour y emprunter directement, sans l\u2019intervention des banques. L\u2019objectif \u00e9tant de b\u00e9n\u00e9ficier de taux d\u2019int\u00e9r\u00eat plus avantageux, \u00ab de -0,20 \u00e0 -0,80 point de pourcentage selon les dur\u00e9es et les \u00e9poques\u00a0\u00bb, indique Christian Escallier, directeur g\u00e9n\u00e9ral du cabinet Klopfer. Qui voit dans cette d\u00e9marche de notation, indispensable pour diversifier ses financeurs, \u00ab\u00a0un int\u00e9r\u00eat r\u00e9el d\u00e8s lors qu\u2019on emprunte quelques millions d\u2019euros, ce qui est le cas de toutes les grandes villes, ne serait-ce que pour financer une partie de leur investissement\u00a0\u00bb. En 2024, Nice a emprunt\u00e9 36 millions d\u2019euros pour 120 millions d\u2019euros investis.<\/p>\n","protected":false},"excerpt":{"rendered":"Si Nice s\u2019adressait \u00e0 une agence de notation telle que Fitch, Standard &amp; Poor\u2019s ou encore Moody\u2019s, quelle&hellip;\n","protected":false},"author":2,"featured_media":531545,"comment_status":"","ping_status":"","sticky":false,"template":"","format":"standard","meta":{"footnotes":""},"categories":[2819],"tags":[17,1111,11,15634,33,1777,674,9467,1011,27,12,2401,14486,882,25,65106,9870],"class_list":{"0":"post-531544","1":"post","2":"type-post","3":"status-publish","4":"format-standard","5":"has-post-thumbnail","7":"category-nice","8":"tag-17","9":"tag-actu","10":"tag-actualites","11":"tag-agences","12":"tag-economie","13":"tag-eu","14":"tag-europe","15":"tag-finances","16":"tag-fr","17":"tag-france","18":"tag-news","19":"tag-nice","20":"tag-notation","21":"tag-provence-alpes-cote-dazur","22":"tag-republique-francaise","23":"tag-soumettre","24":"tag-veut"},"share_on_mastodon":{"url":"https:\/\/pubeurope.com\/@fr\/115542975201400170","error":""},"_links":{"self":[{"href":"https:\/\/www.europesays.com\/fr\/wp-json\/wp\/v2\/posts\/531544","targetHints":{"allow":["GET"]}}],"collection":[{"href":"https:\/\/www.europesays.com\/fr\/wp-json\/wp\/v2\/posts"}],"about":[{"href":"https:\/\/www.europesays.com\/fr\/wp-json\/wp\/v2\/types\/post"}],"author":[{"embeddable":true,"href":"https:\/\/www.europesays.com\/fr\/wp-json\/wp\/v2\/users\/2"}],"replies":[{"embeddable":true,"href":"https:\/\/www.europesays.com\/fr\/wp-json\/wp\/v2\/comments?post=531544"}],"version-history":[{"count":0,"href":"https:\/\/www.europesays.com\/fr\/wp-json\/wp\/v2\/posts\/531544\/revisions"}],"wp:featuredmedia":[{"embeddable":true,"href":"https:\/\/www.europesays.com\/fr\/wp-json\/wp\/v2\/media\/531545"}],"wp:attachment":[{"href":"https:\/\/www.europesays.com\/fr\/wp-json\/wp\/v2\/media?parent=531544"}],"wp:term":[{"taxonomy":"category","embeddable":true,"href":"https:\/\/www.europesays.com\/fr\/wp-json\/wp\/v2\/categories?post=531544"},{"taxonomy":"post_tag","embeddable":true,"href":"https:\/\/www.europesays.com\/fr\/wp-json\/wp\/v2\/tags?post=531544"}],"curies":[{"name":"wp","href":"https:\/\/api.w.org\/{rel}","templated":true}]}}