{"id":531558,"date":"2025-11-13T15:05:15","date_gmt":"2025-11-13T15:05:15","guid":{"rendered":"https:\/\/www.europesays.com\/fr\/531558\/"},"modified":"2025-11-13T15:05:15","modified_gmt":"2025-11-13T15:05:15","slug":"decouvrez-notre-guide-gratuit-des-bonnes-adresses-a-lille","status":"publish","type":"post","link":"https:\/\/www.europesays.com\/fr\/531558\/","title":{"rendered":"D\u00e9couvrez notre guide gratuit des bonnes adresses \u00e0 Lille"},"content":{"rendered":"<p>                    Par<br \/>\n        <strong><br \/>\n            <a href=\"https:\/\/actu.fr\/auteur\/nicolas-demollien\" title=\"Consulter tous les articles de Nicolas Demollien\" target=\"_blank\" rel=\"noopener\">Nicolas Demollien<\/a><br \/>\n                    <\/strong><\/p>\n<p>        Publi\u00e9 le<\/p>\n<p>            13 nov. 2025 \u00e0 14h56        <\/p>\n<p><b>Lille Actu innove<\/b> en cette fin d\u2019ann\u00e9e 2025 avec la sortie de son tout<b> premier guide gratuit des bonnes adresses<\/b> \u00e0 <a href=\"https:\/\/actu.fr\/hauts-de-france\/lille_59350\" target=\"_blank\" rel=\"noopener\">Lille<\/a> (Nord), en lien avec notre service commercial. <b>Disponible dans une centaine de lieux <\/b>de la m\u00e9tropole lilloise, nous vous<b> invitons \u00e9galement \u00e0 le t\u00e9l\u00e9charger et \u00e0 le consulter en ligne<\/b>.<\/p>\n<p>D\u00e9couvrez notre guide gratuit des bonnes adresses \u00e0 Lille<\/p>\n<p class=\" wall-content\">Restaurants incontournables, bars tendance, p\u00e2tisseries artisanales, d\u00eeners-spectacles, commerces alimentaires locaux\u2026 Ce guide a \u00e9t\u00e9 con\u00e7u comme un <b>v\u00e9ritable carnet d\u2019inspirations gourmandes<\/b>, pour vous aider \u00e0 (re)d\u00e9couvrir des lieux et des ambiances pr\u00e8s de chez vous.<\/p>\n<p class=\" wall-content\">Que vous soyez Lillois de toujours, fra\u00eechement install\u00e9 ou simplement de passage, laissez-vous guider par notre s\u00e9lection pour explorer les p\u00e9pites de la m\u00e9tropole.<\/p>\n<p class=\" wall-content\"><b>D\u00e9couvrez notre guide en ligne :\u00a0<\/b><\/p>\n<p class=\" wall-content\">\n<p class=\" wall-content\">Bonne lecture !<\/p>\n<p class=\" wall-content\">Personnalisez votre actualit\u00e9 en ajoutant vos villes et m\u00e9dias en favori avec <a href=\"https:\/\/moncompte.actu.fr\" title=\"D\u00e9couvez Mon Actu\" rel=\"nofollow noopener\" data-trk=\"{&quot;cta&quot;:{&quot;action&quot;:&quot;https:\\\/\\\/moncompte.actu.fr&quot;,&quot;category&quot;:&quot;mon compte&quot;,&quot;from&quot;:&quot;article footer&quot;,&quot;name&quot;:&quot;Mon actu&quot;,&quot;type&quot;:&quot;cta&quot;}}\" target=\"_blank\">Mon Actu<\/a>.<\/p>\n","protected":false},"excerpt":{"rendered":"Par Nicolas Demollien Publi\u00e9 le 13 nov. 2025 \u00e0 14h56 Lille Actu innove en cette fin d\u2019ann\u00e9e 2025&hellip;\n","protected":false},"author":2,"featured_media":531559,"comment_status":"","ping_status":"","sticky":false,"template":"","format":"standard","meta":{"footnotes":""},"categories":[2815],"tags":[1111,11,6557,1777,674,1011,27,811,1307,1652,12,25],"class_list":{"0":"post-531558","1":"post","2":"type-post","3":"status-publish","4":"format-standard","5":"has-post-thumbnail","7":"category-lille","8":"tag-actu","9":"tag-actualites","10":"tag-bon-plan-a-lille","11":"tag-eu","12":"tag-europe","13":"tag-fr","14":"tag-france","15":"tag-hauts-de-france","16":"tag-lille","17":"tag-loisirs-culture","18":"tag-news","19":"tag-republique-francaise"},"share_on_mastodon":{"url":"https:\/\/pubeurope.com\/@fr\/115543010460470467","error":""},"_links":{"self":[{"href":"https:\/\/www.europesays.com\/fr\/wp-json\/wp\/v2\/posts\/531558","targetHints":{"allow":["GET"]}}],"collection":[{"href":"https:\/\/www.europesays.com\/fr\/wp-json\/wp\/v2\/posts"}],"about":[{"href":"https:\/\/www.europesays.com\/fr\/wp-json\/wp\/v2\/types\/post"}],"author":[{"embeddable":true,"href":"https:\/\/www.europesays.com\/fr\/wp-json\/wp\/v2\/users\/2"}],"replies":[{"embeddable":true,"href":"https:\/\/www.europesays.com\/fr\/wp-json\/wp\/v2\/comments?post=531558"}],"version-history":[{"count":0,"href":"https:\/\/www.europesays.com\/fr\/wp-json\/wp\/v2\/posts\/531558\/revisions"}],"wp:featuredmedia":[{"embeddable":true,"href":"https:\/\/www.europesays.com\/fr\/wp-json\/wp\/v2\/media\/531559"}],"wp:attachment":[{"href":"https:\/\/www.europesays.com\/fr\/wp-json\/wp\/v2\/media?parent=531558"}],"wp:term":[{"taxonomy":"category","embeddable":true,"href":"https:\/\/www.europesays.com\/fr\/wp-json\/wp\/v2\/categories?post=531558"},{"taxonomy":"post_tag","embeddable":true,"href":"https:\/\/www.europesays.com\/fr\/wp-json\/wp\/v2\/tags?post=531558"}],"curies":[{"name":"wp","href":"https:\/\/api.w.org\/{rel}","templated":true}]}}