{"id":531560,"date":"2025-11-13T15:06:17","date_gmt":"2025-11-13T15:06:17","guid":{"rendered":"https:\/\/www.europesays.com\/fr\/531560\/"},"modified":"2025-11-13T15:06:17","modified_gmt":"2025-11-13T15:06:17","slug":"baptiste-guyon-de-lac-romorantin-veut-battre-son-record","status":"publish","type":"post","link":"https:\/\/www.europesays.com\/fr\/531560\/","title":{"rendered":"Baptiste Guyon de l\u2019AC Romorantin veut battre son record"},"content":{"rendered":"<p>Apr\u00e8s sa m\u00e9daille d\u2019argent sur 5\u00a0km lors des <a target=\"_self\" href=\"https:\/\/www.lanouvellerepublique.fr\/loir-et-cher\/commune\/vineuil-41\/championnats-de-france-5-km-a-frejus-le-romorantinais-baptiste-guyon-en-argent-pas-de-podium-pour-sa-coequipiere-alice-mitard-1761507617\" rel=\"nofollow noopener\">championnats de France \u00e0 Fr\u00e9jus<\/a> le 26\u00a0octobre, Baptiste Guyon reprend la route. Sur 10\u00a0km cette fois, le licenci\u00e9 de l\u2019AC Romorantin va tenter de battre son record lors de l\u2019Urban Trail de Lille ce samedi 15\u00a0novembre. pour cela, l\u2019athl\u00e8te devra faire mieux que 28&rsquo;14, temps effectu\u00e9 le 12\u00a0janvier 2025 \u00e0 Valence (Espagne).<\/p>\n<p>Le Covid la semaine derni\u00e8re<\/p>\n<p>\u00ab\u00a0Il est en forme cette semaine, beaucoup mieux que la derni\u00e8re\u00a0\u00bb, explique son entra\u00eeneur Richard Ferrand. Pour cause, Baptiste Guyon a souffert du Covid la semaine derni\u00e8re. \u00ab\u00a0On \u00e9tait inquiet, confie l\u2019entra\u00eeneur. Mais il a de bonnes jambes.\u00a0\u00bb<\/p>\n<p>Il faut dire que le Romorantinais a fait une bonne pr\u00e9paration avec un long stage \u00e0 Font-Romeu d\u00e9but\u00e9 juste apr\u00e8s sa deuxi\u00e8me place acquise <a target=\"_self\" href=\"https:\/\/www.lanouvellerepublique.fr\/tours\/10-km-de-tours-bastien-augusto-s-offre-le-triple-jenipher-contois-triomphe-1759075460\" rel=\"nofollow noopener\">\u00e0 Tours<\/a> le 28\u00a0septembre. \u00ab\u00a0On sent que \u00e7a lui a fait du bien et qu\u2019il est beaucoup mieux.\u00a0\u00bb \u00c0 confirmer samedi \u00e0 15\u00a0h.<\/p>\n","protected":false},"excerpt":{"rendered":"Apr\u00e8s sa m\u00e9daille d\u2019argent sur 5\u00a0km lors des championnats de France \u00e0 Fr\u00e9jus le 26\u00a0octobre, Baptiste Guyon reprend&hellip;\n","protected":false},"author":2,"featured_media":531561,"comment_status":"","ping_status":"","sticky":false,"template":"","format":"standard","meta":{"footnotes":""},"categories":[2815],"tags":[1111,11,4132,1777,674,1011,27,811,1307,4368,12,25,9559,7135,60],"class_list":{"0":"post-531560","1":"post","2":"type-post","3":"status-publish","4":"format-standard","5":"has-post-thumbnail","7":"category-lille","8":"tag-actu","9":"tag-actualites","10":"tag-athletisme","11":"tag-eu","12":"tag-europe","13":"tag-fr","14":"tag-france","15":"tag-hauts-de-france","16":"tag-lille","17":"tag-loir-et-cher","18":"tag-news","19":"tag-republique-francaise","20":"tag-romorantin-lanthenay","21":"tag-running","22":"tag-sports"},"share_on_mastodon":{"url":"https:\/\/pubeurope.com\/@fr\/115543014437763126","error":""},"_links":{"self":[{"href":"https:\/\/www.europesays.com\/fr\/wp-json\/wp\/v2\/posts\/531560","targetHints":{"allow":["GET"]}}],"collection":[{"href":"https:\/\/www.europesays.com\/fr\/wp-json\/wp\/v2\/posts"}],"about":[{"href":"https:\/\/www.europesays.com\/fr\/wp-json\/wp\/v2\/types\/post"}],"author":[{"embeddable":true,"href":"https:\/\/www.europesays.com\/fr\/wp-json\/wp\/v2\/users\/2"}],"replies":[{"embeddable":true,"href":"https:\/\/www.europesays.com\/fr\/wp-json\/wp\/v2\/comments?post=531560"}],"version-history":[{"count":0,"href":"https:\/\/www.europesays.com\/fr\/wp-json\/wp\/v2\/posts\/531560\/revisions"}],"wp:featuredmedia":[{"embeddable":true,"href":"https:\/\/www.europesays.com\/fr\/wp-json\/wp\/v2\/media\/531561"}],"wp:attachment":[{"href":"https:\/\/www.europesays.com\/fr\/wp-json\/wp\/v2\/media?parent=531560"}],"wp:term":[{"taxonomy":"category","embeddable":true,"href":"https:\/\/www.europesays.com\/fr\/wp-json\/wp\/v2\/categories?post=531560"},{"taxonomy":"post_tag","embeddable":true,"href":"https:\/\/www.europesays.com\/fr\/wp-json\/wp\/v2\/tags?post=531560"}],"curies":[{"name":"wp","href":"https:\/\/api.w.org\/{rel}","templated":true}]}}