{"id":531566,"date":"2025-11-13T15:09:12","date_gmt":"2025-11-13T15:09:12","guid":{"rendered":"https:\/\/www.europesays.com\/fr\/531566\/"},"modified":"2025-11-13T15:09:12","modified_gmt":"2025-11-13T15:09:12","slug":"forum-de-lentrepreneuriat-par-la-cci-lyon-metropole-au-palais-de-la-bourse-a-lyon","status":"publish","type":"post","link":"https:\/\/www.europesays.com\/fr\/531566\/","title":{"rendered":"Forum de l\u2019Entrepreneuriat par la CCI Lyon M\u00e9tropole au Palais de la Bourse \u00e0 Lyon"},"content":{"rendered":"<p>Rendez-vous mardi 25 novembre 2025 d\u00e8s 9h, au Palais de la Bourse \u00e0 Lyon.<\/p>\n<p>Le Forum de l&rsquo;Entrepreneuriat revient au Palais de la Bourse le mardi 25 novembre 2025, pour une journ\u00e9e d\u00e9di\u00e9e \u00e0 toutes celles et ceux qui entreprennent, cr\u00e9ent, d\u00e9veloppent ou reprennent une entreprise. Organis\u00e9 par la CCI Lyon M\u00e9tropole Saint-\u00c9tienne Roanne, cet \u00e9v\u00e9nement propose un concentr\u00e9 d&rsquo;ateliers, de rencontres et de conseils pour aider chaque porteur de projet \u00e0 passer de l&rsquo;id\u00e9e \u00e0 l&rsquo;action.<\/p>\n<p>Quatre villages pour avancer \u00e0 son rythme<\/p>\n<p>Vous pourrez vous orienter en fonction de l&rsquo;avancement de vos projets, gr\u00e2ce aux diff\u00e9rents \u201cVillages\u201d, qui r\u00e9uniront l&rsquo;ensemble des acteurs de l&rsquo;accompagnement entrepreneurial :<br \/>&#8211; Village D\u00e9marrage <br \/>&#8211; Village Pr\u00e9visions financi\u00e8res <br \/>&#8211; Village Finalisation<br \/>&#8211; Village D\u00e9but d&rsquo;activit\u00e9<\/p>\n<p>Plusieurs ateliers pratiques seront propos\u00e9s sur inscription. <\/p>\n<p>Th\u00e9matique 2025 : \u201cL&rsquo;entrepreneuriat magnifique\u201d<\/p>\n<p>Chaque ann\u00e9e, le forum s&rsquo;articule autour d&rsquo;une th\u00e9matique fil rouge pour donner une direction structurante et coh\u00e9rente \u00e0 l&rsquo;\u00e9v\u00e9nement, et soulever des enjeux sp\u00e9cifiques li\u00e9s \u00e0 l&rsquo;entrepreneuriat. Pour cette \u00e9dition 2025, \u00ab l&rsquo;entrepreneuriat magnifique \u00bb explore une vision renouvel\u00e9e de la r\u00e9ussite entrepreneuriale, o\u00f9 la cr\u00e9ativit\u00e9, l&rsquo;innovation et l&rsquo;engagement humain sont au c\u0153ur des strat\u00e9gies de d\u00e9veloppement. La vision cr\u00e9ative, la volont\u00e9 de se d\u00e9passer, la capacit\u00e9 \u00e0 innover, l&rsquo;acceptation de l&rsquo;\u00e9chec et la passion sont autant de facteurs qui rapprochent l&rsquo;artiste de l&rsquo;entrepreneur.<\/p>\n<p>Rendez-vous mardi 25 novembre 2025 d\u00e8s 9h, au Palais de la Bourse \u00e0 Lyon<\/p>\n<p>Infos pratiques :<br \/>&#8211; Adresse : Palais de la Bourse, Place de la Bourse \u2013 Lyon 2e<br \/>&#8211; Tarifs : Entr\u00e9e gratuite sur inscription<\/p>\n<p>Plus d&rsquo;infos et inscription sur le site <a class=\"url\" href=\"https:\/\/lyon.forumdelentrepreneuriat.com\/pourquoi-venir-au-forum\" target=\"_blank\" rel=\"noopener\">lyon.forumdelentrepreneuriat.com<\/a><\/p>\n<p>Radio SCOOP est partenaire de l&rsquo;\u00e9v\u00e8nement<\/p>\n<tr>\n<td class=\"defaut\"><a href=\"https:\/\/www.radioscoop.com\/agenda\/javascript:void(0)\" onclick=\"parent.RS.diaporama.addMedia(714252) ;\" target=\"_blank\" rel=\"noopener\"><img loading=\"lazy\" decoding=\"async\" src=\"https:\/\/www.europesays.com\/fr\/wp-content\/uploads\/2025\/11\/1763046552_73_img\" width=\"451\" height=\"640\" border=\"0\" title=\"Forum de l'Entrepreneuriat par la CCI Lyon M\u00e9tropole\"\/><\/a><\/td>\n<\/tr>\n<p><\/p>\n","protected":false},"excerpt":{"rendered":"Rendez-vous mardi 25 novembre 2025 d\u00e8s 9h, au Palais de la Bourse \u00e0 Lyon. Le Forum de l&rsquo;Entrepreneuriat&hellip;\n","protected":false},"author":2,"featured_media":531567,"comment_status":"","ping_status":"","sticky":false,"template":"","format":"standard","meta":{"footnotes":""},"categories":[1889],"tags":[1111,11,2430,65108,65107,15271,1777,674,5556,1011,27,2428,12,25],"class_list":{"0":"post-531566","1":"post","2":"type-post","3":"status-publish","4":"format-standard","5":"has-post-thumbnail","7":"category-lyon","8":"tag-actu","9":"tag-actualites","10":"tag-auvergne-rhone-alpes","11":"tag-cci-lyon-mtropole","12":"tag-entreprenariats","13":"tag-entrepreneurs","14":"tag-eu","15":"tag-europe","16":"tag-forum","17":"tag-fr","18":"tag-france","19":"tag-lyon","20":"tag-news","21":"tag-republique-francaise"},"share_on_mastodon":{"url":"https:\/\/pubeurope.com\/@fr\/115543027144382829","error":""},"_links":{"self":[{"href":"https:\/\/www.europesays.com\/fr\/wp-json\/wp\/v2\/posts\/531566","targetHints":{"allow":["GET"]}}],"collection":[{"href":"https:\/\/www.europesays.com\/fr\/wp-json\/wp\/v2\/posts"}],"about":[{"href":"https:\/\/www.europesays.com\/fr\/wp-json\/wp\/v2\/types\/post"}],"author":[{"embeddable":true,"href":"https:\/\/www.europesays.com\/fr\/wp-json\/wp\/v2\/users\/2"}],"replies":[{"embeddable":true,"href":"https:\/\/www.europesays.com\/fr\/wp-json\/wp\/v2\/comments?post=531566"}],"version-history":[{"count":0,"href":"https:\/\/www.europesays.com\/fr\/wp-json\/wp\/v2\/posts\/531566\/revisions"}],"wp:featuredmedia":[{"embeddable":true,"href":"https:\/\/www.europesays.com\/fr\/wp-json\/wp\/v2\/media\/531567"}],"wp:attachment":[{"href":"https:\/\/www.europesays.com\/fr\/wp-json\/wp\/v2\/media?parent=531566"}],"wp:term":[{"taxonomy":"category","embeddable":true,"href":"https:\/\/www.europesays.com\/fr\/wp-json\/wp\/v2\/categories?post=531566"},{"taxonomy":"post_tag","embeddable":true,"href":"https:\/\/www.europesays.com\/fr\/wp-json\/wp\/v2\/tags?post=531566"}],"curies":[{"name":"wp","href":"https:\/\/api.w.org\/{rel}","templated":true}]}}