{"id":531568,"date":"2025-11-13T15:10:14","date_gmt":"2025-11-13T15:10:14","guid":{"rendered":"https:\/\/www.europesays.com\/fr\/531568\/"},"modified":"2025-11-13T15:10:14","modified_gmt":"2025-11-13T15:10:14","slug":"metropole-de-lyon-prendre-soin-de-soi-de-facon-plus-saine-et-ethique-avec-le-salon-zen-et-bio","status":"publish","type":"post","link":"https:\/\/www.europesays.com\/fr\/531568\/","title":{"rendered":"M\u00e9tropole de Lyon. Prendre soin de soi de fa\u00e7on plus saine et \u00e9thique avec le Salon zen et bio"},"content":{"rendered":"<p>Durant trois jours, pr\u00e8s de 10\u00a0000 visiteurs sont attendus \u00e0 Eurexpo Lyon, du vendredi\u00a014 au dimanche 16\u00a0novembre, pour une manifestation dont l\u2019acc\u00e8s est gratuit (en t\u00e9l\u00e9chargeant son invitation \u00e0 l\u2019avance).<\/p>\n<p>Cette ann\u00e9e encore, le Salon zen et bio, ce sont plus de 110 exposants qui permettront de d\u00e9couvrir des solutions pour adopter un mode de vie plus sain et \u00e9thique en prenant soin de soi et de sa famille. De nombreux domaines sont r\u00e9unis\u00a0: mode, b\u00e2timent, alimentation, beaut\u00e9, am\u00e9nagement, et bien d\u2019autres encore.<\/p>\n<p>  Conf\u00e9rences, ateliers, animations\u2026<\/p>\n<p>Comme <a href=\"https:\/\/www.leprogres.fr\/culture-loisirs\/2024\/11\/15\/trois-jours-pour-decouvrir-un-mode-de-vie-ethique-ecolo-et-responsable-au-salon-zen-bio\" target=\"_blank\" rel=\"noopener\">chaque ann\u00e9e<\/a>, les visiteurs pourront profiter des nombreuses nouveaut\u00e9s du salon comme la nouvelle animation \u201cescapade bio &amp; gourmande\u201d\u00a0: une exp\u00e9rience sensorielle, un voyage gustatif de 1\u00a0h\u00a015 faisant intervenir plusieurs exposants sur un espace d\u00e9di\u00e9, pour d\u00e9couvrir, go\u00fbter et comprendre autrement les produits du salon. Le village des \u201cP\u2019tits Nouveaux\u201d accueillera \u00e9galement des jeunes entreprises innovantes.<\/p>\n<p>Le programme pr\u00e9voit \u00e9galement des conf\u00e9rences, des ateliers bien-\u00eatre, des animations cr\u00e9atives\u2026<\/p>\n<p class=\"note\">Salon zen et bio, \u00e0 Eurexpo, Hall 2.1 C, boulevard de l\u2019Europe, Chassieu, vendredi\u00a014 et samedi\u00a015, de 10 \u00e0 19 heures, ainsi que dimanche 16\u00a0novembre, de 10 \u00e0 18 heures. Infos et t\u00e9l\u00e9chargement invitations\u00a0: <a href=\"https:\/\/www.salon-zenetbio.com\/lyon\/\" target=\"_blank\" rel=\"noopener\">https:\/\/www.salon-zenetbio.com\/lyon<\/a><\/p>\n","protected":false},"excerpt":{"rendered":"Durant trois jours, pr\u00e8s de 10\u00a0000 visiteurs sont attendus \u00e0 Eurexpo Lyon, du vendredi\u00a014 au dimanche 16\u00a0novembre, pour&hellip;\n","protected":false},"author":2,"featured_media":531569,"comment_status":"","ping_status":"","sticky":false,"template":"","format":"standard","meta":{"footnotes":""},"categories":[1889],"tags":[1111,11,2430,35980,1687,3152,1777,674,1685,1011,27,2428,12,18283,25],"class_list":{"0":"post-531568","1":"post","2":"type-post","3":"status-publish","4":"format-standard","5":"has-post-thumbnail","7":"category-lyon","8":"tag-actu","9":"tag-actualites","10":"tag-auvergne-rhone-alpes","11":"tag-chassieu","12":"tag-culture-loisirs","13":"tag-edition-est-lyonnais","14":"tag-eu","15":"tag-europe","16":"tag-foire-et-salon","17":"tag-fr","18":"tag-france","19":"tag-lyon","20":"tag-news","21":"tag-plaine-de-lest","22":"tag-republique-francaise"},"share_on_mastodon":{"url":"https:\/\/pubeurope.com\/@fr\/115543030035437945","error":""},"_links":{"self":[{"href":"https:\/\/www.europesays.com\/fr\/wp-json\/wp\/v2\/posts\/531568","targetHints":{"allow":["GET"]}}],"collection":[{"href":"https:\/\/www.europesays.com\/fr\/wp-json\/wp\/v2\/posts"}],"about":[{"href":"https:\/\/www.europesays.com\/fr\/wp-json\/wp\/v2\/types\/post"}],"author":[{"embeddable":true,"href":"https:\/\/www.europesays.com\/fr\/wp-json\/wp\/v2\/users\/2"}],"replies":[{"embeddable":true,"href":"https:\/\/www.europesays.com\/fr\/wp-json\/wp\/v2\/comments?post=531568"}],"version-history":[{"count":0,"href":"https:\/\/www.europesays.com\/fr\/wp-json\/wp\/v2\/posts\/531568\/revisions"}],"wp:featuredmedia":[{"embeddable":true,"href":"https:\/\/www.europesays.com\/fr\/wp-json\/wp\/v2\/media\/531569"}],"wp:attachment":[{"href":"https:\/\/www.europesays.com\/fr\/wp-json\/wp\/v2\/media?parent=531568"}],"wp:term":[{"taxonomy":"category","embeddable":true,"href":"https:\/\/www.europesays.com\/fr\/wp-json\/wp\/v2\/categories?post=531568"},{"taxonomy":"post_tag","embeddable":true,"href":"https:\/\/www.europesays.com\/fr\/wp-json\/wp\/v2\/tags?post=531568"}],"curies":[{"name":"wp","href":"https:\/\/api.w.org\/{rel}","templated":true}]}}