{"id":531570,"date":"2025-11-13T15:12:35","date_gmt":"2025-11-13T15:12:35","guid":{"rendered":"https:\/\/www.europesays.com\/fr\/531570\/"},"modified":"2025-11-13T15:12:35","modified_gmt":"2025-11-13T15:12:35","slug":"un-hopital-fantome-en-vente-pour-1-euro-une-course-poursuite-folle-dans-les-rues-linfo-en-ile-de-france","status":"publish","type":"post","link":"https:\/\/www.europesays.com\/fr\/531570\/","title":{"rendered":"Un h\u00f4pital fant\u00f4me en vente pour 1 euro, une course-poursuite folle dans les rues&#8230; l&rsquo;info en Ile-de-France"},"content":{"rendered":"<p>                    Par<br \/>\n        <strong><br \/>\n            <a href=\"https:\/\/actu.fr\/auteur\/jerome-lemonnier\" title=\"Consulter tous les articles de J\u00e9r\u00f4me Lemonnier\" target=\"_blank\" rel=\"noopener\">J\u00e9r\u00f4me Lemonnier<\/a><br \/>\n                    <\/strong><\/p>\n<p>        Publi\u00e9 le<\/p>\n<p>            13 nov. 2025 \u00e0 12h32        <\/p>\n<p>Ils font partie du paysage. \u00c0\u00a0<a href=\"https:\/\/actu.fr\/ile-de-france\/follainville-dennemont_78239\" target=\"_blank\" rel=\"noopener\">Follainville-Dennemont<\/a>\u00a0(Yvelines), un ancien service de soins de suite et de r\u00e9adaptation, b\u00e2ti en 1970, et un \u00e9tablissement d\u2019h\u00e9bergement pour personnes \u00e2g\u00e9es d\u00e9pendantes (Ehpad), construit en 1958, sont\u00a0<b>\u00e0 l\u2019abandon<\/b>\u00a0depuis 2015, date de la fermeture des deux \u00e9tablissements.<\/p>\n<p class=\" wall-content\">Quinze minutes de crissements de pneus. Quinze minutes de rugissements de moteurs. Quinze minutes d\u2019ill\u00e9galit\u00e9. Mardi 11\u00a0novembre 2025, un jeune homme de 21\u00a0ans<strong>\u00a0a\u00a0<a href=\"https:\/\/actu.fr\/tag\/refus-d-obtemperer\" target=\"_blank\" rel=\"noopener\">refus\u00e9 d\u2019obtemp\u00e9rer<\/a>\u00a0lors d\u2019un contr\u00f4le<\/strong>\u00a0\u00e0\u00a0<a href=\"https:\/\/actu.fr\/ile-de-france\/rueil-malmaison_92063\" target=\"_blank\" rel=\"noopener\">Rueil-Malmaison<\/a>\u00a0dans les\u00a0<a href=\"https:\/\/actu.fr\/ile-de-france\/hauts-de-seine_92\" target=\"_blank\" rel=\"noopener\">Hauts-de-Seine<\/a>, nous indique des sources polici\u00e8res. S\u2019est ensuivie une course-poursuite o\u00f9 le chauffard a tout tent\u00e9 pour \u00e9chapper aux forces de l\u2019ordre. Aucun bless\u00e9 n\u2019est \u00e0 d\u00e9plorer.<\/p>\n<p class=\" wall-content\">C\u2019est une bataille en justice acharn\u00e9e que la ville de\u00a0<a href=\"https:\/\/actu.fr\/ile-de-france\/morsang-sur-orge_91434\" target=\"_blank\" rel=\"noopener\">Morsang-sur-Orge<\/a>\u00a0(<a href=\"https:\/\/actu.fr\/essonne\/\" target=\"_blank\" rel=\"noopener\">Essonne<\/a>) a perdu contre un promoteur\u00a0<a href=\"https:\/\/actu.fr\/tag\/immobilier\" target=\"_blank\" rel=\"noopener\">immobilier<\/a>.<br \/>Dans une ordonnance en date du 26\u00a0septembre 2025 et qui vient d\u2019\u00eatre rendue publique, le\u00a0<strong>Conseil d\u2019\u00c9tat<\/strong>\u00a0a\u00a0<strong>d\u00e9bout\u00e9<\/strong>\u00a0la\u00a0<strong>maire<\/strong>\u00a0de la commune, qui persistait dans son\u00a0<strong>refus<\/strong>\u00a0de\u00a0<strong>d\u00e9livrer<\/strong>\u00a0un\u00a0<strong>permis<\/strong>\u00a0de\u00a0<strong>construire<\/strong>\u00a0\u00e0 une soci\u00e9t\u00e9 civile immobili\u00e8re de construction-vente souhaitant faire \u00e9riger\u00a0<strong>trois immeubles<\/strong>\u00a0de quarante-quatre\u00a0<a href=\"https:\/\/actu.fr\/tag\/logement\" target=\"_blank\" rel=\"noopener\">logements<\/a>.<\/p>\n<p class=\" wall-content\"><b>Un drame familial\u00a0<\/b>et une c\u00e9r\u00e9monie du 11-Novembre\u00a02025 quelque peu perturb\u00e9e \u00e0\u00a0<a href=\"https:\/\/actu.fr\/ile-de-france\/combs-la-ville_77122\" target=\"_blank\" rel=\"noopener\">Combs-la-Ville<\/a>, en\u00a0<a href=\"https:\/\/actu.fr\/la-republique-de-seine-et-marne\/\" target=\"_blank\" rel=\"noopener\">Seine-et-Marne<\/a>. En tout d\u00e9but de matin\u00e9e, \u00e0 proximit\u00e9 du rassemblement pour la comm\u00e9moration,\u00a0<b>une femme<\/b>\u00a0de 37\u00a0ans\u00a0<b>s\u2019\u00e9chappait<\/b>\u00a0de l\u2019appartement de son ex-compagnon\u00a0<b>en sautant du balcon<\/b>\u00a0de la r\u00e9sidence de la Closerie. \u00ab\u2009Elle s\u2019est r\u00e9fugi\u00e9e chez un voisin et a alert\u00e9 la police\u2009\u00bb, indique le procureur de<a href=\"https:\/\/actu.fr\/ile-de-france\/melun_77288\" target=\"_blank\" rel=\"noopener\">\u00a0Melun<\/a>, Jean-Michel Bourl\u00e8s.<\/p>\n<p class=\" wall-content\">C\u2019est un terrain de 4 000 m2\u00a0situ\u00e9\u00a0<b>chemin de Pontoise<\/b>, \u00e0\u00a0<a href=\"https:\/\/actu.fr\/ile-de-france\/pierrelaye_95488\" target=\"_blank\" rel=\"noopener\">Pierrelaye\u00a0<\/a>(<a href=\"https:\/\/actu.fr\/la-gazette-du-val-d-oise\/\" target=\"_blank\" rel=\"noopener\">Val-d\u2019Oise<\/a>), \u00e0 c\u00f4t\u00e9 d\u2019un immense champ. Sur le trottoir d\u2019en face, c\u2019est\u00a0<a href=\"https:\/\/actu.fr\/ile-de-france\/herblay-sur-seine_95306\" target=\"_blank\" rel=\"noopener\">Herblay-sur-Seine<\/a>. Maison, mobil-home, caravanes : ici vivent plusieurs familles de la communaut\u00e9 des<b>\u00a0gens du voyage<\/b>. Des gens s\u00e9dentaris\u00e9s.<\/p>\n<p>Les informations \u00e0 retenir ce jeudi 13 novembre 2025, \u00e0 midi, en \u00cele-de-France<\/p>\n<p class=\"expresso-item wall-content\"><strong>Yvelines. <\/strong><a title=\"Lire l&#039;article\" href=\"https:\/\/actu.fr\/ile-de-france\/follainville-dennemont_78239\/cet-hopital-fantome-des-yvelines-va-etre-vendu-pour-un-euro-symbolique_63421585.html\" target=\"_blank\" rel=\"noopener\"><strong>Cet h\u00f4pital fant\u00f4me va \u00eatre vendu pour un euro symbolique<\/strong><\/a><br \/>Un accord de principe a \u00e9t\u00e9 conclu entre l\u2019h\u00f4pital de Mantes-la-Jolie et l\u2019EPFIF pour la cession de l\u2019ancien centre de soins situ\u00e9 \u00e0 Follainville-Dennemont (Yvelines).\u00a0<\/p>\n<p class=\"expresso-item wall-content\"><strong>Hauts-de-Seine. <\/strong><a title=\"Lire l&#039;article\" href=\"https:\/\/actu.fr\/ile-de-france\/rueil-malmaison_92063\/course-folle-dans-les-hauts-de-seine-il-manque-de-renverser-un-enfant-et-fonce-sur-les-policiers_63430859.html\" target=\"_blank\" rel=\"noopener\"><strong>Course folle : il manque de renverser un enfant et fonce sur les policiers<\/strong><\/a><br \/>Un jeune homme de 21 ans a refus\u00e9 d\u2019obtemp\u00e9rer \u00e0 Rueil-Malmaison mardi 11 novembre 2025. Pendant 15 minutes, il s\u2019est livr\u00e9 \u00e0 une course folle dans quatre communes.<\/p>\n<p class=\"expresso-item wall-content\"><strong>Essonne. <\/strong><a title=\"Lire l&#039;article\" href=\"https:\/\/actu.fr\/ile-de-france\/morsang-sur-orge_91434\/cette-ville-de-l-essonne-perd-sa-bataille-en-justice-contre-un-promoteur-souhaitant-construire-trois-immeubles_63426769.html\" target=\"_blank\" rel=\"noopener\"><strong>Cette ville perd sa bataille en justice contre un promoteur souhaitant construire trois immeubles<\/strong><\/a><br \/>Le Conseil d\u2019\u00c9tat a d\u00e9bout\u00e9 la maire de Morsang-sur-Orge qui refusait de d\u00e9livrer un permis de construire \u00e0 un promoteur immobilier pour trois immeubles de 44 logements.<\/p>\n<p class=\"expresso-item wall-content\"><strong>Seine-et-Marne. <\/strong><a title=\"Lire l&#039;article\" href=\"https:\/\/actu.fr\/ile-de-france\/combs-la-ville_77122\/seine-et-marne-violee-et-sequestree-elle-sechappe-de-lappartement-de-son-ex-conjoint-apres-un-meurtre_63430199.html\" target=\"_blank\" rel=\"noopener\"><strong>Viol\u00e9e et s\u00e9questr\u00e9e, elle s\u2019\u00e9chappe de l\u2019appartement de son ex-conjoint, apr\u00e8s un meurtre<\/strong><\/a><br \/>Une femme s\u2019est \u00e9chapp\u00e9e d\u2019un appartement de Combs-la-Ville, o\u00f9 elle \u00e9tait s\u00e9questr\u00e9e avec son fils, par son ex-conjoint, tueur de son nouveau compagnon. Le suspect a \u00e9t\u00e9 arr\u00eat\u00e9.<\/p>\n<p class=\"expresso-item wall-content\"><strong>Val-d\u2019Oise. <\/strong><a title=\"Lire l&#039;article\" href=\"https:\/\/actu.fr\/ile-de-france\/pierrelaye_95488\/val-doise-menaces-dexpropriation-a-cause-du-projet-de-foret-ces-gens-du-voyage-veulent-rester-chez-eux_63425799.html\" target=\"_blank\" rel=\"noopener\"><strong>Menac\u00e9s d\u2019expropriation \u00e0 cause du projet de for\u00eat, ces gens du voyage veulent rester chez eux<\/strong><\/a><br \/>Leur avocat d\u00e9nonce une situation \u00ab absurde \u00bb mais le Smapp, qui porte le projet de for\u00eat, promet une relocalisation \u00ab dans de meilleures conditions qu\u2019actuellement \u00bb.<\/p>\n<p>Nous suivre<\/p>\n<p class=\" wall-content wall-content\">Suivez-nous pour en savoir plus\u2009! Vous voulez plus d\u2019infos sur l\u2019\u00cele-de-France\u2009? Vous pouvez nous retrouver sur actu \u00cele-de-France. Pour nous suivre sur les r\u00e9seaux sociaux, dans vos d\u00e9partements\u2009:<\/p>\n<p class=\" wall-content wall-content\"><b>Paris<\/b>\u2009: retrouvez\u00a0actu\u00a0Paris\u00a0sur\u00a0<a href=\"https:\/\/www.facebook.com\/actufr.paris\/\" target=\"_blank\" rel=\"noopener\">Facebook<\/a>\u00a0et\u00a0<a href=\"https:\/\/twitter.com\/actufrparis\" target=\"_blank\" rel=\"noopener\">Twitter<\/a>\u2009;<br \/><b>Seine-et-Marne<\/b>\u2009: retrouvez\u00a0La R\u00e9publique de Seine-et-Marne\u00a0(sud) sur\u00a0<a href=\"https:\/\/www.facebook.com\/RepubliqueSeineMarne\/\" target=\"_blank\" rel=\"noopener\">Facebook<\/a>\u00a0et\u00a0<a href=\"https:\/\/twitter.com\/LaRep77\" target=\"_blank\" rel=\"noopener\">Twitter<\/a>\u2009;\u00a0La Marne\u00a0(nord) sur\u00a0<a href=\"https:\/\/www.facebook.com\/journallarmarne\/?__tn__=%2Cd%2CP-R&amp;eid=ARDLZc91LaHbXzDwChLLLQJVMBLx_ABJremTC2-RG0CYvg0f4f8CLvbV5G1Lli4g_6QoXDcKkU1_LX1W\" target=\"_blank\" rel=\"noopener\">Facebook<\/a>\u00a0et\u00a0<a href=\"https:\/\/twitter.com\/JournalLaMarne\" target=\"_blank\" rel=\"noopener\">Twitter<\/a>\u2009; et\u00a0Le Pays Briard\u00a0sur\u00a0<a href=\"https:\/\/www.facebook.com\/LePaysBriard\/?ref=bookmarks\" target=\"_blank\" rel=\"noopener\">Facebook<\/a>\u00a0et\u00a0<a href=\"https:\/\/twitter.com\/LePaysBriard\" target=\"_blank\" rel=\"noopener\">Twitter<\/a>\u2009;<br \/><b>Yvelines\u2009:<\/b>\u00a0retrouvez\u00a078actu\u00a0sur\u00a0<a href=\"https:\/\/www.facebook.com\/78actu\/\" target=\"_blank\" rel=\"noopener\">Facebook<\/a>\u00a0et\u00a0<a href=\"https:\/\/x.com\/78actu\">Twitter<\/a>\u2009;<br \/><b>Essonne\u2009:<\/b>\u00a0retrouvez\u00a0actu Essonne\u00a0sur\u00a0<a href=\"https:\/\/www.facebook.com\/actuessonne\/?ref=br_rs\" target=\"_blank\" rel=\"noopener\">Facebook<\/a>\u00a0et\u00a0<a href=\"https:\/\/twitter.com\/ActuEssonne\" target=\"_blank\" rel=\"noopener\">Twitter<\/a>\u2009;<br \/><b>Hauts-de-Seine\u2009:<\/b>\u00a0retrouvez\u00a0actu\u00a0Hauts-de-Seine\u00a0sur\u00a0<a href=\"https:\/\/www.facebook.com\/actufr.hautsdeseine\/\" target=\"_blank\" rel=\"noopener\">Facebook<\/a>\u00a0et\u00a0<a href=\"https:\/\/twitter.com\/actufr92\" target=\"_blank\" rel=\"noopener\">Twitter<\/a>\u2009;<br \/><b>Seine-Saint-Denis\u2009:<\/b>\u00a0retrouvez actu Seine-Saint-Denis sur\u00a0<a href=\"https:\/\/www.facebook.com\/actufr.seinesaintdenis\/\" target=\"_blank\" rel=\"noopener\">Facebook<\/a>\u00a0et\u00a0<a href=\"https:\/\/x.com\/Actufr93\">Twitter<\/a>\u2009;<br \/><b>Val-de-Marne\u2009:\u00a0<\/b>retrouvez actu Val-de-Marne sur\u00a0<a href=\"https:\/\/www.facebook.com\/actu94.valdemarne\/\" target=\"_blank\" rel=\"noopener\">Facebook<\/a>\u00a0et\u00a0<a href=\"https:\/\/x.com\/actufr94\">Twitter<\/a>\u2009;<br \/><b>Val-d\u2019Oise\u2009:<\/b>\u00a0retrouvez La Gazette du Val-d\u2019Oise sur\u00a0<a href=\"https:\/\/x.com\/actufr94\">Twitter<\/a><\/p>\n<p class=\" wall-content\">Personnalisez votre actualit\u00e9 en ajoutant vos villes et m\u00e9dias en favori avec <a href=\"https:\/\/moncompte.actu.fr\" title=\"D\u00e9couvez Mon Actu\" rel=\"nofollow noopener\" data-trk=\"{&quot;cta&quot;:{&quot;action&quot;:&quot;https:\\\/\\\/moncompte.actu.fr&quot;,&quot;category&quot;:&quot;mon compte&quot;,&quot;from&quot;:&quot;article footer&quot;,&quot;name&quot;:&quot;Mon actu&quot;,&quot;type&quot;:&quot;cta&quot;}}\" target=\"_blank\">Mon Actu<\/a>.<\/p>\n<p>                    <script async src=\"https:\/\/platform.twitter.com\/widgets.js\" charset=\"utf-8\"><\/script><\/p>\n","protected":false},"excerpt":{"rendered":"Par J\u00e9r\u00f4me Lemonnier Publi\u00e9 le 13 nov. 2025 \u00e0 12h32 Ils font partie du paysage. \u00c0\u00a0Follainville-Dennemont\u00a0(Yvelines), un ancien&hellip;\n","protected":false},"author":2,"featured_media":531571,"comment_status":"","ping_status":"","sticky":false,"template":"","format":"standard","meta":{"footnotes":""},"categories":[1592],"tags":[1111,11,1777,674,1011,27,3381,662,12,626,1072,25,104],"class_list":{"0":"post-531570","1":"post","2":"type-post","3":"status-publish","4":"format-standard","5":"has-post-thumbnail","7":"category-ile-de-france","8":"tag-actu","9":"tag-actualites","10":"tag-eu","11":"tag-europe","12":"tag-fr","13":"tag-france","14":"tag-gendarmerie","15":"tag-ile-de-france","16":"tag-news","17":"tag-paris","18":"tag-police","19":"tag-republique-francaise","20":"tag-societe"},"share_on_mastodon":{"url":"https:\/\/pubeurope.com\/@fr\/115543037956747570","error":""},"_links":{"self":[{"href":"https:\/\/www.europesays.com\/fr\/wp-json\/wp\/v2\/posts\/531570","targetHints":{"allow":["GET"]}}],"collection":[{"href":"https:\/\/www.europesays.com\/fr\/wp-json\/wp\/v2\/posts"}],"about":[{"href":"https:\/\/www.europesays.com\/fr\/wp-json\/wp\/v2\/types\/post"}],"author":[{"embeddable":true,"href":"https:\/\/www.europesays.com\/fr\/wp-json\/wp\/v2\/users\/2"}],"replies":[{"embeddable":true,"href":"https:\/\/www.europesays.com\/fr\/wp-json\/wp\/v2\/comments?post=531570"}],"version-history":[{"count":0,"href":"https:\/\/www.europesays.com\/fr\/wp-json\/wp\/v2\/posts\/531570\/revisions"}],"wp:featuredmedia":[{"embeddable":true,"href":"https:\/\/www.europesays.com\/fr\/wp-json\/wp\/v2\/media\/531571"}],"wp:attachment":[{"href":"https:\/\/www.europesays.com\/fr\/wp-json\/wp\/v2\/media?parent=531570"}],"wp:term":[{"taxonomy":"category","embeddable":true,"href":"https:\/\/www.europesays.com\/fr\/wp-json\/wp\/v2\/categories?post=531570"},{"taxonomy":"post_tag","embeddable":true,"href":"https:\/\/www.europesays.com\/fr\/wp-json\/wp\/v2\/tags?post=531570"}],"curies":[{"name":"wp","href":"https:\/\/api.w.org\/{rel}","templated":true}]}}