{"id":531579,"date":"2025-11-13T15:19:11","date_gmt":"2025-11-13T15:19:11","guid":{"rendered":"https:\/\/www.europesays.com\/fr\/531579\/"},"modified":"2025-11-13T15:19:11","modified_gmt":"2025-11-13T15:19:11","slug":"charente-maritime-lambassadeur-de-russie-sinvite-sur-lile-doleron","status":"publish","type":"post","link":"https:\/\/www.europesays.com\/fr\/531579\/","title":{"rendered":"Charente-Maritime. L\u2019ambassadeur de Russie s\u2019invite sur l\u2019\u00eele d\u2019Ol\u00e9ron"},"content":{"rendered":"<p><strong>David Labardin<\/strong><\/p>\n<p>Les d\u00e9placements diplomatiques de la Russie ne sont \u00e9videmment pas l\u00e9gion en ce moment. C\u2019est pourtant sur l\u2019\u00eele d\u2019Ol\u00e9ron que l\u2019ambassade de Russie a d\u00e9cid\u00e9 de se rendre lundi 24\u202fnovembre en fin de matin\u00e9e. Une c\u00e9r\u00e9monie s\u2019y tiendra en pr\u00e9sence de l\u2019ambassadeur Alexey Meshkov et de la cheffe du service culturel, Natalia Khantsevich. Une information que nous confirme Anton Tokovinin, l\u2019attach\u00e9 culturel de l\u2019ambassade \u00e0 Paris\u2009: \u00ab\u00a0Ce sera un d\u00e9p\u00f4t de gerbes au cimeti\u00e8re de Saint-Pierre d\u2019Ol\u00e9ron pour honorer la m\u00e9moire&#8230;<\/p>\n","protected":false},"excerpt":{"rendered":"David Labardin Les d\u00e9placements diplomatiques de la Russie ne sont \u00e9videmment pas l\u00e9gion en ce moment. C\u2019est pourtant&hellip;\n","protected":false},"author":2,"featured_media":531580,"comment_status":"","ping_status":"","sticky":false,"template":"","format":"standard","meta":{"footnotes":""},"categories":[1591],"tags":[11,1887,12,1885,1886,132],"class_list":{"0":"post-531579","1":"post","2":"type-post","3":"status-publish","4":"format-standard","5":"has-post-thumbnail","7":"category-russie","8":"tag-actualites","9":"tag-federation-de-russie","10":"tag-news","11":"tag-russia","12":"tag-russian-federation","13":"tag-russie"},"share_on_mastodon":{"url":"https:\/\/pubeurope.com\/@fr\/115543065478858456","error":""},"_links":{"self":[{"href":"https:\/\/www.europesays.com\/fr\/wp-json\/wp\/v2\/posts\/531579","targetHints":{"allow":["GET"]}}],"collection":[{"href":"https:\/\/www.europesays.com\/fr\/wp-json\/wp\/v2\/posts"}],"about":[{"href":"https:\/\/www.europesays.com\/fr\/wp-json\/wp\/v2\/types\/post"}],"author":[{"embeddable":true,"href":"https:\/\/www.europesays.com\/fr\/wp-json\/wp\/v2\/users\/2"}],"replies":[{"embeddable":true,"href":"https:\/\/www.europesays.com\/fr\/wp-json\/wp\/v2\/comments?post=531579"}],"version-history":[{"count":0,"href":"https:\/\/www.europesays.com\/fr\/wp-json\/wp\/v2\/posts\/531579\/revisions"}],"wp:featuredmedia":[{"embeddable":true,"href":"https:\/\/www.europesays.com\/fr\/wp-json\/wp\/v2\/media\/531580"}],"wp:attachment":[{"href":"https:\/\/www.europesays.com\/fr\/wp-json\/wp\/v2\/media?parent=531579"}],"wp:term":[{"taxonomy":"category","embeddable":true,"href":"https:\/\/www.europesays.com\/fr\/wp-json\/wp\/v2\/categories?post=531579"},{"taxonomy":"post_tag","embeddable":true,"href":"https:\/\/www.europesays.com\/fr\/wp-json\/wp\/v2\/tags?post=531579"}],"curies":[{"name":"wp","href":"https:\/\/api.w.org\/{rel}","templated":true}]}}