{"id":531586,"date":"2025-11-13T15:23:21","date_gmt":"2025-11-13T15:23:21","guid":{"rendered":"https:\/\/www.europesays.com\/fr\/531586\/"},"modified":"2025-11-13T15:23:21","modified_gmt":"2025-11-13T15:23:21","slug":"france-allemagne-un-nouveau-train-de-nuit-reliera-paris-a-berlin-au-printemps","status":"publish","type":"post","link":"https:\/\/www.europesays.com\/fr\/531586\/","title":{"rendered":"France-Allemagne. Un nouveau train de nuit reliera Paris \u00e0 Berlin au printemps"},"content":{"rendered":"<p>Il sera de nouveau possible de voyager de Paris \u00e0 Berlin la nuit. Mercredi, la compagnie n\u00e9erlando-belge European Sleeper veut lancer un train de nuit trihebdomadaire le 26\u00a0mars 2026, sur le m\u00eame mod\u00e8le de celui qui circule actuellement entre Bruxelles, Amsterdam ou encore Berlin. De quoi compenser la suppression des trains de nuit SNCF et \u00d6BB Paris-Berlin et Paris-Prague \u00e0 partir de mi-d\u00e9cembre. Mais ce sera sans halte par Strasbourg.<\/p>\n","protected":false},"excerpt":{"rendered":"Il sera de nouveau possible de voyager de Paris \u00e0 Berlin la nuit. Mercredi, la compagnie n\u00e9erlando-belge European&hellip;\n","protected":false},"author":2,"featured_media":531587,"comment_status":"","ping_status":"","sticky":false,"template":"","format":"standard","meta":{"footnotes":""},"categories":[1587],"tags":[11,672,1804,1805,1803,1777,674,1801,12,1802,1806,640,2803],"class_list":{"0":"post-531586","1":"post","2":"type-post","3":"status-publish","4":"format-standard","5":"has-post-thumbnail","7":"category-allemagne","8":"tag-actualites","9":"tag-allemagne","10":"tag-bundesrepublik-deutschland","11":"tag-de","12":"tag-deutschland","13":"tag-eu","14":"tag-europe","15":"tag-germany","16":"tag-news","17":"tag-republique-federale-dallemagne","18":"tag-rheinblick","19":"tag-strasbourg","20":"tag-transport"},"share_on_mastodon":{"url":"https:\/\/pubeurope.com\/@fr\/115543081930609367","error":""},"_links":{"self":[{"href":"https:\/\/www.europesays.com\/fr\/wp-json\/wp\/v2\/posts\/531586","targetHints":{"allow":["GET"]}}],"collection":[{"href":"https:\/\/www.europesays.com\/fr\/wp-json\/wp\/v2\/posts"}],"about":[{"href":"https:\/\/www.europesays.com\/fr\/wp-json\/wp\/v2\/types\/post"}],"author":[{"embeddable":true,"href":"https:\/\/www.europesays.com\/fr\/wp-json\/wp\/v2\/users\/2"}],"replies":[{"embeddable":true,"href":"https:\/\/www.europesays.com\/fr\/wp-json\/wp\/v2\/comments?post=531586"}],"version-history":[{"count":0,"href":"https:\/\/www.europesays.com\/fr\/wp-json\/wp\/v2\/posts\/531586\/revisions"}],"wp:featuredmedia":[{"embeddable":true,"href":"https:\/\/www.europesays.com\/fr\/wp-json\/wp\/v2\/media\/531587"}],"wp:attachment":[{"href":"https:\/\/www.europesays.com\/fr\/wp-json\/wp\/v2\/media?parent=531586"}],"wp:term":[{"taxonomy":"category","embeddable":true,"href":"https:\/\/www.europesays.com\/fr\/wp-json\/wp\/v2\/categories?post=531586"},{"taxonomy":"post_tag","embeddable":true,"href":"https:\/\/www.europesays.com\/fr\/wp-json\/wp\/v2\/tags?post=531586"}],"curies":[{"name":"wp","href":"https:\/\/api.w.org\/{rel}","templated":true}]}}