{"id":531594,"date":"2025-11-13T15:27:16","date_gmt":"2025-11-13T15:27:16","guid":{"rendered":"https:\/\/www.europesays.com\/fr\/531594\/"},"modified":"2025-11-13T15:27:16","modified_gmt":"2025-11-13T15:27:16","slug":"un-incendie-detruit-24-vehicules-electriques-sur-le-parking-de-la-concession-tesla-aux-pennes-mirabeau","status":"publish","type":"post","link":"https:\/\/www.europesays.com\/fr\/531594\/","title":{"rendered":"Un incendie d\u00e9truit 24 v\u00e9hicules \u00e9lectriques sur le parking de la concession Tesla aux Pennes-Mirabeau"},"content":{"rendered":"<p>Ce jeudi 13\u00a0novembre, vers 3h du matin, pr\u00e8s de 50 <a href=\"https:\/\/www.laprovence.com\/article\/faits-divers-justice\/31311681331377\/deux-morts-dans-une-collision-entre-deux-voitures-a-vitrolles-un-homme-en-garde-a-vue\" target=\"_blank\" rel=\"noopener\">sapeurs-pompiers des\u00a0Bouches-du-Rh\u00f4ne<\/a> ont lutt\u00e9 contre un feu urbain de 24 v\u00e9hicules \u00e9lectriques sur le parking de la concession Tesla,<strong> <\/strong>dans la <a href=\"https:\/\/www.laprovence.com\/article\/region\/7881141288061214\/le-futur-centre-de-donnees-des-pennes-mirabeau-suscite-lopposition-jusqua-la-commune-voisine-de-saint-victoret\" target=\"_blank\" rel=\"noopener\">zone d\u2019activit\u00e9s des Sybilles<\/a>, aux <a href=\"https:\/\/www.laprovence.com\/article\/societe\/46573108693324\/un-data-center-geant-pourrait-bientot-voir-le-jour-aux-pennes-mirabeau\" target=\"_blank\" rel=\"noopener\">Pennes-Mirabeau<\/a>. Si les voitures sont quasiment toutes enti\u00e8rement calcin\u00e9es, l\u2019intervention rapide et massive des pompiers a permis de pr\u00e9server le b\u00e2timent attenant et 50 v\u00e9hicules \u00e0 proximit\u00e9.<\/p>\n<p>Fort heureusement, il n\u2019y a aucune victime. L\u2019origine de l\u2019incendie est inconnue. L\u2019intervention s\u2019est termin\u00e9e vers 6h30 du matin. Lors de notre passage ce matin sur les lieux, on pouvait encore sentir les odeurs de fum\u00e9e et de feu. La police \u00e9tait sur place pour mener l\u2019enqu\u00eate. Malgr\u00e9 le feu, la concession a ouvert ses portes.<\/p>\n","protected":false},"excerpt":{"rendered":"Ce jeudi 13\u00a0novembre, vers 3h du matin, pr\u00e8s de 50 sapeurs-pompiers des\u00a0Bouches-du-Rh\u00f4ne ont lutt\u00e9 contre un feu urbain&hellip;\n","protected":false},"author":2,"featured_media":531595,"comment_status":"","ping_status":"","sticky":false,"template":"","format":"standard","meta":{"footnotes":""},"categories":[2],"tags":[17,11,10568,7787,8401,274,1011,27,1310,12,16025,25,3356,7727],"class_list":{"0":"post-531594","1":"post","2":"type-post","3":"status-publish","4":"format-standard","5":"has-post-thumbnail","7":"category-actualites","8":"tag-17","9":"tag-actualites","10":"tag-concession","11":"tag-detruit","12":"tag-electriques","13":"tag-faits-divers-justice","14":"tag-fr","15":"tag-france","16":"tag-incendie","17":"tag-news","18":"tag-parking","19":"tag-republique-francaise","20":"tag-sur","21":"tag-vehicules"},"share_on_mastodon":{"url":"https:\/\/pubeurope.com\/@fr\/115543097007019767","error":""},"_links":{"self":[{"href":"https:\/\/www.europesays.com\/fr\/wp-json\/wp\/v2\/posts\/531594","targetHints":{"allow":["GET"]}}],"collection":[{"href":"https:\/\/www.europesays.com\/fr\/wp-json\/wp\/v2\/posts"}],"about":[{"href":"https:\/\/www.europesays.com\/fr\/wp-json\/wp\/v2\/types\/post"}],"author":[{"embeddable":true,"href":"https:\/\/www.europesays.com\/fr\/wp-json\/wp\/v2\/users\/2"}],"replies":[{"embeddable":true,"href":"https:\/\/www.europesays.com\/fr\/wp-json\/wp\/v2\/comments?post=531594"}],"version-history":[{"count":0,"href":"https:\/\/www.europesays.com\/fr\/wp-json\/wp\/v2\/posts\/531594\/revisions"}],"wp:featuredmedia":[{"embeddable":true,"href":"https:\/\/www.europesays.com\/fr\/wp-json\/wp\/v2\/media\/531595"}],"wp:attachment":[{"href":"https:\/\/www.europesays.com\/fr\/wp-json\/wp\/v2\/media?parent=531594"}],"wp:term":[{"taxonomy":"category","embeddable":true,"href":"https:\/\/www.europesays.com\/fr\/wp-json\/wp\/v2\/categories?post=531594"},{"taxonomy":"post_tag","embeddable":true,"href":"https:\/\/www.europesays.com\/fr\/wp-json\/wp\/v2\/tags?post=531594"}],"curies":[{"name":"wp","href":"https:\/\/api.w.org\/{rel}","templated":true}]}}