{"id":531598,"date":"2025-11-13T15:29:24","date_gmt":"2025-11-13T15:29:24","guid":{"rendered":"https:\/\/www.europesays.com\/fr\/531598\/"},"modified":"2025-11-13T15:29:24","modified_gmt":"2025-11-13T15:29:24","slug":"fleetwood-encore-la-mcilroy-dans-un-fauteuil-pour-la-race-les-francais-dans-le-dur","status":"publish","type":"post","link":"https:\/\/www.europesays.com\/fr\/531598\/","title":{"rendered":"Fleetwood encore l\u00e0, McIlroy dans un fauteuil pour la Race, les Fran\u00e7ais dans le dur"},"content":{"rendered":"<p>\t\t\t\t\t\t<img width=\"770\" height=\"557\" src=\"https:\/\/www.europesays.com\/fr\/wp-content\/uploads\/2025\/11\/rorydpdubai-770x557.jpg\" class=\"img-responsive wp-post-image\" alt=\"\" decoding=\"async\" fetchpriority=\"high\"  \/>\t\t\t\t\t<\/p>\n<p>\t\t\t\t\t\t Partager cet article <\/p>\n<p class=\"screen-reader-text juiz_sps_maybe_hidden_text\">Partager la publication \u00ab\u00a0Fleetwood encore l\u00e0, McIlroy dans un fauteuil pour la Race, les Fran\u00e7ais dans le dur\u00a0\u00bb<\/p>\n<p><strong>Battu en playoff \u00e0 Abu Dhabi, Tommy Fleetwood est une fois encore aux avant-postes apr\u00e8s 18 trous \u00e0 Duba\u00ef. Deuxi\u00e8me \u00e0 -7 (65), l\u2019Anglais est seulement devanc\u00e9 par l\u2019Am\u00e9ricain Michael Kim, impressionnant avec son 64 (-8) inaugural. Auteur d\u2019un premier 66 (-6), Rory McIlroy est d\u00e9j\u00e0 3e ex aequo et virtuellement vainqueur de la Race 2025. Martin Couvra et Adrien Saddier, 43es \u00e0 +1, ont eu beaucoup plus de mal sur le Earth Course du DP World Tour Championship.<\/strong><\/p>\n<p>\t\t\t\t\t<a id=\"190593\" href=\"https:\/\/leclub-golf.sumupstore.com\/\" target=\"_blank\" rel=\"sponsorised nofollow noopener\"><img decoding=\"async\" src=\"data:image\/svg+xml,%3Csvg%20xmlns=\" http:=\"\" class=\"img-responsive\" alt=\"\" data-lazy-src=\"https:\/\/www.europesays.com\/fr\/wp-content\/uploads\/2025\/11\/leclubgolf-e13-coffrets-cadeaux-1170x275-1.png\"\/><\/a><\/p>\n<p><strong>L.V.<\/strong><\/p>\n<p>Pas franchement impressionn\u00e9 par cette premi\u00e8re en finale de la Race, <strong>Michael Kim<\/strong> a frapp\u00e9 un grand coup ce jeudi sur le <strong>Earth Course<\/strong> du <strong>Jumeirah Golf Estates<\/strong>, h\u00f4te depuis la cr\u00e9ation du <strong>DP World Tour Championship<\/strong> en 2009\u00a0 venant ici boucler la saison du Tour europ\u00e9en. L\u2019Am\u00e9ricain du <strong>PGA Tour<\/strong>, <a href=\"https:\/\/www.golfplanete.com\/actualites\/michael-kim-prive-jeong-weon-ko-de-la-victoire-a-st-nom-la-breteche\/\" target=\"_blank\" rel=\"noopener nofollow\">vainqueur du FedEx Open de France le 21 septembre \u00e0 St-Nom-la-Bret\u00e8che (78)<\/a>, s\u2019offre tout bonnement les commandes du tournoi gr\u00e2ce \u00e0 un sublime 64 (-8) sans le moindre bogey<\/p>\n<p><a href=\"https:\/\/www.europeantour.com\/dpworld-tour\/dp-world-tour-championship-2025\/leaderboard?round=2\" target=\"_blank\" rel=\"noopener nofollow\">Retrouvez le classement complet et les tee times du 2e tour<\/a><\/p>\n<p>\u00ab\u00a0Tout s\u2019est tr\u00e8s bien pass\u00e9, souffle l\u2019actuel 36e joueur mondial. J\u2019ai r\u00e9ussi \u00e0 toucher le fairway \u00e0 plusieurs reprises, j\u2019ai tr\u00e8s bien jou\u00e9 avec mes fers et j\u2019ai pu rentrer quelques putts. Avec mon coach, on a fait une petite s\u00e9ance FaceTime lundi soir, et \u00e7a a tr\u00e8s bien fonctionn\u00e9. Je suis tr\u00e8s content d\u2019\u00eatre l\u00e0. Personnellement, j\u2019appr\u00e9cie beaucoup les voyages. Cela me permet de d\u00e9couvrir des pays \u00e0 la fois diff\u00e9rents et fantastiques. Le PGA Tour se d\u00e9roule principalement aux \u00c9tats-Unis, ce qui est formidable, mais venir dans des endroits comme Abu Dhabi, Duba\u00ef, en France, ou encore l\u2019Inde, c\u2019est g\u00e9nial. \u00bb<\/p>\n<blockquote data-service=\"twitter\" data-category=\"marketing\" data-placeholder-image=\"https:\/\/www.golfplanete.com\/wp-content\/plugins\/complianz-gdpr-premium\/assets\/images\/placeholders\/twitter-minimal.jpg\" class=\"cmplz-placeholder-element twitter-tweet\"><p>&#13;<\/p>\n<p dir=\"ltr\" lang=\"en\">Another birdie, thanks to this approach shot at the par 5 14th!<a href=\"https:\/\/twitter.com\/hashtag\/DPWTC?src=hash&amp;ref_src=twsrc%5Etfw\" rel=\"nofollow noopener\" target=\"_blank\">#DPWTC<\/a> | <a href=\"https:\/\/twitter.com\/hashtag\/RolexSeries?src=hash&amp;ref_src=twsrc%5Etfw\" rel=\"nofollow noopener\" target=\"_blank\">#RolexSeries<\/a> <a href=\"https:\/\/t.co\/xyGrDcHE5U\" rel=\"nofollow\">https:\/\/t.co\/xyGrDcHE5U<\/a> <a href=\"https:\/\/t.co\/llmpZGTHjs\" rel=\"nofollow\">pic.twitter.com\/llmpZGTHjs<\/a><\/p>\n<p>&#13;<br \/>\n&#13;<br \/>\n\u2014 DP World Tour (@DPWorldTour) <a href=\"https:\/\/twitter.com\/DPWorldTour\/status\/1988927814213705755?ref_src=twsrc%5Etfw\" rel=\"nofollow noopener\" target=\"_blank\">November 13, 2025<\/a><\/p><\/blockquote>\n<p>&#13;<br \/>\nIl s\u2019\u00e9lancera en derni\u00e8re partie ce vendredi (\u00e0 12h40 locale, 9h40 en France) en compagnie de <strong>Tommy Fleetwood<\/strong>, d\u00e9cid\u00e9ment dans tous les bons coups depuis son sacre au <strong>Tour Championship<\/strong>, sur le PGA Tour. Battu dimanche dernier en playoff par <strong>Aaron Rai<\/strong> \u00e0 l\u2019<strong>Abu Dhabi HSBC Championship<\/strong>, l\u2019Anglais a d\u00e9livr\u00e9 de nouveau un golf de tr\u00e8s haut niveau, suffisant en tout cas pour prendre seul la 2e place du tournoi avec son 65 (-7) sans rature, lui non plus.<\/p>\n<p>\u00ab\u00a0J\u2019ai l\u2019impression que c\u2019\u00e9tait une tr\u00e8s bonne journ\u00e9e, r\u00e9sume le 4e mondial qui \u00e9volue \u00e0 la maison cette semaine puisque son Acad\u00e9mie de golf se situe au fond du practice de ce Jumeirah Golf Estates. Je ne pensais pas que ce serait si facile. Il fallait pourtant sortir quelques coups vraiment exigeants sur le retour\u2026 J\u2019ai trouv\u00e9 un tr\u00e8s bon rythme. J\u2019ai jou\u00e9 aussi bien que je l\u2019ai fait de toute l\u2019ann\u00e9e. C\u2019\u00e9tait une excellente journ\u00e9e pour le drive.\u00a0Oui, 65, c\u2019est un tr\u00e8s bon score. Comme je l\u2019ai dit, il y avait beaucoup de coups difficiles et certains drapeaux \u00e9taient bien plac\u00e9s. J\u2019ai r\u00e9ussi deux ou trois bons coups pour sauver le par, ce qui est essentiel.\u00a0\u00bb<\/p>\n<blockquote data-service=\"twitter\" data-category=\"marketing\" data-placeholder-image=\"https:\/\/www.golfplanete.com\/wp-content\/plugins\/complianz-gdpr-premium\/assets\/images\/placeholders\/twitter-minimal.jpg\" class=\"cmplz-placeholder-element twitter-tweet\"><p>&#13;<\/p>\n<p dir=\"ltr\" lang=\"en\">So close to a McIlroy hole-in-one! <a href=\"https:\/\/twitter.com\/hashtag\/DPWTC?src=hash&amp;ref_src=twsrc%5Etfw\" rel=\"nofollow noopener\" target=\"_blank\">#DPWTC<\/a> | <a href=\"https:\/\/twitter.com\/hashtag\/RolexSeries?src=hash&amp;ref_src=twsrc%5Etfw\" rel=\"nofollow noopener\" target=\"_blank\">#RolexSeries<\/a> <a href=\"https:\/\/t.co\/Ib96HDJMhN\" rel=\"nofollow\">pic.twitter.com\/Ib96HDJMhN<\/a><\/p>\n<p>&#13;<br \/>\n&#13;<br \/>\n\u2014 DP World Tour (@DPWorldTour) <a href=\"https:\/\/twitter.com\/DPWorldTour\/status\/1988933244163879148?ref_src=twsrc%5Etfw\" rel=\"nofollow noopener\" target=\"_blank\">November 13, 2025<\/a><\/p><\/blockquote>\n<p>&#13;<br \/>\nConvoqu\u00e9 en derni\u00e8re partie \u00e0 12h40 locale (9h40 en France), <strong>Rory McIlroy<\/strong> a lui aussi d\u00e9marr\u00e9 pied au plancher ce tournoi qu\u2019il a remport\u00e9 d\u00e9j\u00e0 \u00e0 trois reprises (2012, 15 et 24). Associ\u00e9 \u00e0 <strong>Marco Penge<\/strong>, le Nord-Irlandais a rapidement pris l\u2019ascendant sur l\u2019Anglais avec trois birdies r\u00e9ussis sur ses trois premiers trous avant de partir \u00e0 la faute (la seule fois de la journ\u00e9e) au 4. Tr\u00e8s solide avec ses fers mais aussi putter en mains sur un parcours qu\u2019il connait par c\u0153ur, Rory McIloy a ajout\u00e9 quatre autres birdies entre le 7 et le 14 pour se caler en troisi\u00e8me position \u00e0 -6 (66) en compagnie d\u2019<strong>Andy Sullivan<\/strong> et <strong>Thriston Lawrence<\/strong>.<\/p>\n<p>Race 2025 : Hatton garde un l\u00e9ger espoir<\/p>\n<p>Cette entame lui assure virtuellement la Race 2025, sa septi\u00e8me, la quatri\u00e8me cons\u00e9cutive. En effet, seuls Marco Penge et <strong>Tyrrell Hatton<\/strong> sont <a href=\"https:\/\/www.golfplanete.com\/actualites\/que-doivent-faire-couvra-pour-aller-sur-le-pga-tour-et-penge-pour-depasser-mcilroy-a-dubai\/\" target=\"_blank\" rel=\"noopener nofollow\">en mesure de contrer le n\u00b02 mondial dans cette qu\u00eate<\/a>. Pour cela, Penge se doit de l\u2019emporter et voir en m\u00eame temps McIlroy ne pas faire mieux qu\u2019une 4e place. Hatton, lui, 3e de la Race ce jeudi matin, est oblig\u00e9 de gagner dimanche et esp\u00e9rer voir \u00e0 la fois McIlroy et Penge finir respectivement au-del\u00e0 de la 8e place et de la 2e place\u2026<\/p>\n<p>46e \u00e0 +2 (74), Penge semble d\u2019ores et d\u00e9j\u00e0 hors course. 22e \u00e0 -2 (70), Hatton est encore dans le coup. Mais ses chances de r\u00e9ussir ce pari fou sont de moins en moins grandes.<\/p>\n<p>Couvra et Saddier en difficult\u00e9\u2026<\/p>\n<p>A l\u2019image de Marco Penge, encore malade en d\u00e9but de semaine et clairement \u00e9teint face \u00e0 la maestria de McIlroy, <a href=\"https:\/\/www.golfplanete.com\/actualites\/martin-couvra-jai-mal-joue-mais-les-birdies-sont-faisables-sur-ce-parcours\/\" target=\"_blank\" rel=\"noopener nofollow\">Martin Couvra<\/a> et <strong>Adrien Saddier<\/strong> sont, eux aussi, pass\u00e9s \u00e0 c\u00f4t\u00e9 de ce premier tour. Leur \u00ab bapt\u00eame du feu \u00bb \u00e0 Duba\u00ef dans cette finale. Les deux seuls fran\u00e7ais engag\u00e9s dans cette \u00e9dition 2025 ont ainsi rendu la m\u00eame carte de 73 (+1). Ils s\u2019envoleront dans ce 2e tour \u00e0 dix minutes d\u2019intervalle : 8h45 (5h45 en France) pour Saddier (avec le Sud-Africain <strong>Shaun Norris<\/strong>), 8h55 (5h55 en France) pour Couvra (avec l\u2019Anglais Aaron Rai).<\/p>\n<p>\t\t\t\t\t<a id=\"190113\" href=\"https:\/\/abacussportswear.com\/en\/france\" target=\"_blank\" rel=\"sponsorised nofollow noopener\"><img decoding=\"async\" src=\"data:image\/svg+xml,%3Csvg%20xmlns=\" http:=\"\" class=\"img-responsive\" alt=\"\" data-lazy-src=\"https:\/\/www.europesays.com\/fr\/wp-content\/uploads\/2025\/10\/abacus-e06-portrush-1170x275-1.gif\"\/><\/a><br \/>\nLe leaderboard<\/p>\n<p><img loading=\"lazy\" decoding=\"async\" class=\"alignnone wp-image-191559 size-large\" src=\"data:image\/svg+xml,%3Csvg%20xmlns=\" http:=\"\" alt=\"\" width=\"770\" height=\"533\" data-lazy- data-lazy- data-lazy-src=\"https:\/\/www.europesays.com\/fr\/wp-content\/uploads\/2025\/11\/capture1dp-2-770x533.png\"\/><\/p>\n<p><img loading=\"lazy\" decoding=\"async\" class=\"alignnone wp-image-191560 size-large\" src=\"data:image\/svg+xml,%3Csvg%20xmlns=\" http:=\"\" alt=\"\" width=\"770\" height=\"369\" data-lazy- data-lazy- data-lazy-src=\"https:\/\/www.europesays.com\/fr\/wp-content\/uploads\/2025\/11\/capture2dp-2-770x369.png\"\/><\/p>\n<p>&#13;<br \/>\nLe leaderboard des Fran\u00e7ais<\/p>\n<p><img loading=\"lazy\" decoding=\"async\" class=\"alignnone wp-image-191561 size-large\" src=\"data:image\/svg+xml,%3Csvg%20xmlns=\" http:=\"\" alt=\"\" width=\"770\" height=\"102\" data-lazy- data-lazy- data-lazy-src=\"https:\/\/www.europesays.com\/fr\/wp-content\/uploads\/2025\/11\/capturefrenchdp-770x102.png\"\/><\/p>\n<p>\t\t\t\t<img loading=\"lazy\" decoding=\"async\" src=\"data:image\/svg+xml,%3Csvg%20xmlns=\" http:=\"\" attributionsrc=\"\" border=\"0\" height=\"1\" width=\"1\" alt=\"Advertisement\" data-lazy-src=\"https:\/\/www.europesays.com\/fr\/wp-content\/uploads\/2025\/10\/B33047934.424844132;dc_trk_aid=615928068;dc_trk_cid=236605808;ord=[timestamp];dc_lat=;dc_rdid=;tag_f.gif\"\/><\/p>\n<p>\t\t\t\t\t<a id=\"179415\" href=\"https:\/\/ad.doubleclick.net\/ddm\/trackclk\/N1153799.3770024GOLFPLANATE\/B33047934.424844132;dc_trk_aid=615928068;dc_trk_cid=236605808;dc_lat=;dc_rdid=;tag_for_child_directed_treatment=;tfua=;gdpr=${GDPR};gdpr_consent=${GDPR_CONSENT_755};ltd=;dc_tdv=1\" target=\"_blank\" rel=\"sponsorised nofollow noopener\"><img decoding=\"async\" src=\"data:image\/svg+xml,%3Csvg%20xmlns=\" http:=\"\" class=\"img-responsive\" alt=\"\" data-lazy-src=\"https:\/\/www.europesays.com\/fr\/wp-content\/uploads\/2025\/07\/callaway-e01-apex-v1-770x385-1.jpg\"\/><\/a><\/p>\n<p>Photo : Giuseppe CACACE \/ AFP<\/p>\n<p>\u00a0<\/p>\n<p>\u00a0<\/p>\n<p>\u00a0<\/p>\n<p>\t\t\t<script async src=\"https:\/\/platform.twitter.com\/widgets.js\" charset=\"utf-8\"><\/script><\/p>\n","protected":false},"excerpt":{"rendered":"Partager cet article Partager la publication \u00ab\u00a0Fleetwood encore l\u00e0, McIlroy dans un fauteuil pour la Race, les Fran\u00e7ais&hellip;\n","protected":false},"author":2,"featured_media":531599,"comment_status":"","ping_status":"","sticky":false,"template":"","format":"standard","meta":{"footnotes":""},"categories":[1418],"tags":[1011,27,1472,60],"class_list":{"0":"post-531598","1":"post","2":"type-post","3":"status-publish","4":"format-standard","5":"has-post-thumbnail","7":"category-golf","8":"tag-fr","9":"tag-france","10":"tag-golf","11":"tag-sports"},"share_on_mastodon":{"url":"https:\/\/pubeurope.com\/@fr\/115543105470924737","error":""},"_links":{"self":[{"href":"https:\/\/www.europesays.com\/fr\/wp-json\/wp\/v2\/posts\/531598","targetHints":{"allow":["GET"]}}],"collection":[{"href":"https:\/\/www.europesays.com\/fr\/wp-json\/wp\/v2\/posts"}],"about":[{"href":"https:\/\/www.europesays.com\/fr\/wp-json\/wp\/v2\/types\/post"}],"author":[{"embeddable":true,"href":"https:\/\/www.europesays.com\/fr\/wp-json\/wp\/v2\/users\/2"}],"replies":[{"embeddable":true,"href":"https:\/\/www.europesays.com\/fr\/wp-json\/wp\/v2\/comments?post=531598"}],"version-history":[{"count":0,"href":"https:\/\/www.europesays.com\/fr\/wp-json\/wp\/v2\/posts\/531598\/revisions"}],"wp:featuredmedia":[{"embeddable":true,"href":"https:\/\/www.europesays.com\/fr\/wp-json\/wp\/v2\/media\/531599"}],"wp:attachment":[{"href":"https:\/\/www.europesays.com\/fr\/wp-json\/wp\/v2\/media?parent=531598"}],"wp:term":[{"taxonomy":"category","embeddable":true,"href":"https:\/\/www.europesays.com\/fr\/wp-json\/wp\/v2\/categories?post=531598"},{"taxonomy":"post_tag","embeddable":true,"href":"https:\/\/www.europesays.com\/fr\/wp-json\/wp\/v2\/tags?post=531598"}],"curies":[{"name":"wp","href":"https:\/\/api.w.org\/{rel}","templated":true}]}}