{"id":531603,"date":"2025-11-13T15:36:18","date_gmt":"2025-11-13T15:36:18","guid":{"rendered":"https:\/\/www.europesays.com\/fr\/531603\/"},"modified":"2025-11-13T15:36:18","modified_gmt":"2025-11-13T15:36:18","slug":"la-nouvelle-presidente-de-la-commission-des-athletes-est-elue-actualite","status":"publish","type":"post","link":"https:\/\/www.europesays.com\/fr\/531603\/","title":{"rendered":"La nouvelle pr\u00e9sidente de la Commission des athl\u00e8tes est \u00e9lue &#8211; Actualit\u00e9"},"content":{"rendered":"<p style=\"text-align: justify;\"><a href=\"https:\/\/www.directvelo.com\/actualite\/124233\/election-a-luci-juliette-labous-elue\" target=\"_blank\" rel=\"noopener\"><strong>Chaque championnat du monde<\/strong><\/a>, en cette ann\u00e9e post-olympique, a donn\u00e9 lieu aux \u00e9lections des repr\u00e9sentants de chaque discipline de l&rsquo;UCI \u00e0 la Commission des athl\u00e8tes pour la p\u00e9riode 2025-2029.<\/p>\n<p>Au final, c&rsquo;est une cycliste qui n&rsquo;a pas \u00e9t\u00e9 d\u00e9sign\u00e9e lors de ces \u00e9lections qui a \u00e9t\u00e9 \u00e9lue Pr\u00e9sidente de la Commission. En effet, la nouvelle Pr\u00e9sidente, Maja Wloszczowska (\u00e0 gauche sur la photo), v\u00e9t\u00e9tiste polonaise, si\u00e8ge en tant que membre de la Commission des athl\u00e8tes du Comit\u00e9 international olympique.<\/p>\n<p>Maja Wloszczowska, vice-Championne olympique de VTT en 2008 et 2016, succ\u00e8de \u00e0 Katerina Nash. Les statuts de l&rsquo;UCI offre au pr\u00e9sident de la Commission des athl\u00e8tes un si\u00e8ge au comit\u00e9 directeur. Maja Wloszczowska y retrouvera&#8230; Katerina Nash, \u00e9lue lors du dernier Congr\u00e8s de l&rsquo;UCI \u00e0 Kigali.<\/p>\n<p><strong>Composition de la Commission des athl\u00e8tes 2025-2029<\/strong> :\u00a0<br \/>Pr\u00e9sidente : Maja W\u0142oszczowska (POL), membre de la Commission des athl\u00e8tes du CIO<br \/>Cyclo-cross : Eva Lechner (ITA) et Felipe Orts (ESP)<br \/>BMX Racing : Laura Smulders (NED) et Sylvain Andr\u00e9 (FRA)<br \/>Para cyclisme : Suzanna Tangen (NOR) et Tristan Bangma (NED)<br \/>Mountain bike : Anne Terpstra (NED) et Christopher Blevins (USA) pour le cross-country ; Valentina H\u00f6ll (AUT) et Andreas Kolb (AUT) pour la descente<br \/>Route : Juliette Labous (FRA) et Toms Skuji\u0146\u0161 (LAT)<br \/>Piste : Ally Wollaston (NZL) et Elia Viviani (ITA)<br \/>BMX Freestyle : Cory Coffey (USA) et Daniel Dhers (VEN)<br \/>Trial : Ma\u00eflys Jouy (FRA) et Jonas Friedrich (GER)<br \/>Cyclisme en salle : Gracia Sotomayor (PER) et Patrick Schnetzer (AUT)<br \/>Commission des Athl\u00e8tes du CIO : Masomah Ali Zada (AFG)<br \/>Conseil des Athl\u00e8tes de l\u2019IPC : Denise Schindler (GER)<\/p>\n","protected":false},"excerpt":{"rendered":"Chaque championnat du monde, en cette ann\u00e9e post-olympique, a donn\u00e9 lieu aux \u00e9lections des repr\u00e9sentants de chaque discipline&hellip;\n","protected":false},"author":2,"featured_media":531604,"comment_status":"","ping_status":"","sticky":false,"template":"","format":"standard","meta":{"footnotes":""},"categories":[1411],"tags":[834,828,836,829,837,827,83,826,824,823,1154,207,814,817,815,816,822,821,832,211,839,1011,27,820,818,819,835,831,830,833,838,60,212,208,825],"class_list":{"0":"post-531603","1":"post","2":"type-post","3":"status-publish","4":"format-standard","5":"has-post-thumbnail","7":"category-cyclisme","8":"tag-attaque","9":"tag-belgique","10":"tag-braquet","11":"tag-bretagne","12":"tag-chute","13":"tag-competition","14":"tag-coupe-de-france","15":"tag-coureur","16":"tag-course-cyclisme","17":"tag-course-cycliste","18":"tag-cycling","19":"tag-cyclisme","20":"tag-direct","21":"tag-direct-velo","22":"tag-directvelo","23":"tag-directvelo-com","24":"tag-epreuve","25":"tag-epreuve-cycliste","26":"tag-federation-francaise-de-cyclisme","27":"tag-ffc","28":"tag-flandres","29":"tag-fr","30":"tag-france","31":"tag-live","32":"tag-live-course","33":"tag-live-epreuve","34":"tag-peloton","35":"tag-radio-peloton","36":"tag-radio-tour","37":"tag-ravitaillement","38":"tag-relance","39":"tag-sports","40":"tag-uci","41":"tag-velo","42":"tag-velos"},"share_on_mastodon":{"url":"https:\/\/pubeurope.com\/@fr\/115543132276206083","error":""},"_links":{"self":[{"href":"https:\/\/www.europesays.com\/fr\/wp-json\/wp\/v2\/posts\/531603","targetHints":{"allow":["GET"]}}],"collection":[{"href":"https:\/\/www.europesays.com\/fr\/wp-json\/wp\/v2\/posts"}],"about":[{"href":"https:\/\/www.europesays.com\/fr\/wp-json\/wp\/v2\/types\/post"}],"author":[{"embeddable":true,"href":"https:\/\/www.europesays.com\/fr\/wp-json\/wp\/v2\/users\/2"}],"replies":[{"embeddable":true,"href":"https:\/\/www.europesays.com\/fr\/wp-json\/wp\/v2\/comments?post=531603"}],"version-history":[{"count":0,"href":"https:\/\/www.europesays.com\/fr\/wp-json\/wp\/v2\/posts\/531603\/revisions"}],"wp:featuredmedia":[{"embeddable":true,"href":"https:\/\/www.europesays.com\/fr\/wp-json\/wp\/v2\/media\/531604"}],"wp:attachment":[{"href":"https:\/\/www.europesays.com\/fr\/wp-json\/wp\/v2\/media?parent=531603"}],"wp:term":[{"taxonomy":"category","embeddable":true,"href":"https:\/\/www.europesays.com\/fr\/wp-json\/wp\/v2\/categories?post=531603"},{"taxonomy":"post_tag","embeddable":true,"href":"https:\/\/www.europesays.com\/fr\/wp-json\/wp\/v2\/tags?post=531603"}],"curies":[{"name":"wp","href":"https:\/\/api.w.org\/{rel}","templated":true}]}}