{"id":531611,"date":"2025-11-13T15:42:17","date_gmt":"2025-11-13T15:42:17","guid":{"rendered":"https:\/\/www.europesays.com\/fr\/531611\/"},"modified":"2025-11-13T15:42:17","modified_gmt":"2025-11-13T15:42:17","slug":"lea-haddad-star-academy-2022-deplore-son-absence-sur-le-prime-du-14-novembre","status":"publish","type":"post","link":"https:\/\/www.europesays.com\/fr\/531611\/","title":{"rendered":"L\u00e9a Haddad (Star Academy 2022) d\u00e9plore son absence sur le prime du 14 novembre"},"content":{"rendered":"<p>Ce vendredi 14 novembre \u00e0 21h10, un nouveau prime de la Star Academy sera diffus\u00e9 sur TF1 et d&rsquo;anciens \u00e9l\u00e8ves seront de retour pour partager des duos sur sc\u00e8ne. L\u00e9a Haddad, qui faisait partie de la promo 2022, a d\u00e9plor\u00e9 son absence sur ce prime \u00e9v\u00e9nement. <\/p>\n<p>Le 12 octobre, 17 candidats ont fait leur entr\u00e9e au ch\u00e2teau de Dammarie-les-Lys et les premi\u00e8res \u00e9liminations lors de cette treizi\u00e8me saison de la Star Academy ont eu lieu. <a href=\"https:\/\/www.programme-tv.net\/news\/tv\/390764-mehdi-premier-elimine-de-la-star-academy-2025-j-avais-zero-pancarte-a-mon-nom\/\" data-api-deeplink=\"teleloisirs:\/\/news\/390764\" target=\"_blank\" rel=\"noopener\">Mehdi a \u00e9t\u00e9 le premier \u00e9limin\u00e9 <\/a>et sept jours plus tard, Lenny l&rsquo;a rejoint. Il y a quelques jours, <a href=\"https:\/\/www.programme-tv.net\/news\/tv\/391794-noah-star-academy-explique-pourquoi-sa-petite-amie-n-a-jamais-ete-filmee-sur-un-prime\/\" data-api-deeplink=\"teleloisirs:\/\/news\/391794\" target=\"_blank\" rel=\"noopener\">c&rsquo;\u00e9tait au tour de Noah de quitter l&rsquo;aventure<\/a> apr\u00e8s un prime sous haute tension o\u00f9 les acad\u00e9miciens \u00e9taient divis\u00e9s en \u00e9quipes. Pour cette nouvelle semaine de comp\u00e9tition, les quatorze \u00e9l\u00e8ves encore pr\u00e9sents au ch\u00e2teau devaient faire leurs \u00e9valuations sur l&rsquo;un des titres des candidats embl\u00e9matiques de la Star Academy. En effet, <a href=\"https:\/\/www.programme-tv.net\/biographie\/113127-goldman-michael\/\" data-link-people=\"5a3a480e-6215-4ac5-9166-24c775b347bc\" target=\"_blank\" rel=\"noopener\">Michael Goldman<\/a> a rappel\u00e9 d&rsquo;anciens candidats pour venir pr\u00eater main forte aux \u00e9l\u00e8ves. Ainsi, Marine, la grande gagnante de la douzi\u00e8me saison, a fait irruption \u00e0 Dammarie-les-Lys pour assister aux \u00e9valuations tandis qu&rsquo;H\u00e9l\u00e9na, Franck, Marguerite, Ebony ou encore Victorien se sont succ\u00e9d\u00e9s aupr\u00e8s de Sarah, Th\u00e9o ou encore L\u00e9ane. Ce vendredi 14 novembre \u00e0 21h10 sur TF1, un prime sp\u00e9cial anciens \u00e9l\u00e8ves sera diffus\u00e9 et <a href=\"https:\/\/www.programme-tv.net\/news\/tv\/391836-star-academy-2025-lucie-bernardoni-annonce-quel-eleve-a-ete-choisi-pour-chanter-avec-helena-au-zenith-d-angers-et-sera-absent-du-prime\/\" data-api-deeplink=\"teleloisirs:\/\/news\/391836\" target=\"_blank\" rel=\"noopener\">les candidats vont offrir de belles performances<\/a>. Bastiaan, Victor et L\u00e9a chanteront Ne partez pas sans moi, l&rsquo;hymne de 2022, avec trois anciens de la promo 2022. Jeanne fera un duo avec Enola sur Si j&rsquo;\u00e9tais un homme. L\u00e9a et Sarah vont tout donner avec Ebony et L\u00e9nie sur un medley de Beyonc\u00e9 tandis que M\u00e9lissa et Lily vont opter pour la douceur avec Les filles, les meufs, le single de Marguerite&#8230;<\/p>\n<p>                        L\u00e9a Haddad (Star Academy 2022) publie un message pour expliquer son absence sur le prime du 14 novembre<\/p>\n<p>Si les promos 2023 et 2024 ont \u00e9norm\u00e9ment marqu\u00e9 les t\u00e9l\u00e9spectateurs, notamment gr\u00e2ce aux victoires de Pierre Garnier et Marine, la promo 2022 se fait plus discr\u00e8te et <a href=\"https:\/\/www.programme-tv.net\/news\/tele-realite\/347737-anisha-star-academy-devoile-son-nouveau-look-et-fait-une-grande-annonce-qui-risque-de-changer-sa-vie\/\" data-api-deeplink=\"teleloisirs:\/\/news\/347737\" target=\"_blank\" rel=\"noopener\">Anisha n&rsquo;a pas rencontr\u00e9 le m\u00eame succ\u00e8s que ses successeurs<\/a>. Qu&rsquo;importe, cette saison sera repr\u00e9sent\u00e9e lors du prime du 14 novembre par Anisha, Enola et Louis. L\u00e9a Haddad, qui avait <a href=\"https:\/\/www.programme-tv.net\/news\/people\/381654-elle-a-ete-mal-interpretee-lea-haddad-star-academy-revient-sur-sa-mesentente-avec-vitaa-qui-lui-a-porte-prejudice\/\" data-api-deeplink=\"teleloisirs:\/\/news\/381654\" target=\"_blank\" rel=\"noopener\">pourtant fait sensation<\/a> gr\u00e2ce \u00e0 sa voix puissante, ne sera pas pr\u00e9sente sur le prime. Ce jeudi 13 novembre, elle s&rsquo;est expliqu\u00e9e sur ses r\u00e9seaux sociaux et a d\u00e9nonc\u00e9 une mise \u00e0 l&rsquo;\u00e9cart de la part de la production. \u00ab\u00a0Non, je ne serai pas pr\u00e9sente sur le prime malgr\u00e9 tout ce que j&rsquo;ai pu voir sur les r\u00e9seaux. J&rsquo;adore la Star Ac et j&rsquo;ai toujours respect\u00e9 TF1 mais<b> je ne comprends pas pourquoi j&rsquo;ai \u00e9t\u00e9 mise de c\u00f4t\u00e9. Je pensais pourtant \u00eatre en super bonne relation avec la production<\/b>\u00ab\u00a0, a-t-elle tout d&rsquo;abord \u00e9crit avant d&rsquo;ajouter : \u00ab\u00a0je ne comprends vraiment pas cette mise \u00e0 l&rsquo;\u00e9cart et ces pol\u00e9miques surtout que je n&rsquo;ai jamais fait de politique. Mon compte a toujours \u00e9t\u00e9 tourn\u00e9 vers la musique, le partage et les good vibes. Je n&rsquo;ai jamais cherch\u00e9 \u00e0 cr\u00e9er de pol\u00e9mique ou \u00e0 diviser qui que ce soit\u00a0\u00bb.<\/p>\n<p>            L\u00e9a Haddad (Star Academy 2022) \u00e9crit un message pour ses camarades<\/p>\n<p>Puis, L\u00e9a Haddad a remerci\u00e9 ses fans pour leur soutien et a envoy\u00e9 un message bienveillant aux \u00e9l\u00e8ves de la promo 2022 qui seront sur le prime demain : \u00ab\u00a0<b>Anisha, Enola et Louis, brillez demain soir<\/b>\u00ab\u00a0, a-t-elle \u00e9crit, visiblement touch\u00e9e par cette mise \u00e0 l&rsquo;\u00e9cart.<\/p>\n","protected":false},"excerpt":{"rendered":"Ce vendredi 14 novembre \u00e0 21h10, un nouveau prime de la Star Academy sera diffus\u00e9 sur TF1 et&hellip;\n","protected":false},"author":2,"featured_media":531612,"comment_status":"","ping_status":"","sticky":false,"template":"","format":"standard","meta":{"footnotes":""},"categories":[1356],"tags":[244,58,59,1011,27,64696,64698,64694,64695,65109,5095,64699,64697,252,199,2175,1364],"class_list":{"0":"post-531611","1":"post","2":"type-post","3":"status-publish","4":"format-standard","5":"has-post-thumbnail","7":"category-television","8":"tag-commentaire","9":"tag-divertissement","10":"tag-entertainment","11":"tag-fr","12":"tag-france","13":"tag-la-quotidienne-25112022-173000-tf1","14":"tag-la-quotidienne-su00e9rie-52118294","15":"tag-la-quotidienne-1100832954","16":"tag-la-quotidienne-1100860641","17":"tag-lu00e9a-star-academy-2022","18":"tag-star-academy","19":"tag-star-academy-le-prime-9790195","20":"tag-star-academy-1100807804","21":"tag-television","22":"tag-tf1","23":"tag-tl-story","24":"tag-tv"},"share_on_mastodon":{"url":"https:\/\/pubeurope.com\/@fr\/115543156091551964","error":""},"_links":{"self":[{"href":"https:\/\/www.europesays.com\/fr\/wp-json\/wp\/v2\/posts\/531611","targetHints":{"allow":["GET"]}}],"collection":[{"href":"https:\/\/www.europesays.com\/fr\/wp-json\/wp\/v2\/posts"}],"about":[{"href":"https:\/\/www.europesays.com\/fr\/wp-json\/wp\/v2\/types\/post"}],"author":[{"embeddable":true,"href":"https:\/\/www.europesays.com\/fr\/wp-json\/wp\/v2\/users\/2"}],"replies":[{"embeddable":true,"href":"https:\/\/www.europesays.com\/fr\/wp-json\/wp\/v2\/comments?post=531611"}],"version-history":[{"count":0,"href":"https:\/\/www.europesays.com\/fr\/wp-json\/wp\/v2\/posts\/531611\/revisions"}],"wp:featuredmedia":[{"embeddable":true,"href":"https:\/\/www.europesays.com\/fr\/wp-json\/wp\/v2\/media\/531612"}],"wp:attachment":[{"href":"https:\/\/www.europesays.com\/fr\/wp-json\/wp\/v2\/media?parent=531611"}],"wp:term":[{"taxonomy":"category","embeddable":true,"href":"https:\/\/www.europesays.com\/fr\/wp-json\/wp\/v2\/categories?post=531611"},{"taxonomy":"post_tag","embeddable":true,"href":"https:\/\/www.europesays.com\/fr\/wp-json\/wp\/v2\/tags?post=531611"}],"curies":[{"name":"wp","href":"https:\/\/api.w.org\/{rel}","templated":true}]}}