{"id":531617,"date":"2025-11-13T15:45:20","date_gmt":"2025-11-13T15:45:20","guid":{"rendered":"https:\/\/www.europesays.com\/fr\/531617\/"},"modified":"2025-11-13T15:45:20","modified_gmt":"2025-11-13T15:45:20","slug":"avec-lia-la-revolution-annoncee-du-depistage-du-cancer-du-poumon","status":"publish","type":"post","link":"https:\/\/www.europesays.com\/fr\/531617\/","title":{"rendered":"Avec l\u2019IA, la r\u00e9volution annonc\u00e9e du d\u00e9pistage du cancer du poumon"},"content":{"rendered":"<p>    Chaque ann\u00e9e, plus de 30 000 personnes meurent d\u2019un cancer du poumon, souvent diagnostiqu\u00e9 trop tard.<br \/>\n                Gorodenkoff &#8211; stock.adobe.com<\/p>\n<p>\n    Le d\u00e9veloppement rapide de programmes d\u2019intelligence artificielle pourrait aider au d\u00e9ploiement de larges programmes de d\u00e9pistage, contre cette maladie souvent diagnostiqu\u00e9e \u00e0 un stade d\u00e9j\u00e0 trop avanc\u00e9.<\/p>\n<p class=\"fig-paragraph\">Chaque ann\u00e9e, pr\u00e8s de 50\u00a0000 personnes se voient diagnostiquer un<a href=\"https:\/\/sante.lefigaro.fr\/sante\/maladie\/cancer-poumon\/quels-examens-faire#:~:text=En%20France%2C%20le%20cancer%20du,de%2033.000%20d%C3%A9c%C3%A8s%20par%20an.\" target=\"_blank\" data-fig-type=\"Keyword\" rel=\"sponsored noopener\" data-gtm-custom-categorie=\"navigation\" data-gtm-custom-action=\"crossclick\" data-gtm-custom-label=\"Contextuel\" data-gtm-event=\"customEventSPE\" data-fig-domain=\"SANTE\">\u00a0cancer du poumon<\/a>\u00a0en France. Mais dans plus de la moiti\u00e9 des cas il est d\u00e9tect\u00e9 trop tard, sans espoir de gu\u00e9rison, ou presque. C\u2019est d\u2019autant plus regrettable qu\u2019une \u00ab\u00a0simple\u00a0\u00bb chirurgie consistant \u00e0 retirer le lobe ou le segment pulmonaire touch\u00e9 permettrait de gu\u00e9rir 80\u00a0% des cas si la tumeur maligne \u00e9tait d\u00e9tect\u00e9e \u00e0 temps. Autrement dit, le d\u00e9pistage pr\u00e9coce pourrait r\u00e9duire rapidement et efficacement la mortalit\u00e9 li\u00e9e \u00e0 ce cancer qui concerne 33\u00a0000 personnes chaque ann\u00e9e en France, soit la premi\u00e8re cause de mortalit\u00e9 par cancer. Or, le d\u00e9veloppement rapide de l\u2019intelligence artificielle suscite l\u2019espoir l\u00e9gitime d\u2019y arriver tr\u00e8s prochainement.<\/p>\n<p class=\"fig-paragraph\">Comment d\u00e9tecte-t-on un cancer du poumon\u00a0? Le d\u00e9pistage repose sur la r\u00e9alisation de scanners thoracique \u00e0 faible dose (de rayonnement). Cet examen, qui ne n\u00e9cessite pas de produit de contraste, est \u00e0 la fois rapide, peu dangereux pour le patient, et bien plus pr\u00e9cis qu\u2019une\u2026<\/p>\n<p class=\"fig-premium-paywall__infos\">\n        Cet article est r\u00e9serv\u00e9 aux abonn\u00e9s.        Il vous reste 89% \u00e0 d\u00e9couvrir.\n    <\/p>\n<p>                <img  data- alt=\"Le Figaro\" class=\"fig-img--complete fig-img\"\/><\/p>\n<p class=\"fig-premium-paywall__title\">Black Friday<\/p>\n<p class=\"fig-premium-paywall__subtitle\">-70% sur l&rsquo;abonnement num\u00e9rique<\/p>\n<p class=\"fig-premium-paywall__connect\">\n                D\u00e9j\u00e0 abonn\u00e9\u00a0?                <a class=\"fig-premium-paywall__connect-link\" href=\"https:\/\/connect.lefigaro.fr\/login?client=sante_web&amp;type=main&amp;redirect_uri=https%3A%2F%2Fsante.lefigaro.fr%2Fsocial%2Fsante-publique%2Favec-l-ia-la-revolution-annoncee-du-depistage-du-cancer-du-poumon-20251113\" data-js-gtm=\"{&quot;customCategorie&quot;: &quot;conversion&quot;, &quot;customAction&quot;: &quot;before_Landing_Connexion_paywall_auto&quot;, &quot;customLabel&quot;: &quot;c2FudGUubGVmaWdhcm8uZnJfXzFmMGJlM2VjLTIwZTMtNjUzOC1hMzhjLTY5YWMxNjMwMDUxZF9fQXJ0aWNsZQ==_Avec l\u2019IA, la r\u00e9volution annonc\u00e9e du d\u00e9pistage du cancer du poumon_273&quot;, &quot;customIDSPE&quot;: &quot;c2FudGUubGVmaWdhcm8uZnJfXzFmMGJlM2VjLTIwZTMtNjUzOC1hMzhjLTY5YWMxNjMwMDUxZF9fQXJ0aWNsZQ==&quot;, &quot;event&quot;: &quot;customEventSPE&quot;}\" target=\"_blank\" rel=\"noopener\"><br \/>\n                    Connectez-vous<br \/>\n                <\/a>\n            <\/p>\n","protected":false},"excerpt":{"rendered":"Chaque ann\u00e9e, plus de 30 000 personnes meurent d\u2019un cancer du poumon, souvent diagnostiqu\u00e9 trop tard. Gorodenkoff &#8211;&hellip;\n","protected":false},"author":2,"featured_media":531618,"comment_status":"","ping_status":"","sticky":false,"template":"","format":"standard","meta":{"footnotes":""},"categories":[10],"tags":[8203,1011,27,72,71],"class_list":{"0":"post-531617","1":"post","2":"type-post","3":"status-publish","4":"format-standard","5":"has-post-thumbnail","7":"category-sante","8":"tag-cancer-du-poumon","9":"tag-fr","10":"tag-france","11":"tag-health","12":"tag-sante"},"share_on_mastodon":{"url":"https:\/\/pubeurope.com\/@fr\/115543167780526569","error":""},"_links":{"self":[{"href":"https:\/\/www.europesays.com\/fr\/wp-json\/wp\/v2\/posts\/531617","targetHints":{"allow":["GET"]}}],"collection":[{"href":"https:\/\/www.europesays.com\/fr\/wp-json\/wp\/v2\/posts"}],"about":[{"href":"https:\/\/www.europesays.com\/fr\/wp-json\/wp\/v2\/types\/post"}],"author":[{"embeddable":true,"href":"https:\/\/www.europesays.com\/fr\/wp-json\/wp\/v2\/users\/2"}],"replies":[{"embeddable":true,"href":"https:\/\/www.europesays.com\/fr\/wp-json\/wp\/v2\/comments?post=531617"}],"version-history":[{"count":0,"href":"https:\/\/www.europesays.com\/fr\/wp-json\/wp\/v2\/posts\/531617\/revisions"}],"wp:featuredmedia":[{"embeddable":true,"href":"https:\/\/www.europesays.com\/fr\/wp-json\/wp\/v2\/media\/531618"}],"wp:attachment":[{"href":"https:\/\/www.europesays.com\/fr\/wp-json\/wp\/v2\/media?parent=531617"}],"wp:term":[{"taxonomy":"category","embeddable":true,"href":"https:\/\/www.europesays.com\/fr\/wp-json\/wp\/v2\/categories?post=531617"},{"taxonomy":"post_tag","embeddable":true,"href":"https:\/\/www.europesays.com\/fr\/wp-json\/wp\/v2\/tags?post=531617"}],"curies":[{"name":"wp","href":"https:\/\/api.w.org\/{rel}","templated":true}]}}