{"id":531628,"date":"2025-11-13T15:52:17","date_gmt":"2025-11-13T15:52:17","guid":{"rendered":"https:\/\/www.europesays.com\/fr\/531628\/"},"modified":"2025-11-13T15:52:17","modified_gmt":"2025-11-13T15:52:17","slug":"le-proces-en-appel-du-financement-libyen-aura-lieu-du-16-mars-au-3-juin-2026","status":"publish","type":"post","link":"https:\/\/www.europesays.com\/fr\/531628\/","title":{"rendered":"Le proc\u00e8s en appel du \u00ab\u00a0financement libyen\u00a0\u00bb aura lieu du 16\u00a0mars au 3\u00a0juin 2026"},"content":{"rendered":"<p>Retour au tribunal. Lib\u00e9r\u00e9 lundi, l\u2019ex-pr\u00e9sident <a href=\"https:\/\/www.20minutes.fr\/politique\/nicolas_sarkozy\/\" class=\"c-link c-link--is-underlined\" target=\"_blank\" rel=\"noopener\">Nicolas Sarkozy<\/a> sera jug\u00e9 en appel dans l\u2019affaire du financement libyen du 16\u00a0mars au 3\u00a0juin 2026, a annonc\u00e9 ce jeudi la cour d\u2019appel de <a href=\"https:\/\/www.20minutes.fr\/paris\/\" class=\"c-link c-link--is-underlined\" target=\"_blank\" rel=\"noopener\">Paris<\/a> dans un communiqu\u00e9. L\u2019ancien chef de l\u2019Etat a \u00e9t\u00e9 condamn\u00e9 le 25\u00a0septembre \u00e0 cinq ans de prison avec mandat de d\u00e9p\u00f4t assorti d\u2019une ex\u00e9cution provisoire pour association de malfaiteurs.<\/p>\n<p>Le tribunal de Paris l\u2019avait reconnu coupable d\u2019avoir sciemment laiss\u00e9 ses collaborateurs d\u00e9marcher la <a href=\"https:\/\/www.20minutes.fr\/monde\/lybie\/\" class=\"c-link c-link--is-underlined\" target=\"_blank\" rel=\"noopener\">Libye<\/a> de <a href=\"https:\/\/www.20minutes.fr\/monde\/mouammar_kadhafi\/\" class=\"c-link c-link--is-underlined\" target=\"_blank\" rel=\"noopener\">Mouammar Kadhafi<\/a> pour solliciter un financement occulte de sa campagne pr\u00e9sidentielle victorieuse de\u00a02007. Il a \u00e9t\u00e9 incarc\u00e9r\u00e9 pendant trois semaines \u00e0 la prison de la Sant\u00e9 \u00e0 Paris, et lib\u00e9r\u00e9 sous contr\u00f4le judiciaire lundi. Il clame son innocence.<\/p>\n<p>Le parquet a fait appel pour presque tous les pr\u00e9venus<\/p>\n<p>Aux c\u00f4t\u00e9s de l\u2019ancien pr\u00e9sident seront rejug\u00e9es neuf autres personnes, parmi lesquelles figurent deux anciens proches collaborateurs, Claude Gu\u00e9ant et Brice Hortefeux, ainsi que l\u2019interm\u00e9diaire Alexandre Djouhri, condamn\u00e9 \u00e0 six ans de prison en premi\u00e8re instance et incarc\u00e9r\u00e9 depuis. Le tribunal correctionnel de Paris avait prononc\u00e9 l\u2019extinction de l\u2019action publique pour l\u2019interm\u00e9diaire franco-libanais Ziad Takieddine, mort en septembre au Liban, et pour un autre ex-collaborateur de Nicolas Sarkozy, Thierry Gaubert, qui avait d\u00e9j\u00e0 \u00e9t\u00e9 condamn\u00e9 pour les m\u00eames faits dans une proc\u00e9dure distincte.<\/p>\n<\/p>\n<p>Il avait aussi relax\u00e9 trois personnes, Eric Woerth, ancien ministre du Travail et du Budget sous Nicolas Sarkozy, et qui fut le tr\u00e9sorier de sa campagne pr\u00e9sidentielle de\u00a02007\u00a0; Edouard Ullmo, un ancien vice-pr\u00e9sident ex\u00e9cutif d\u2019Airbus\u00a0; et le Saoudien Ahmed Bugshan. Mais le Parquet national financier (PNF) a interjet\u00e9 appel pour l\u2019ensemble des pr\u00e9venus, \u00e0 l\u2019exception d\u2019Ahmed Bugshan. Lundi, quelques heures apr\u00e8s sa sortie de prison, Nicolas Sarkozy a indiqu\u00e9 sur X qu\u2019il allait pr\u00e9parer son proc\u00e8s en appel, afin de prouver son innocence. \u00ab\u00a0La v\u00e9rit\u00e9 triomphera\u00a0\u00bb, a-t-il assur\u00e9. Affaire \u00e0 suivre.<\/p>\n","protected":false},"excerpt":{"rendered":"Retour au tribunal. Lib\u00e9r\u00e9 lundi, l\u2019ex-pr\u00e9sident Nicolas Sarkozy sera jug\u00e9 en appel dans l\u2019affaire du financement libyen du&hellip;\n","protected":false},"author":2,"featured_media":531629,"comment_status":"","ping_status":"","sticky":false,"template":"","format":"standard","meta":{"footnotes":""},"categories":[4],"tags":[47,11,1011,27,303,4367,8168,12,3091,2694,25],"class_list":{"0":"post-531628","1":"post","2":"type-post","3":"status-publish","4":"format-standard","5":"has-post-thumbnail","7":"category-france","8":"tag-actualite","9":"tag-actualites","10":"tag-fr","11":"tag-france","12":"tag-justice","13":"tag-libye","14":"tag-mouammar-kadhafi","15":"tag-news","16":"tag-nicolas-sarkozy","17":"tag-proces","18":"tag-republique-francaise"},"share_on_mastodon":{"url":"https:\/\/pubeurope.com\/@fr\/115543195261976601","error":""},"_links":{"self":[{"href":"https:\/\/www.europesays.com\/fr\/wp-json\/wp\/v2\/posts\/531628","targetHints":{"allow":["GET"]}}],"collection":[{"href":"https:\/\/www.europesays.com\/fr\/wp-json\/wp\/v2\/posts"}],"about":[{"href":"https:\/\/www.europesays.com\/fr\/wp-json\/wp\/v2\/types\/post"}],"author":[{"embeddable":true,"href":"https:\/\/www.europesays.com\/fr\/wp-json\/wp\/v2\/users\/2"}],"replies":[{"embeddable":true,"href":"https:\/\/www.europesays.com\/fr\/wp-json\/wp\/v2\/comments?post=531628"}],"version-history":[{"count":0,"href":"https:\/\/www.europesays.com\/fr\/wp-json\/wp\/v2\/posts\/531628\/revisions"}],"wp:featuredmedia":[{"embeddable":true,"href":"https:\/\/www.europesays.com\/fr\/wp-json\/wp\/v2\/media\/531629"}],"wp:attachment":[{"href":"https:\/\/www.europesays.com\/fr\/wp-json\/wp\/v2\/media?parent=531628"}],"wp:term":[{"taxonomy":"category","embeddable":true,"href":"https:\/\/www.europesays.com\/fr\/wp-json\/wp\/v2\/categories?post=531628"},{"taxonomy":"post_tag","embeddable":true,"href":"https:\/\/www.europesays.com\/fr\/wp-json\/wp\/v2\/tags?post=531628"}],"curies":[{"name":"wp","href":"https:\/\/api.w.org\/{rel}","templated":true}]}}