{"id":53163,"date":"2025-04-26T01:24:49","date_gmt":"2025-04-26T01:24:49","guid":{"rendered":"https:\/\/www.europesays.com\/fr\/53163\/"},"modified":"2025-04-26T01:24:49","modified_gmt":"2025-04-26T01:24:49","slug":"les-voitures-particulieres-ne-sont-pas-concernees","status":"publish","type":"post","link":"https:\/\/www.europesays.com\/fr\/53163\/","title":{"rendered":"les voitures particuli\u00e8res ne sont pas concern\u00e9es"},"content":{"rendered":"<p><img alt=\"Vue sur la cath\u00e9drale de Nancy depuis une place, avec une terrasse de caf\u00e9\" fetchpriority=\"high\" decoding=\"async\" data-nimg=\"fill\" style=\"position:absolute;height:100%;width:100%;left:0;top:0;right:0;bottom:0;color:transparent;background-size:cover;background-position:50% 50%;background-repeat:no-repeat;background-image:url(&quot;data:image\/png;base64,iVBORw0KGgoAAAANSUhEUgAAASwAAACqCAYAAAAX43IEAAAACXBIWXMAAAsTAAALEwEAmpwYAAAAAXNSR0IArs4c6QAAAARnQU1BAACxjwv8YQUAAAI4SURBVHgB7dQBDYAwEACxQRCGNexuIh4dl7Qiep1z3gUQcO29ZwEE3AsgQlhAhrCADGEBGcICMoQFZAgLyBAWkCEsIENYQIawgAxhARnCAjKEBWQIC8gQFpAhLCBDWECGsIAMYQEZwgIyhAVkCAvIEBaQISwgQ1hAhrCADGEBGcICMoQFZAgLyBAWkCEsIENYQIawgAxhARnCAjKEBWQIC8gQFpAhLCBDWECGsIAMYQEZwgIyhAVkCAvIEBaQISwgQ1hAhrCADGEBGcICMoQFZAgLyBAWkCEsIENYQIawgAxhARnCAjKEBWQIC8gQFpAhLCBDWECGsIAMYQEZwgIyhAVkCAvIEBaQISwgQ1hAhrCADGEBGcICMoQFZAgLyBAWkCEsIENYQIawgAxhARnCAjKEBWQIC8gQFpAhLCBDWECGsIAMYQEZwgIyhAVkCAvIEBaQISwgQ1hAhrCADGEBGcICMoQFZAgLyBAWkCEsIENYQIawgAxhARnCAjKEBWQIC8gQFpAhLCBDWECGsIAMYQEZwgIyhAVkCAvIEBaQISwgQ1hAhrCADGEBGcICMoQFZAgLyBAWkCEsIENYQIawgAxhARnCAjKEBWQIC8gQFpAhLCBDWECGsIAMYQEZwgIyhAVkCAvIEBaQISwgQ1hAhrCADGEBGcICMoQFZAgLyBAWkCEsIENYQIawgAxhARnCAjKEBWQIC8gQFpAhLCBDWECGsIAMYQEZwgIyhAVkCAvIeGbmWwABP+6qC5H\/hV36AAAAAElFTkSuQmCC&quot;)\"   src=\"https:\/\/www.europesays.com\/fr\/wp-content\/uploads\/2025\/04\/1745630688_940_image\"\/><\/p>\n<p>D\u00e8s le 1er janvier 2025, la ZFE-m de Nancy concernera les poids lourds et utilitaires Crit&rsquo;Air 5 et non class\u00e9s. Les v\u00e9hicules particuliers ont un r\u00e9pit jusqu&rsquo;en 2028. \u00a9iStock<\/p>\n<p>Pourquoi une ZFE dans la m\u00e9tropole du Grand Nancy\u00a0?<\/p>\n<p class=\"Paragraph___StyledP-sc-obvcs1-0 gbDcHY\">La m\u00e9tropole de Nancy est concern\u00e9e par la mise en \u0153uvre d\u2019une <a target=\"_self\" rel=\"follow noopener\" href=\"https:\/\/media.roole.fr\/transition\/territoires\/zfe-quest-ce-quune-zone-a-faibles-emissions-mobilite\">zone \u00e0 faibles \u00e9missions mobilit\u00e9 (ZFE-m)<\/a> dans le cadre de la loi climat et r\u00e9silience de 2021, au m\u00eame titre que 41 autres m\u00e9tropoles fran\u00e7aises de plus de 150\u00a0000 habitants. Conform\u00e9ment \u00e0 la loi, la ZFE-m est d\u00e9ploy\u00e9e depuis le 1er janvier 2025. <strong>Nancy fait partie des \u00ab\u00a0Territoires de vigilance\u00a0\u00bb identifi\u00e9s en France, c\u2019est-\u00e0-dire les m\u00e9tropoles de plus de 150\u00a0000 habitants o\u00f9 les seuils r\u00e9glementaires de pollution atmosph\u00e9rique ne sont pas r\u00e9guli\u00e8rement d\u00e9pass\u00e9s.<\/strong> Pour ces territoires, la loi exige que soient exclues de leur ZFE-m les voitures immatricul\u00e9es avant le 31 d\u00e9cembre 1996 (non class\u00e9s) et\/ou les v\u00e9hicules utilitaires l\u00e9gers immatricul\u00e9s avant le 30 septembre 1997 (non class\u00e9s) et\/ou les poids lourds immatricul\u00e9s avant le 30 septembre 2001.<\/p>\n<p><a href=\"https:\/\/media.roole.fr\/transition\/territoires\/zfe-quest-ce-quune-zone-a-faibles-emissions-mobilite\" target=\"_self\" class=\"sc-hMRyxU dcPvOU\" rel=\"noopener\">ZFE : qu&rsquo;est-ce qu&rsquo;une Zone \u00e0 faibles \u00e9missions mobilit\u00e9 ? <\/a><\/p>\n<p class=\"Paragraph___StyledP-sc-obvcs1-0 gbDcHY\">\u00ab\u00a0Sur le territoire du Grand Nancy, le trafic routier est \u00e0 l\u2019origine de 80\u00a0% des \u00e9missions de dioxyde d\u2019azote et de 25\u00a0% des particules fines\u00a0\u00bb, rappelle la m\u00e9tropole sur son site. \u00ab\u00a0Si les seuils r\u00e9glementaires de pollution sont globalement respect\u00e9s sur notre territoire, les concentrations de polluants restent sup\u00e9rieures aux niveaux recommand\u00e9s par l\u2019Organisation Mondiale de la Sant\u00e9\u00a0\u00bb, est-il pr\u00e9cis\u00e9. La mise en place de cette ZFE-m devrait donc participer \u00e0 l\u2019am\u00e9lioration de la qualit\u00e9 de l\u2019air dans la m\u00e9tropole. <\/p>\n<p>Quel est le p\u00e9rim\u00e8tre de la ZFE\u00a0?<\/p>\n<p class=\"Paragraph___StyledP-sc-obvcs1-0 gbDcHY\">La ZFE-m du grand Nancy <strong>concerne les 20 communes de la m\u00e9tropole.<\/strong> Sont exclus les principaux axes routiers, notamment pour laisser des acc\u00e8s aux parkings relais existants. Les axes qui ne font pas partie de la ZFE sont\u00a0:<\/p>\n<ul class=\"sc-hnhRqi sc-ijELWj gSehyy dmrYk\">\n<li>L\u2019A31<\/li>\n<li>L\u2019A33<\/li>\n<li>L\u2019A330<\/li>\n<li>La D400<\/li>\n<li>La M674<\/li>\n<li>Les rues permettant d\u2019acc\u00e9der \u00e0 tous les parkings relais existants<\/li>\n<\/ul>\n<p><img alt=\"Le p\u00e9rim\u00e8tre de la future ZFE-m du Grand Nancy inclut les 20 communes de la m\u00e9tropole. \u00a9M\u00e9tropoleGrandNancy\" loading=\"lazy\" width=\"0\" height=\"0\" decoding=\"async\" data-nimg=\"1\" style=\"color:transparent;object-fit:contain;max-width:100%;height:auto;border-radius:1.5rem;margin:0 auto;background-size:contain;background-position:50% 50%;background-repeat:no-repeat;background-image:url(&quot;data:image\/png;base64,iVBORw0KGgoAAAANSUhEUgAAASwAAACqCAYAAAAX43IEAAAACXBIWXMAAAsTAAALEwEAmpwYAAAAAXNSR0IArs4c6QAAAARnQU1BAACxjwv8YQUAAAI4SURBVHgB7dQBDYAwEACxQRCGNexuIh4dl7Qiep1z3gUQcO29ZwEE3AsgQlhAhrCADGEBGcICMoQFZAgLyBAWkCEsIENYQIawgAxhARnCAjKEBWQIC8gQFpAhLCBDWECGsIAMYQEZwgIyhAVkCAvIEBaQISwgQ1hAhrCADGEBGcICMoQFZAgLyBAWkCEsIENYQIawgAxhARnCAjKEBWQIC8gQFpAhLCBDWECGsIAMYQEZwgIyhAVkCAvIEBaQISwgQ1hAhrCADGEBGcICMoQFZAgLyBAWkCEsIENYQIawgAxhARnCAjKEBWQIC8gQFpAhLCBDWECGsIAMYQEZwgIyhAVkCAvIEBaQISwgQ1hAhrCADGEBGcICMoQFZAgLyBAWkCEsIENYQIawgAxhARnCAjKEBWQIC8gQFpAhLCBDWECGsIAMYQEZwgIyhAVkCAvIEBaQISwgQ1hAhrCADGEBGcICMoQFZAgLyBAWkCEsIENYQIawgAxhARnCAjKEBWQIC8gQFpAhLCBDWECGsIAMYQEZwgIyhAVkCAvIEBaQISwgQ1hAhrCADGEBGcICMoQFZAgLyBAWkCEsIENYQIawgAxhARnCAjKEBWQIC8gQFpAhLCBDWECGsIAMYQEZwgIyhAVkCAvIEBaQISwgQ1hAhrCADGEBGcICMoQFZAgLyBAWkCEsIENYQIawgAxhARnCAjKEBWQIC8gQFpAhLCBDWECGsIAMYQEZwgIyhAVkCAvIeGbmWwABP+6qC5H\/hV36AAAAAElFTkSuQmCC&quot;)\"   src=\"https:\/\/www.europesays.com\/fr\/wp-content\/uploads\/2025\/04\/1745630689_378_image\"\/><\/p>\n<p>Le p\u00e9rim\u00e8tre de la future ZFE-m du Grand Nancy inclut les 20 communes de la m\u00e9tropole. \u00a9M\u00e9tropoleGrandNancy<\/p>\n<p>Qui est concern\u00e9 par la ZFE\u00a0?\u00a0<\/p>\n<p class=\"Paragraph___StyledP-sc-obvcs1-0 gbDcHY\">Depuis le 1er janvier 2025, et dans un premier temps, <strong>seuls les poids lourds et les v\u00e9hicules utilitaires <\/strong><a target=\"_self\" rel=\"follow noopener\" href=\"https:\/\/media.roole.fr\/quotidien\/reglementation\/vignette-crit-air\"><strong>Crit\u2019Air<\/strong><\/a><strong> 5 et non class\u00e9s sont exclus du p\u00e9rim\u00e8tre de la ZFE.<\/strong> Les v\u00e9hicules particuliers ne seront concern\u00e9s qu\u2019\u00e0 partir de 2028. Ce qui laisse du temps aux habitants de la m\u00e9tropole pour changer de v\u00e9hicule si n\u00e9cessaire\u2026 Ou de r\u00e9inventer leur mobilit\u00e9 en optant pour des modes de transport alternatifs. <\/p>\n<p class=\"Text-sc-d960nx-0 Highlight___StyledText2-sc-nmq04q-0 ezLdOh hHEYss\">Cette ZFE est active 7 jours sur 7 et 24h sur 24. <\/p>\n<p>Quelles sont les exceptions\u00a0?<\/p>\n<p class=\"Paragraph___StyledP-sc-obvcs1-0 gbDcHY\">Comme dans toutes les agglom\u00e9rations qui mettent en \u0153uvre une ZFE, des d\u00e9rogations sont pr\u00e9vues. Dans la m\u00e9tropole de Nancy, elles concernent notamment les v\u00e9hicules transportant une personne suivant des traitements m\u00e9dicaux, certains v\u00e9hicules d\u2019entreprises, les v\u00e9hicules des associations et entreprises de l\u2019\u00e9conomie solidaire, ou encore les v\u00e9hicules de collection (pour des usages occasionnels). <\/p>\n<p class=\"Paragraph___StyledP-sc-obvcs1-0 gbDcHY\">Par ailleurs, <strong>la m\u00e9tropole a mis en place un \u00ab\u00a0Pass ZFE 24h\u00a0\u00bb<\/strong>, qui permet aux v\u00e9hicules exclus du p\u00e9rim\u00e8tre d\u2019y circuler exceptionnellement jusqu\u2019\u00e0 24 jours par an. <\/p>\n<p class=\"Text-sc-d960nx-0 Highlight___StyledText2-sc-nmq04q-0 ezLdOh hHEYss\">Pour obtenir un \u00ab\u00a0Pass ZFE 24h\u00a0\u00bb, il faut en faire la demande \u00e0 chaque utilisation depuis la plateforme d\u00e9di\u00e9e accessible depuis <a target=\"_blank\" rel=\"nofollow noopener\" href=\"https:\/\/www.grandnancy.eu\">le site de la m\u00e9tropole du Grand Nancy<\/a> ou par contact t\u00e9l\u00e9phonique au 03\u00a083\u00a091\u00a083\u00a091.<\/p>\n<p class=\"Paragraph___StyledP-sc-obvcs1-0 gbDcHY\"><strong>Les contrevenants s\u2019exposent en th\u00e9orie \u00e0 une amende forfaitaire de 68 euros<\/strong>. Les contr\u00f4les automatiques avec lecture des plaques d\u2019immatriculation devraient, selon les annonces gouvernementales, \u00eatre d\u00e9ploy\u00e9s d\u2019ici 2026.<\/p>\n<p>Les aides pour les automobilistes concern\u00e9s<\/p>\n<p class=\"Paragraph___StyledP-sc-obvcs1-0 gbDcHY\">La M\u00e9tropole propose des aides pour les automobilistes concern\u00e9s par ces interdictions de circulation. Elles peuvent \u00eatre sollicit\u00e9es par les professionnels d\u00e8s 2025, mais <strong>ne concerneront les particuliers qu&rsquo;\u00e0 partir de 2026<\/strong>. Sous conditions de ressources, les particuliers pourront b\u00e9n\u00e9ficier d&rsquo;aides pour le remplacement d&rsquo;un v\u00e9hicule polluant par un v\u00e9hicule propre (ou un v\u00e9lo-cargo), ou pour un retrofit. <\/p>\n<p class=\"Paragraph___StyledP-sc-obvcs1-0 gbDcHY\"><strong>D&rsquo;ici l\u00e0, rappelons que l&rsquo;\u00c9tat propose aussi une aide<\/strong>\u00a0: le <a target=\"_self\" rel=\"follow noopener\" href=\"https:\/\/media.roole.fr\/transition\/voiture-propre\/bonus-ecologique-ce-qui-va-changer-en-2024\">bonus \u00e9cologique<\/a>, d&rsquo;un montant de 2\u00a0000 \u00e0 4\u00a0000 euros selon les conditions de revenus. \u00c0 noter <strong>la <\/strong><a target=\"_self\" rel=\"follow noopener\" href=\"https:\/\/media.roole.fr\/quotidien\/reglementation\/prime-a-la-conversion-pour-quoi-pour-qui-et-quel-montant\"><strong>prime \u00e0 la conversion<\/strong><\/a><strong> a \u00e9t\u00e9 supprim\u00e9e fin 2024, ainsi que <\/strong><a target=\"_self\" rel=\"follow noopener\" href=\"https:\/\/media.roole.fr\/transition\/voiture-propre\/retrofit-les-aides-pour-convertir-un-vehicule-thermique-en-electrique\"><strong>la prime au r\u00e9trofit<\/strong><\/a><strong> en zones \u00e0 faibles \u00e9missions.<\/strong><\/p>\n<p><a href=\"https:\/\/media.roole.fr\/transition\/territoires\/zfe-en-france-ou-en-sont-les-villes-qui-deploient-ces-dispositifs\" target=\"_self\" class=\"sc-hMRyxU dcPvOU\" rel=\"noopener\">ZFE en France : o\u00f9 en sont les villes qui d\u00e9ploient ces dispositifs ?<\/a><\/p>\n","protected":false},"excerpt":{"rendered":"D\u00e8s le 1er janvier 2025, la ZFE-m de Nancy concernera les poids lourds et utilitaires Crit&rsquo;Air 5 et&hellip;\n","protected":false},"author":2,"featured_media":53164,"comment_status":"","ping_status":"","sticky":false,"template":"","format":"standard","meta":{"footnotes":""},"categories":[9635],"tags":[1111,11,1777,674,1011,27,775,1702,12,25,3533],"class_list":{"0":"post-53163","1":"post","2":"type-post","3":"status-publish","4":"format-standard","5":"has-post-thumbnail","7":"category-nancy","8":"tag-actu","9":"tag-actualites","10":"tag-eu","11":"tag-europe","12":"tag-fr","13":"tag-france","14":"tag-grand-est","15":"tag-nancy","16":"tag-news","17":"tag-republique-francaise","18":"tag-zfe"},"share_on_mastodon":{"url":"https:\/\/pubeurope.com\/@fr\/114401661668843094","error":""},"_links":{"self":[{"href":"https:\/\/www.europesays.com\/fr\/wp-json\/wp\/v2\/posts\/53163","targetHints":{"allow":["GET"]}}],"collection":[{"href":"https:\/\/www.europesays.com\/fr\/wp-json\/wp\/v2\/posts"}],"about":[{"href":"https:\/\/www.europesays.com\/fr\/wp-json\/wp\/v2\/types\/post"}],"author":[{"embeddable":true,"href":"https:\/\/www.europesays.com\/fr\/wp-json\/wp\/v2\/users\/2"}],"replies":[{"embeddable":true,"href":"https:\/\/www.europesays.com\/fr\/wp-json\/wp\/v2\/comments?post=53163"}],"version-history":[{"count":0,"href":"https:\/\/www.europesays.com\/fr\/wp-json\/wp\/v2\/posts\/53163\/revisions"}],"wp:featuredmedia":[{"embeddable":true,"href":"https:\/\/www.europesays.com\/fr\/wp-json\/wp\/v2\/media\/53164"}],"wp:attachment":[{"href":"https:\/\/www.europesays.com\/fr\/wp-json\/wp\/v2\/media?parent=53163"}],"wp:term":[{"taxonomy":"category","embeddable":true,"href":"https:\/\/www.europesays.com\/fr\/wp-json\/wp\/v2\/categories?post=53163"},{"taxonomy":"post_tag","embeddable":true,"href":"https:\/\/www.europesays.com\/fr\/wp-json\/wp\/v2\/tags?post=53163"}],"curies":[{"name":"wp","href":"https:\/\/api.w.org\/{rel}","templated":true}]}}