{"id":531632,"date":"2025-11-13T15:54:14","date_gmt":"2025-11-13T15:54:14","guid":{"rendered":"https:\/\/www.europesays.com\/fr\/531632\/"},"modified":"2025-11-13T15:54:14","modified_gmt":"2025-11-13T15:54:14","slug":"encore-plus-danimations-et-un-dispositif-de-securite-renforce-sur-le-marche","status":"publish","type":"post","link":"https:\/\/www.europesays.com\/fr\/531632\/","title":{"rendered":"encore plus d\u2019animations et un dispositif de s\u00e9curit\u00e9 renforc\u00e9 sur le march\u00e9"},"content":{"rendered":"<p class=\"insetTitle\">Des animations dans toute la ville<\/p>\n<p>En marge du march\u00e9, beaucoup d\u2019autres animations sont pr\u00e9vues \u00e0 travers toute la ville jusqu\u2019\u00e0 No\u00ebl. Des spectacles, contes et ateliers cr\u00e9atifs gratuits (broderie, macram\u00e9, bougies\u2026) seront organis\u00e9s \u00e0 la Maison du projet. Les inscriptions, bien souvent obligatoires, peuvent se faire directement sur internet.<\/p>\n<p>Des animations sur le th\u00e8me du Petit Nicolas, et notamment un atelier dessin anim\u00e9, auront lieu dans les mus\u00e9es d\u2019Art et d\u2019industrie et de la Mine. Un spectacle familial inspir\u00e9 du roman Germinal  sera jou\u00e9 au mus\u00e9e de la Mine, un jeu d\u2019enqu\u00eate est organis\u00e9 au mus\u00e9e d\u2019Art moderne, un jeu de piste au c\u0153ur de l\u2019Op\u00e9ra\u2026 Et les m\u00e9diath\u00e8ques ne sont pas en reste, avec des spectacles, ateliers, lectures (m\u00eame pour les moins de trois ans) jusqu\u2019\u00e0 No\u00ebl. Quant au nouveau spectacle de Val Grangent, il aura lieu les 19, 20 et 21\u00a0d\u00e9cembre.<\/p>\n<p>Les commerces st\u00e9phanois aussi participeront \u00e0 la f\u00eate. En d\u00e9cembre, les associations de Louis-Braille\/Dorian, Michelet, des places Chavanelle et Saint-Roch organisent des spectacles musicaux et feront m\u00eame venir le P\u00e8re No\u00ebl\u2026<\/p>\n","protected":false},"excerpt":{"rendered":"Des animations dans toute la ville En marge du march\u00e9, beaucoup d\u2019autres animations sont pr\u00e9vues \u00e0 travers toute&hellip;\n","protected":false},"author":2,"featured_media":531633,"comment_status":"","ping_status":"","sticky":false,"template":"","format":"standard","meta":{"footnotes":""},"categories":[9653],"tags":[1111,11,2430,1687,7539,1777,674,3326,1011,27,12,25,4001,7538],"class_list":{"0":"post-531632","1":"post","2":"type-post","3":"status-publish","4":"format-standard","5":"has-post-thumbnail","7":"category-saint-etienne","8":"tag-actu","9":"tag-actualites","10":"tag-auvergne-rhone-alpes","11":"tag-culture-loisirs","12":"tag-edition-loire-sud","13":"tag-eu","14":"tag-europe","15":"tag-fete-locale","16":"tag-fr","17":"tag-france","18":"tag-news","19":"tag-republique-francaise","20":"tag-saint-etienne","21":"tag-saint-etienne-ville"},"share_on_mastodon":{"url":"https:\/\/pubeurope.com\/@fr\/115543203194383559","error":""},"_links":{"self":[{"href":"https:\/\/www.europesays.com\/fr\/wp-json\/wp\/v2\/posts\/531632","targetHints":{"allow":["GET"]}}],"collection":[{"href":"https:\/\/www.europesays.com\/fr\/wp-json\/wp\/v2\/posts"}],"about":[{"href":"https:\/\/www.europesays.com\/fr\/wp-json\/wp\/v2\/types\/post"}],"author":[{"embeddable":true,"href":"https:\/\/www.europesays.com\/fr\/wp-json\/wp\/v2\/users\/2"}],"replies":[{"embeddable":true,"href":"https:\/\/www.europesays.com\/fr\/wp-json\/wp\/v2\/comments?post=531632"}],"version-history":[{"count":0,"href":"https:\/\/www.europesays.com\/fr\/wp-json\/wp\/v2\/posts\/531632\/revisions"}],"wp:featuredmedia":[{"embeddable":true,"href":"https:\/\/www.europesays.com\/fr\/wp-json\/wp\/v2\/media\/531633"}],"wp:attachment":[{"href":"https:\/\/www.europesays.com\/fr\/wp-json\/wp\/v2\/media?parent=531632"}],"wp:term":[{"taxonomy":"category","embeddable":true,"href":"https:\/\/www.europesays.com\/fr\/wp-json\/wp\/v2\/categories?post=531632"},{"taxonomy":"post_tag","embeddable":true,"href":"https:\/\/www.europesays.com\/fr\/wp-json\/wp\/v2\/tags?post=531632"}],"curies":[{"name":"wp","href":"https:\/\/api.w.org\/{rel}","templated":true}]}}