{"id":531634,"date":"2025-11-13T15:55:19","date_gmt":"2025-11-13T15:55:19","guid":{"rendered":"https:\/\/www.europesays.com\/fr\/531634\/"},"modified":"2025-11-13T15:55:19","modified_gmt":"2025-11-13T15:55:19","slug":"meteo-le-vent-va-sintensifier-dans-la-loire-des-rafales-a-110-km-h-voici-ou","status":"publish","type":"post","link":"https:\/\/www.europesays.com\/fr\/531634\/","title":{"rendered":"M\u00e9t\u00e9o. \u00ab\u00a0Le vent va s&rsquo;intensifier\u00a0\u00bb dans la Loire, des rafales \u00e0 110 km\/h : voici o\u00f9"},"content":{"rendered":"<p>                    Par<br \/>\n        <strong><br \/>\n            <a href=\"https:\/\/actu.fr\/auteur\/mathias-souteyrat\" title=\"Consulter tous les articles de Mathias Souteyrat\" rel=\"nofollow noopener\" target=\"_blank\">Mathias Souteyrat<\/a><br \/>\n                    <\/strong><\/p>\n<p>        Publi\u00e9 le<\/p>\n<p>            13 nov. 2025 \u00e0 15h54        <\/p>\n<p>La <a href=\"https:\/\/actu.fr\/auvergne-rhone-alpes\/loire_42\" rel=\"nofollow noopener\" target=\"_blank\">Loire<\/a> est toujours en alerte jaune aux <a href=\"https:\/\/actu.fr\/meteo\/tempete-claudia-vent-violent-et-rafales-a-130-km-h-ce-jeudi-en-france-21-departements-en-vigilance_63429199.html\" rel=\"nofollow noopener\" target=\"_blank\">vents violents<\/a> jusqu\u2019au vendredi 14 novembre \u00e0 20 heures, selon les pr\u00e9visions de M\u00e9t\u00e9o France, puis en vigilance jaune <strong>pluie-inondations<\/strong> \u00e0 partir de vendredi 20 heures.<\/p>\n<p class=\" wall-content\">Ce jeudi, il y a toujours un fort vent d\u2019Autan dans son domaine et un fort vent de sud en vall\u00e9e du <strong>Gier<\/strong>, sud du d\u00e9partement du Rh\u00f4ne.<\/p>\n<p>110\u00a0km\/h dans le Pilat<\/p>\n<p class=\" wall-content\">D\u2019apr\u00e8s M\u00e9t\u00e9o Loire, \u00e0 partir de cette nuit, le vent du sud qui soufflait mod\u00e9r\u00e9ment aujourd\u2019hui va s\u2019intensifier avec une journ\u00e9e de demain particuli\u00e8rement venteuse.<\/p>\n<p class=\" wall-content\">Les rafales atteindront g\u00e9n\u00e9ralement les<strong> 50 \u00e0 80\u00a0km\/h en plaine,<\/strong><strong> les 70\u00a0km\/h dans les Monts du Forez, 90\u00a0km\/h dans le bassin st\u00e9phanois<\/strong>, et jusqu\u2019\u00e0 110\u00a0km\/ dans le Pilat. \u00ab\u2009Soyez prudents\u2009!\u2009\u00bb, demande la pr\u00e9fecture lig\u00e9rienne.<\/p>\n<p class=\" wall-content\">Si de l\u2019air (tr\u00e8s) chaud venu du Sahara s\u2019impose cette semaine en France, un refroidissement marqu\u00e9 se dessine sur le pays \u00e0 partir du lundi 17\u00a0novembre 2025.<\/p>\n<p class=\" wall-content\">Personnalisez votre actualit\u00e9 en ajoutant vos villes et m\u00e9dias en favori avec <a href=\"https:\/\/moncompte.actu.fr\" title=\"D\u00e9couvez Mon Actu\" rel=\"nofollow noopener\" data-trk=\"{&quot;cta&quot;:{&quot;action&quot;:&quot;https:\\\/\\\/moncompte.actu.fr&quot;,&quot;category&quot;:&quot;mon compte&quot;,&quot;from&quot;:&quot;article footer&quot;,&quot;name&quot;:&quot;Mon actu&quot;,&quot;type&quot;:&quot;cta&quot;}}\" target=\"_blank\">Mon Actu<\/a>.<\/p>\n","protected":false},"excerpt":{"rendered":"Par Mathias Souteyrat Publi\u00e9 le 13 nov. 2025 \u00e0 15h54 La Loire est toujours en alerte jaune aux&hellip;\n","protected":false},"author":2,"featured_media":505834,"comment_status":"","ping_status":"","sticky":false,"template":"","format":"standard","meta":{"footnotes":""},"categories":[9653],"tags":[1111,11,2430,1777,674,1011,27,2487,2357,12,25,4001],"class_list":{"0":"post-531634","1":"post","2":"type-post","3":"status-publish","4":"format-standard","5":"has-post-thumbnail","7":"category-saint-etienne","8":"tag-actu","9":"tag-actualites","10":"tag-auvergne-rhone-alpes","11":"tag-eu","12":"tag-europe","13":"tag-fr","14":"tag-france","15":"tag-meteo","16":"tag-meteo-france","17":"tag-news","18":"tag-republique-francaise","19":"tag-saint-etienne"},"share_on_mastodon":{"url":"https:\/\/pubeurope.com\/@fr\/115543207130606855","error":""},"_links":{"self":[{"href":"https:\/\/www.europesays.com\/fr\/wp-json\/wp\/v2\/posts\/531634","targetHints":{"allow":["GET"]}}],"collection":[{"href":"https:\/\/www.europesays.com\/fr\/wp-json\/wp\/v2\/posts"}],"about":[{"href":"https:\/\/www.europesays.com\/fr\/wp-json\/wp\/v2\/types\/post"}],"author":[{"embeddable":true,"href":"https:\/\/www.europesays.com\/fr\/wp-json\/wp\/v2\/users\/2"}],"replies":[{"embeddable":true,"href":"https:\/\/www.europesays.com\/fr\/wp-json\/wp\/v2\/comments?post=531634"}],"version-history":[{"count":0,"href":"https:\/\/www.europesays.com\/fr\/wp-json\/wp\/v2\/posts\/531634\/revisions"}],"wp:featuredmedia":[{"embeddable":true,"href":"https:\/\/www.europesays.com\/fr\/wp-json\/wp\/v2\/media\/505834"}],"wp:attachment":[{"href":"https:\/\/www.europesays.com\/fr\/wp-json\/wp\/v2\/media?parent=531634"}],"wp:term":[{"taxonomy":"category","embeddable":true,"href":"https:\/\/www.europesays.com\/fr\/wp-json\/wp\/v2\/categories?post=531634"},{"taxonomy":"post_tag","embeddable":true,"href":"https:\/\/www.europesays.com\/fr\/wp-json\/wp\/v2\/tags?post=531634"}],"curies":[{"name":"wp","href":"https:\/\/api.w.org\/{rel}","templated":true}]}}