{"id":531635,"date":"2025-11-13T15:56:21","date_gmt":"2025-11-13T15:56:21","guid":{"rendered":"https:\/\/www.europesays.com\/fr\/531635\/"},"modified":"2025-11-13T15:56:21","modified_gmt":"2025-11-13T15:56:21","slug":"une-continuite-du-devoir-de-memoire","status":"publish","type":"post","link":"https:\/\/www.europesays.com\/fr\/531635\/","title":{"rendered":"une continuit\u00e9 du devoir de m\u00e9moire"},"content":{"rendered":"<p>Le drapeau de l\u2019association des Fran\u00e7ais libres de Meurthe-et-Moselle, symbole de la R\u00e9sistance fran\u00e7aise et orn\u00e9 d\u2019une croix de Lorraine, a \u00e9t\u00e9 confi\u00e9 au coll\u00e8ge-lyc\u00e9e La Malgrange. Ce transfert, 80 ans apr\u00e8s la Lib\u00e9ration, marque la transmission du devoir de m\u00e9moire aux jeunes g\u00e9n\u00e9rations. Reconnu pour son engagement dans le Concours national de la R\u00e9sistance et de la D\u00e9portation, l\u2019\u00e9tablissement devient ainsi d\u00e9positaire d\u2019un embl\u00e8me du r\u00e9seau de la France combattante. Lors de la c\u00e9r\u00e9monie, plusieurs repr\u00e9sentants officiels ont soulign\u00e9 la port\u00e9e historique et symbolique du drapeau, porteur des valeurs r\u00e9publicaines de libert\u00e9, \u00e9galit\u00e9 et fraternit\u00e9. Le directeur, David Jobert, a rappel\u00e9 qu\u2019il relie les g\u00e9n\u00e9rations et incarne l\u2019histoire de la France. Les professeurs et \u00e9l\u00e8ves impliqu\u00e9s dans le travail de m\u00e9moire ont \u00e9t\u00e9 salu\u00e9s et six d\u2019entre eux sont d\u00e9sormais porteurs du drapeau. La c\u00e9r\u00e9monie s\u2019est conclue par un d\u00e9p\u00f4t de gerbe en hommage aux morts de la Premi\u00e8re Guerre mondiale.<\/p>\n","protected":false},"excerpt":{"rendered":"Le drapeau de l\u2019association des Fran\u00e7ais libres de Meurthe-et-Moselle, symbole de la R\u00e9sistance fran\u00e7aise et orn\u00e9 d\u2019une croix&hellip;\n","protected":false},"author":2,"featured_media":531636,"comment_status":"","ping_status":"","sticky":false,"template":"","format":"standard","meta":{"footnotes":""},"categories":[9635],"tags":[1111,11,1704,1777,674,1011,27,2798,775,937,9648,1702,12,25],"class_list":{"0":"post-531635","1":"post","2":"type-post","3":"status-publish","4":"format-standard","5":"has-post-thumbnail","7":"category-nancy","8":"tag-actu","9":"tag-actualites","10":"tag-edition-nancy-et-agglomeration","11":"tag-eu","12":"tag-europe","13":"tag-fr","14":"tag-france","15":"tag-galerie-photo","16":"tag-grand-est","17":"tag-histoire","18":"tag-jarville-la-malgrange","19":"tag-nancy","20":"tag-news","21":"tag-republique-francaise"},"share_on_mastodon":{"url":"https:\/\/pubeurope.com\/@fr\/115543211018144728","error":""},"_links":{"self":[{"href":"https:\/\/www.europesays.com\/fr\/wp-json\/wp\/v2\/posts\/531635","targetHints":{"allow":["GET"]}}],"collection":[{"href":"https:\/\/www.europesays.com\/fr\/wp-json\/wp\/v2\/posts"}],"about":[{"href":"https:\/\/www.europesays.com\/fr\/wp-json\/wp\/v2\/types\/post"}],"author":[{"embeddable":true,"href":"https:\/\/www.europesays.com\/fr\/wp-json\/wp\/v2\/users\/2"}],"replies":[{"embeddable":true,"href":"https:\/\/www.europesays.com\/fr\/wp-json\/wp\/v2\/comments?post=531635"}],"version-history":[{"count":0,"href":"https:\/\/www.europesays.com\/fr\/wp-json\/wp\/v2\/posts\/531635\/revisions"}],"wp:featuredmedia":[{"embeddable":true,"href":"https:\/\/www.europesays.com\/fr\/wp-json\/wp\/v2\/media\/531636"}],"wp:attachment":[{"href":"https:\/\/www.europesays.com\/fr\/wp-json\/wp\/v2\/media?parent=531635"}],"wp:term":[{"taxonomy":"category","embeddable":true,"href":"https:\/\/www.europesays.com\/fr\/wp-json\/wp\/v2\/categories?post=531635"},{"taxonomy":"post_tag","embeddable":true,"href":"https:\/\/www.europesays.com\/fr\/wp-json\/wp\/v2\/tags?post=531635"}],"curies":[{"name":"wp","href":"https:\/\/api.w.org\/{rel}","templated":true}]}}