{"id":531639,"date":"2025-11-13T15:58:18","date_gmt":"2025-11-13T15:58:18","guid":{"rendered":"https:\/\/www.europesays.com\/fr\/531639\/"},"modified":"2025-11-13T15:58:18","modified_gmt":"2025-11-13T15:58:18","slug":"un-forum-unique-dedie-a-la-maintenance-industrielle-a-toulon","status":"publish","type":"post","link":"https:\/\/www.europesays.com\/fr\/531639\/","title":{"rendered":"un forum unique d\u00e9di\u00e9 \u00e0 la Maintenance Industrielle \u00e0 Toulon"},"content":{"rendered":"<p>\t\t\t\t\t\t\t\tUn forum unique d\u00e9di\u00e9 \u00e0 la Maintenance Industrielle \u00e0 Toulon<\/p>\n<p>Info83 re\u00e7oit Jean-Yves Kbaier, pr\u00e9sident de l\u2019association 2MF.\u00a0 Partage de bonnes pratiques, passerelles civil\u2013militaire, veille technologique, emploi &amp; formation\u2026 Jean-Yves Kbaier nous pr\u00e9sente cette 4\u1d49 \u00e9dition du Mediterranean Maintenance Forum.<br \/>Il vous donne rendez-vous jeudi 27 novembre de 8h30 \u00e0 17h30 et vendredi 28 novembre 2025 au Palais Neptune \u00e0 Toulon.<\/p>\n<p><img fetchpriority=\"high\" decoding=\"async\" class=\"size-full wp-image-57073\" src=\"https:\/\/www.europesays.com\/fr\/wp-content\/uploads\/2025\/11\/Jean-Yves-Kbaier-president-de-l-association-2MF-info83.jpg\" alt=\"Maintenance Industrielle \u00e0 Toulon\" width=\"800\" height=\"400\"  \/>Info83 re\u00e7oit Jean-Yves Kbaier, pr\u00e9sident de l\u2019association 2MF.<\/p>\n<p>Les 27 et 28 novembre 2025, le Palais des Congr\u00e8s Neptune de Toulon accueille la 4\u1d49 \u00e9dition du Mediterranean Maintenance Forum, plus connu sous le nom 2MF 2025. Cet \u00e9v\u00e9nement rassemble les acteurs majeurs de la Maintenance Industrielle \u00e0 Toulon et dans le bassin m\u00e9diterran\u00e9en.<br \/>Cr\u00e9\u00e9 en 2021, le forum met en lumi\u00e8re une fili\u00e8re d\u2019excellence souvent m\u00e9connue : la maintenance des syst\u00e8mes industriels complexes. Sous-marins, porte-avions, h\u00e9licopt\u00e8res, yachts ou infrastructures navales \u2014 tous ces \u00e9quipements exigent un savoir-faire pointu et localement disponible.<\/p>\n<blockquote>\n<p>Pendant deux jours, les visiteurs d\u00e9couvrent un panorama complet des technologies, m\u00e9tiers et innovations li\u00e9s \u00e0 la maintenance. Le forum s\u2019adresse autant aux professionnels de l\u2019industrie, qu\u2019aux \u00e9tudiants, lyc\u00e9ens et demandeurs d\u2019emploi int\u00e9ress\u00e9s par les m\u00e9tiers techniques.<\/p>\n<\/blockquote>\n<p>Gr\u00e2ce \u00e0 la pr\u00e9sence d\u2019acteurs majeurs comme la Marine Nationale, Naval Group, Thales, Eiffage, ou KNDS\u2026, le 2MF 2025 illustre parfaitement la dynamique \u00e9conomique du territoire varois.<br \/>C\u2019est aussi une vitrine du savoir-faire local en Maintenance Industrielle \u00e0 Toulon, un secteur cl\u00e9 pour l\u2019emploi et la comp\u00e9titivit\u00e9 r\u00e9gionale.<\/p>\n<p>Des rencontres et conf\u00e9rences pour tous les publics<\/p>\n<p>L\u2019objectif du 2MF 2025 est clair : valoriser les m\u00e9tiers techniques et susciter des vocations. Le forum s\u2019appuie sur un solide r\u00e9seau de partenaires, dont France Travail et l\u2019Universit\u00e9 de Toulon, afin d\u2019encourager la d\u00e9couverte des carri\u00e8res industrielles.<\/p>\n<p>Plus de 500 lyc\u00e9ens et \u00e9tudiants sont attendus. Des professionnels pr\u00e9senteront leurs m\u00e9tiers, leurs projets et leurs perspectives d\u2019\u00e9volution.<\/p>\n<p>Des conf\u00e9rences de haut niveau rythmeront ces deux journ\u00e9es, abordant les th\u00e8mes de l\u2019innovation, de la durabilit\u00e9 et de la transition technologique dans la maintenance.<\/p>\n<p>Les visiteurs pourront \u00e9galement participer \u00e0 des ateliers, d\u00e9monstrations et jeux concours, favorisant l\u2019\u00e9change entre g\u00e9n\u00e9rations et la transmission du savoir-faire.<\/p>\n<p>Les jeunes auront l\u2019occasion unique de rencontrer directement les entreprises qui recrutent, tandis que les entreprises profiteront d\u2019une belle visibilit\u00e9 aupr\u00e8s de leurs futurs talents.<\/p>\n<blockquote>\n<p>La Maintenance Industrielle \u00e0 Toulon s\u2019affirme ainsi comme un secteur d\u2019avenir, offrant des emplois qualifi\u00e9s, bien r\u00e9mun\u00e9r\u00e9s et non d\u00e9localisables.<\/p>\n<\/blockquote>\n<p>Un \u00e9cosyst\u00e8me d\u2019excellence et des opportunit\u00e9s concr\u00e8tes<\/p>\n<p>Au-del\u00e0 des conf\u00e9rences, le 2MF 2025 met en avant un v\u00e9ritable \u00e9cosyst\u00e8me industriel en pleine croissance. Le territoire toulonnais abrite entre 5 000 et 10 000 emplois li\u00e9s directement ou indirectement \u00e0 la maintenance. Ces m\u00e9tiers couvrent un large spectre : chaudronnerie, m\u00e9catronique, ing\u00e9nierie navale, \u00e9lectricit\u00e9, robotique ou coordination de chantiers.<\/p>\n<p>Avec une quarantaine d\u2019entreprises exposantes et plus d\u2019un millier de visiteurs attendus, le forum devient un carrefour strat\u00e9gique entre le secteur civil et le secteur de la d\u00e9fense. Il favorise la transversalit\u00e9 entre la marine, le yachting et l\u2019industrie lourde, tout en int\u00e9grant les enjeux environnementaux et technologiques.<br \/>L\u2019\u00e9v\u00e9nement met aussi en avant le Riviera Yachting Network, repr\u00e9sentant l\u2019excellence r\u00e9gionale dans la maintenance des yachts de luxe. Ces activit\u00e9s, \u00e0 forte valeur ajout\u00e9e, d\u00e9montrent que la Maintenance Industrielle \u00e0 Toulon constitue un pilier durable de l\u2019\u00e9conomie locale, alliant innovation, tradition et passion du m\u00e9tier.<\/p>\n<blockquote>\n<p>En participant au 2MF 2025, vous rejoignez une communaut\u00e9 d\u2019experts, d\u2019industriels et de jeunes talents engag\u00e9s pour le futur de la maintenance en M\u00e9diterran\u00e9e.<\/p>\n<\/blockquote>\n<p><img loading=\"lazy\" decoding=\"async\" class=\"size-full wp-image-57072\" src=\"https:\/\/www.europesays.com\/fr\/wp-content\/uploads\/2025\/11\/Maintenance-Industrielle-a-Toulon-2025-info83.jpg\" alt=\"Maintenance Industrielle \u00e0 Toulon\" width=\"800\" height=\"369\"  \/>Participez au 2MF 2025 \u00e0 Toulon, l\u2019\u00e9v\u00e9nement majeur d\u00e9di\u00e9 \u00e0 la maintenance industrielle m\u00e9diterran\u00e9enne, les 27 et 28 novembre 2025.<br \/>\nFoire aux questions (FAQ) \u2013 2MF 2025 Toulon<\/p>\n<p><strong>Qu\u2019est-ce que le Mediterranean Maintenance Forum (2MF) ?<\/strong><br \/>C\u2019est un \u00e9v\u00e9nement d\u00e9di\u00e9 \u00e0 la maintenance industrielle m\u00e9diterran\u00e9enne, organis\u00e9 chaque ann\u00e9e \u00e0 Toulon.<\/p>\n<p><strong>Quand aura lieu le 2MF 2025 ?<\/strong><br \/>Le forum se tiendra les 27 et 28 novembre 2025 au Palais des Congr\u00e8s Neptune \u00e0 Toulon.<\/p>\n<p><strong>Qui peut participer ?<\/strong><br \/>Le forum est ouvert aux professionnels, \u00e9tudiants, lyc\u00e9ens et demandeurs d\u2019emploi int\u00e9ress\u00e9s par les m\u00e9tiers industriels.<\/p>\n<p><strong>L\u2019entr\u00e9e est-elle payante ?<\/strong><br \/>L\u2019acc\u00e8s est gratuit,\u00a0 avec un inscription en ligne est recommand\u00e9e.<\/p>\n<p><strong>Quelles entreprises seront pr\u00e9sentes ?<\/strong><br \/>Des grands noms comme Naval Group, Thales, KNDS, ainsi que de nombreuses PME locales.<\/p>\n<p><strong>Quels sont les objectifs du forum ?<\/strong><br \/>Promouvoir la maintenance industrielle \u00e0 Toulon, favoriser l\u2019emploi et cr\u00e9er des synergies entre secteurs.<\/p>\n<p><strong>Y aura-t-il des conf\u00e9rences ?<\/strong><br \/>Oui, des conf\u00e9rences de haut niveau aborderont les enjeux techniques, \u00e9conomiques et environnementaux du secteur.<\/p>\n<p><strong>Comment s\u2019inscrire ?<\/strong><br \/><a href=\"https:\/\/forum-2mf.com\/\" target=\"_blank\" rel=\"noopener\">L\u2019inscription se fait sur le site officiel ici<\/a><\/p>\n<p><strong>Quels m\u00e9tiers sont concern\u00e9s ?<\/strong><br \/>Tous les m\u00e9tiers de la maintenance : m\u00e9canique, \u00e9lectronique, chaudronnerie, ing\u00e9nierie et supervision technique.<\/p>\n<p><strong>Pourquoi cet \u00e9v\u00e9nement est-il important pour Toulon ?<\/strong><br \/>Parce qu\u2019il valorise un secteur cl\u00e9 pour l\u2019\u00e9conomie locale et l\u2019emploi dans la maintenance industrielle \u00e0 Toulon.<\/p>\n<p><strong>\u00a0<\/strong><\/p>\n<p><strong>A voir aussi :<\/strong><\/p>\n<p><strong><img decoding=\"async\" class=\"emoji\" role=\"img\" draggable=\"false\" src=\"https:\/\/s.w.org\/images\/core\/emoji\/13.1.0\/svg\/1f538.svg\" alt=\"\ud83d\udd38\" data-pin-no-hover=\"true\"\/>Info83, le Var proche de vous<br \/><\/strong><\/p>\n<p><img decoding=\"async\" class=\"emoji\" role=\"img\" draggable=\"false\" src=\"https:\/\/s.w.org\/images\/core\/emoji\/13.1.0\/svg\/27a1.svg\" alt=\"\u27a1\ufe0f\" data-pin-no-hover=\"true\"\/>\u00a0<a href=\"https:\/\/bit.ly\/2OZZMMK\" target=\"_blank\" rel=\"noopener noreferrer\">Facebook Info83<\/a><\/p>\n<p><img decoding=\"async\" class=\"emoji\" role=\"img\" draggable=\"false\" src=\"https:\/\/s.w.org\/images\/core\/emoji\/13.1.0\/svg\/27a1.svg\" alt=\"\u27a1\ufe0f\" data-pin-no-hover=\"true\"\/>\u00a0<a href=\"https:\/\/bit.ly\/2ONkTC9\" target=\"_blank\" rel=\"noopener noreferrer\">Youtube Info83<\/a><\/p>\n<p>\u00a0<\/p>\n","protected":false},"excerpt":{"rendered":"Un forum unique d\u00e9di\u00e9 \u00e0 la Maintenance Industrielle \u00e0 Toulon Info83 re\u00e7oit Jean-Yves Kbaier, pr\u00e9sident de l\u2019association 2MF.\u00a0&hellip;\n","protected":false},"author":2,"featured_media":531640,"comment_status":"","ping_status":"","sticky":false,"template":"","format":"standard","meta":{"footnotes":""},"categories":[9619],"tags":[65110,1111,11,11331,42468,341,65111,1777,674,1119,65112,1011,27,65113,6257,5701,55178,65114,65115,65116,12,882,7099,25,65117,717,2310,7506,65118],"class_list":{"0":"post-531639","1":"post","2":"type-post","3":"status-publish","4":"format-standard","5":"has-post-thumbnail","7":"category-toulon","8":"tag-2mf-2025","9":"tag-actu","10":"tag-actualites","11":"tag-conferences","12":"tag-economie-locale","13":"tag-emploi","14":"tag-entreprises-industrielles","15":"tag-eu","16":"tag-europe","17":"tag-formation","18":"tag-forum-industriel","19":"tag-fr","20":"tag-france","21":"tag-industrie-mediterraneenne","22":"tag-ingenierie","23":"tag-innovation","24":"tag-jeunes-talents","25":"tag-maintenance-industrielle-toulon","26":"tag-maintenance-navale","27":"tag-mediterranean-maintenance-forum","28":"tag-news","29":"tag-provence-alpes-cote-dazur","30":"tag-recrutement","31":"tag-republique-francaise","32":"tag-systemes-complexes","33":"tag-technologie","34":"tag-toulon","35":"tag-var","36":"tag-yachting"},"share_on_mastodon":{"url":"https:\/\/pubeurope.com\/@fr\/115543222274705981","error":""},"_links":{"self":[{"href":"https:\/\/www.europesays.com\/fr\/wp-json\/wp\/v2\/posts\/531639","targetHints":{"allow":["GET"]}}],"collection":[{"href":"https:\/\/www.europesays.com\/fr\/wp-json\/wp\/v2\/posts"}],"about":[{"href":"https:\/\/www.europesays.com\/fr\/wp-json\/wp\/v2\/types\/post"}],"author":[{"embeddable":true,"href":"https:\/\/www.europesays.com\/fr\/wp-json\/wp\/v2\/users\/2"}],"replies":[{"embeddable":true,"href":"https:\/\/www.europesays.com\/fr\/wp-json\/wp\/v2\/comments?post=531639"}],"version-history":[{"count":0,"href":"https:\/\/www.europesays.com\/fr\/wp-json\/wp\/v2\/posts\/531639\/revisions"}],"wp:featuredmedia":[{"embeddable":true,"href":"https:\/\/www.europesays.com\/fr\/wp-json\/wp\/v2\/media\/531640"}],"wp:attachment":[{"href":"https:\/\/www.europesays.com\/fr\/wp-json\/wp\/v2\/media?parent=531639"}],"wp:term":[{"taxonomy":"category","embeddable":true,"href":"https:\/\/www.europesays.com\/fr\/wp-json\/wp\/v2\/categories?post=531639"},{"taxonomy":"post_tag","embeddable":true,"href":"https:\/\/www.europesays.com\/fr\/wp-json\/wp\/v2\/tags?post=531639"}],"curies":[{"name":"wp","href":"https:\/\/api.w.org\/{rel}","templated":true}]}}