{"id":531647,"date":"2025-11-13T16:04:15","date_gmt":"2025-11-13T16:04:15","guid":{"rendered":"https:\/\/www.europesays.com\/fr\/531647\/"},"modified":"2025-11-13T16:04:15","modified_gmt":"2025-11-13T16:04:15","slug":"mobilisation-des-agriculteurs-contre-le-mercosur-il-y-a-un-ras-le-bol-general-250-exploitants-ont-manifeste-a-rouen","status":"publish","type":"post","link":"https:\/\/www.europesays.com\/fr\/531647\/","title":{"rendered":"Mobilisation des agriculteurs contre le Mercosur. \u00ab\u00a0Il y a un ras-le-bol g\u00e9n\u00e9ral !\u00a0\u00bb 250 exploitants ont manifest\u00e9 \u00e0 Rouen"},"content":{"rendered":"<p class=\"article__intro\">Quelque 250 agriculteurs, avec une quarantaine de tracteurs, ont manifest\u00e9 dans la soir\u00e9e du mercredi 12 novembre 2025 \u00e0 Rouen. Post\u00e9s devant la pr\u00e9fecture, ils ont exprim\u00e9 leur refus du projet d&rsquo;accord commercial entre l&rsquo;Union europ\u00e9enne et des pays du Mercosur.<\/p>\n<p>\n      L\u2019actu des r\u00e9gions\n    <\/p>\n<p>\n      Chaque jour, un tour d\u2019horizon des principales infos de toutes les r\u00e9gions.\n    <\/p>\n<p>    France T\u00e9l\u00e9visions utilise votre adresse e-mail afin de vous envoyer la newsletter \u00ab\u00a0L\u2019actu des r\u00e9gions\u00a0\u00bb. Vous pouvez vous d\u00e9sinscrire \u00e0 tout moment via le lien en bas de cette newsletter. <a target=\"_blank\" href=\"https:\/\/www.francetelevisions.fr\/groupe\/confidentialite\/politique-de-confidentialite\/politique-de-confidentialite-de-france-televisions-6503\" rel=\"nofollow noopener\">Notre politique de confidentialit\u00e9<\/a><\/p>\n<p>\u00ab\u00a0Mercosur non\u00a0\u00bb ou \u00ab\u00a0Ruralit\u00e9, libert\u00e9\u00a0\u00bb, proclamaient des pancartes fix\u00e9es \u00e0 l&rsquo;avant des tracteurs, r\u00e9unis \u00e0 l&rsquo;appel des syndicats FDSEA et Jeunes Agriculteurs, qui ont donn\u00e9 un concert de klaxons sur la place de la pr\u00e9fecture de Rouen.\u00a0<\/p>\n<p>\u00ab\u00a0On est l\u00e0 ce soir parce qu&rsquo;il y a un ras-le-bol g\u00e9n\u00e9ral\u00a0\u00bb, a assur\u00e9 J\u00e9r\u00f4me Malandain, pr\u00e9sident des Jeunes Agriculteurs de Seine-Maritime, \u00e0 l&rsquo;AFP.<\/p>\n<blockquote>\n<p>On est l\u00e0 ce soir parce qu&rsquo;il y a un ras-le-bol g\u00e9n\u00e9ral.\u00a0\u00c7a fait maintenant quasiment deux ans qu&rsquo;on est en manifestation. On nous a fait croire des choses qu&rsquo;on n&rsquo;a pas eues.<\/p>\n<p>J\u00e9r\u00f4me Malandain, pr\u00e9sident des Jeunes Agriculteurs de Seine-Maritime<\/p>\n<\/blockquote>\n<p>Deux bottes de foin ainsi que des d\u00e9chets de bois et plastique ont \u00e9t\u00e9 d\u00e9pos\u00e9s pour faire un feu par les manifestants, qui ont \u00e9galement organis\u00e9 un grand barbecue.<\/p>\n<p>\u00ab\u00a0Les accords du Mercosur vont \u00eatre sign\u00e9s et on va nous rajouter des taxes sur l&rsquo;engrais\u00a0\u00bb \u00e0 l&rsquo;importation, \u00ab\u00a0on nous m\u00e8ne au bateau depuis le d\u00e9part, s&rsquo;est emport\u00e9 J\u00e9r\u00f4me Malandain. Le probl\u00e8me, c&rsquo;est qu&rsquo;on va faire importer des produits qui ne respectent aucune norme europ\u00e9enne. Clairement. C&rsquo;est une concurrence d\u00e9loyale.\u00a0\u00bb<\/p>\n<p><strong>Reportage d&rsquo;In\u00e8s Depampelonne et St\u00e9phane L&rsquo;H\u00f4te :<\/strong><\/p>\n<p>    dur\u00e9e de la vid\u00e9o : 00h01mn53s<\/p>\n<p>        <img decoding=\"async\" width=\"640\" height=\"426\" class=\"article-image not-lazy\" src=\"https:\/\/www.europesays.com\/fr\/wp-content\/uploads\/2025\/11\/1fd0f516-38b5-4a44-905d-56519c6faf9b.jpg\" alt=\"\" fetchpriority=\"high\"\/><\/p>\n<p>              Voir la video\u00a0(1 minutes 53 secondes).\u00a0<br \/>\n                  1 min 53 s<\/p>\n<p>\n          Mobilisation des agriculteurs \u00e0 Rouen<\/p>\n<p>        \u2022<\/p>\n<p>              \u00a9France 3 Normandie\n      <\/p>\n<p>\u00ab\u00a0On sait tr\u00e8s bien qu&rsquo;on est incapables de contr\u00f4ler quoi que ce soit aujourd&rsquo;hui au travers de nos fronti\u00e8res. On le voit bien avec le textile, a de son c\u00f4t\u00e9 rench\u00e9ri Bruno Ledru, pr\u00e9sident de la FDSEA 76. On pensait avoir \u00e9t\u00e9 compris il y a un an et demi. En fait, pas du tout.\u00a0\u00bb<\/p>\n<p>Bruno Ledru a \u00e9galement accus\u00e9 le pr\u00e9sident Emmanuel Macron d&rsquo;avoir \u00ab\u00a0chang\u00e9 de discours\u00a0\u00bb sur l&rsquo;accord avec des pays du Mercosur. \u00ab\u00a0M\u00eame s&rsquo;il dit aujourd&rsquo;hui qu&rsquo;en l&rsquo;\u00e9tat l&rsquo;accord n&rsquo;est pas bon, il ne dit plus qu&rsquo;il ne veut plus d&rsquo;accord\u00a0\u00bb, a-t-il relev\u00e9.<\/p>\n<p>Le pr\u00e9sident Macron, qui s&rsquo;est entretenu mercredi avec une d\u00e9l\u00e9gation d&rsquo;agriculteurs \u00e0 Toulouse, a dit que l&rsquo;accord \u00ab\u00a0tel qu&rsquo;il existe aujourd&rsquo;hui, recueillera un non tr\u00e8s ferme de la France\u00a0\u00bb, a rapport\u00e9 la ministre de l&rsquo;Agriculture Annie Genevard.<\/p>\n","protected":false},"excerpt":{"rendered":"Quelque 250 agriculteurs, avec une quarantaine de tracteurs, ont manifest\u00e9 dans la soir\u00e9e du mercredi 12 novembre 2025&hellip;\n","protected":false},"author":2,"featured_media":531648,"comment_status":"","ping_status":"","sticky":false,"template":"","format":"standard","meta":{"footnotes":""},"categories":[9587],"tags":[1111,11,1777,674,1011,27,12,5161,25,9590],"class_list":{"0":"post-531647","1":"post","2":"type-post","3":"status-publish","4":"format-standard","5":"has-post-thumbnail","7":"category-rouen","8":"tag-actu","9":"tag-actualites","10":"tag-eu","11":"tag-europe","12":"tag-fr","13":"tag-france","14":"tag-news","15":"tag-normandie","16":"tag-republique-francaise","17":"tag-rouen"},"share_on_mastodon":{"url":"https:\/\/pubeurope.com\/@fr\/115543243670002031","error":""},"_links":{"self":[{"href":"https:\/\/www.europesays.com\/fr\/wp-json\/wp\/v2\/posts\/531647","targetHints":{"allow":["GET"]}}],"collection":[{"href":"https:\/\/www.europesays.com\/fr\/wp-json\/wp\/v2\/posts"}],"about":[{"href":"https:\/\/www.europesays.com\/fr\/wp-json\/wp\/v2\/types\/post"}],"author":[{"embeddable":true,"href":"https:\/\/www.europesays.com\/fr\/wp-json\/wp\/v2\/users\/2"}],"replies":[{"embeddable":true,"href":"https:\/\/www.europesays.com\/fr\/wp-json\/wp\/v2\/comments?post=531647"}],"version-history":[{"count":0,"href":"https:\/\/www.europesays.com\/fr\/wp-json\/wp\/v2\/posts\/531647\/revisions"}],"wp:featuredmedia":[{"embeddable":true,"href":"https:\/\/www.europesays.com\/fr\/wp-json\/wp\/v2\/media\/531648"}],"wp:attachment":[{"href":"https:\/\/www.europesays.com\/fr\/wp-json\/wp\/v2\/media?parent=531647"}],"wp:term":[{"taxonomy":"category","embeddable":true,"href":"https:\/\/www.europesays.com\/fr\/wp-json\/wp\/v2\/categories?post=531647"},{"taxonomy":"post_tag","embeddable":true,"href":"https:\/\/www.europesays.com\/fr\/wp-json\/wp\/v2\/tags?post=531647"}],"curies":[{"name":"wp","href":"https:\/\/api.w.org\/{rel}","templated":true}]}}