{"id":531649,"date":"2025-11-13T16:05:10","date_gmt":"2025-11-13T16:05:10","guid":{"rendered":"https:\/\/www.europesays.com\/fr\/531649\/"},"modified":"2025-11-13T16:05:10","modified_gmt":"2025-11-13T16:05:10","slug":"alpes-linfluence-de-ces-videos-allechantes-inquiete-les-secouristes-en-montagne-ca-a-explose","status":"publish","type":"post","link":"https:\/\/www.europesays.com\/fr\/531649\/","title":{"rendered":"Alpes. L&rsquo;influence de ces vid\u00e9os all\u00e9chantes inqui\u00e8te les secouristes en montagne : \u00ab\u00a0\u00c7a a explos\u00e9\u00a0\u00bb"},"content":{"rendered":"<p>                    Par<br \/>\n        <strong><br \/>\n            <a href=\"https:\/\/actu.fr\/auteur\/julien-sournies\" title=\"Consulter tous les articles de Julien Sournies\" rel=\"nofollow noopener\" target=\"_blank\">Julien Sournies<\/a><br \/>\n                    <\/strong><\/p>\n<p>        Publi\u00e9 le<\/p>\n<p>            13 nov. 2025 \u00e0 17h02        <\/p>\n<p>\u00c0 leur grand dam, ce type d\u2019intervention est devenu plus que monnaie courante pour les secouristes de la CRS <a href=\"https:\/\/actu.fr\/tag\/alpes\" rel=\"nofollow noopener\" target=\"_blank\">Alpes<\/a> depuis plusieurs semaines. Influenc\u00e9es par des contenus vid\u00e9os relay\u00e9s sur les r\u00e9seaux sociaux, nombre de personnes se pr\u00eatent d\u00e9sormais \u00e0 la<strong> randonn\u00e9e en montagne<\/strong>. Si la pratique peut para\u00eetre simple au premier abord, celle-ci comporte de <strong>nombreux risques<\/strong>, notamment en cette p\u00e9riode de l\u2019automne, o\u00f9 les variations de temp\u00e9ratures entre le jour et la nuit sont les plus marqu\u00e9es en altitude.<br \/>Benjamin Valla, chef de service \u00e0 la CRS Alpes, revient aupr\u00e8s d\u2019<a href=\"https:\/\/actu.fr\/grenoble\/\" rel=\"nofollow noopener\" target=\"_blank\">actu Grenoble<\/a> sur des \u00ab\u2009comportements dangereux\u2009\u00bb qui ont connu une <strong>croissance exponentielle<\/strong> en l\u2019espace de seulement quelques mois.<\/p>\n<p class=\" wall-content\">L\u2019une de leurs derni\u00e8res interventions en date illustre parfaitement ce fl\u00e9au pour les secouristes en montagne\u2009: <a href=\"https:\/\/actu.fr\/auvergne-rhone-alpes\/sainte-agnes_38350\/pres-de-grenoble-piege-par-les-reseaux-sociaux-ce-groupe-de-jeunes-vit-un-calvaire-en-montagne_63426834.html\" rel=\"nofollow noopener\" target=\"_blank\">apr\u00e8s avoir \u00e9t\u00e9 inspir\u00e9s par une vid\u00e9o TikTok vantant la beaut\u00e9 des paysages alpins<\/a>, cinq jeunes randonneurs originaires de l\u2019H\u00e9rault ont d\u00e9cid\u00e9 de bivouaquer \u00e0 proximit\u00e9 du lac Blanc dans la nuit de samedi\u00a08 \u00e0 dimanche 9\u00a0novembre.<\/p>\n<p class=\" wall-content\">Seulement, le groupe de jeunes, mal \u00e9quip\u00e9 et n\u00e9ophyte en mati\u00e8re de randonn\u00e9e en altitude, s\u2019est vite retrouv\u00e9 frigorifi\u00e9. D\u00e9sireux de gagner quelques degr\u00e9s en tentant de descendre la vall\u00e9e, ils se sont rapidement heurt\u00e9s \u00e0 plusieurs sentiers gel\u00e9s, avant de se retrouver\u00a0coinc\u00e9s sur des barres rocheuses recouvertes de glace surplombant des dizaines de m\u00e8tres de vide.<\/p>\n<blockquote class=\"tiktok-embed\" cite=\"https:\/\/www.tiktok.com\/@iwas.here38\/video\/7537204918260698390\" data-video-id=\"7537204918260698390\" data-embed-from=\"oembed\" style=\"max-width:605px; min-width:325px;\"><p>\n<a target=\"_blank\" title=\"@iwas.here38\" href=\"https:\/\/www.tiktok.com\/@iwas.here38?refer=embed\" rel=\"nofollow noopener\">@iwas.here38<\/a> <\/p>\n<p>Dormir au lac blanc de Belledonne \u2705 Incroyable\u2026. Indescriptible !!! Je veux rien savoir c\u2019est le plus beau lac de Belledonne !!!!!! T\u2019en r\u00eaves pas de vivre un moment comme \u00e7a toi? <a title=\"bivouac\" target=\"_blank\" href=\"https:\/\/www.tiktok.com\/tag\/bivouac?refer=embed\" rel=\"nofollow noopener\">#bivouac<\/a> <a title=\"montagne\" target=\"_blank\" href=\"https:\/\/www.tiktok.com\/tag\/montagne?refer=embed\" rel=\"nofollow noopener\">#montagne<\/a> <a title=\"belledonne\" target=\"_blank\" href=\"https:\/\/www.tiktok.com\/tag\/belledonne?refer=embed\" rel=\"nofollow noopener\">#belledonne<\/a> <a title=\"grenoble\" target=\"_blank\" href=\"https:\/\/www.tiktok.com\/tag\/grenoble?refer=embed\" rel=\"nofollow noopener\">#grenoble<\/a> <a title=\"trek\" target=\"_blank\" href=\"https:\/\/www.tiktok.com\/tag\/trek?refer=embed\" rel=\"nofollow noopener\">#trek<\/a> <a title=\"paysage\" target=\"_blank\" href=\"https:\/\/www.tiktok.com\/tag\/paysage?refer=embed\" rel=\"nofollow noopener\">#paysage<\/a> <\/p>\n<p> <a target=\"_blank\" title=\"\u266c Fallen (Vocals Only) - Halal Beats\" href=\"https:\/\/www.tiktok.com\/music\/Fallen-Vocals-Only-7322599559636600833?refer=embed\" rel=\"nofollow noopener\">\u266c Fallen (Vocals Only) \u2013 Halal Beats<\/a> <\/p>\n<\/blockquote>\n<p>\u00ab\u00a0On a clairement pass\u00e9 un cap depuis cet \u00e9t\u00e9\u00a0\u00bb<\/p>\n<p class=\" wall-content\">Si les cinq randonneurs ont finalement pu \u00eatre secourus, Benjamin Valla et ses coll\u00e8gues ne cachent pas leur inqui\u00e9tude face \u00e0 un ph\u00e9nom\u00e8ne en <strong>constante hausse<\/strong>. \u00ab\u2009Avant, \u00e7a ne se produisait pas, mais maintenant \u00e7a a explos\u00e9. On a clairement pass\u00e9 un cap depuis cet \u00e9t\u00e9, avec une recrudescence qui touche une tranche d\u2019\u00e2ge particuli\u00e8rement jeune\u2009\u00bb, observe-t-il.<\/p>\n<blockquote class=\"ac-article-quote wall-content\">\n<p>L&rsquo;influence des r\u00e9seaux sociaux est puissante : on y trouve des jolies cascades, de jolis paysages et des beaux couchers de soleil. D&rsquo;un c\u00f4t\u00e9, c&rsquo;est bien, car ils se lancent dans l&rsquo;aventure, mais pour \u00e7a il ne faut pas le faire de mani\u00e8re na\u00efve sans faire d&rsquo;\u00e9tudes du secteur au pr\u00e9alable et sans le mat\u00e9riel ad\u00e9quat.<\/p>\n<p>    <strong>Benjamin Valla<\/strong><br \/>\n        Chef de service \u00e0 la CRS Alpes    <\/p><\/blockquote>\n<p class=\" wall-content\">Alors que ce type de contenu existe pourtant depuis presque toujours sur les r\u00e9seaux sociaux, comment expliquer cette \u00ab\u2009explosion\u2009\u00bb du nombre d\u2019interventions depuis cet \u00e9t\u00e9\u2009? \u00ab\u2009Je pense que les gros<strong> \u00e9pisodes de canicules<\/strong> ont clairement motiv\u00e9 les gens \u00e0 rechercher un peu de fra\u00eecheur en montagne. On s\u2019est dit que l\u2019\u00e9t\u00e9 pass\u00e9, le ph\u00e9nom\u00e8ne allait se marginaliser, mais toutes les semaines encore, il se passe des choses avec des gens qui font n\u2019importe quoi et qui n\u2019ont aucune solution de repli\u2009\u00bb, explique Benjamin Valla.<\/p>\n<p>Votre r\u00e9gion, votre actu !<\/p>\n<p>Recevez chaque jour les infos qui comptent pour vous.<\/p>\n<p>\t<a href=\"https:\/\/actu.fr\/newsletter\" class=\"ac-btn ac-btn--corner ac-btn--medium ac-btn--blue800\" rel=\"nofollow noopener\" target=\"_blank\">S&rsquo;incrire<\/a><br \/>\n\u2009\u00a0\u00bbOn fait \u00e9norm\u00e9ment de r\u00e9gulation \u00e0 distance\u00a0\u00bb<\/p>\n<p class=\" wall-content\">Si ce type d\u2019intervention a consid\u00e9rablement augment\u00e9, le secouriste ne compte pas tout le travail de pr\u00e9vention effectu\u00e9 en parall\u00e8le. \u00ab\u2009Il faut savoir qu\u2019on ne part pas syst\u00e9matiquement en intervention, on fait <strong>\u00e9norm\u00e9ment de r\u00e9gulation \u00e0 distance<\/strong>. On a souvent des gens tr\u00e8s angoiss\u00e9s que l\u2019on doit rassurer\u2009\u00bb, pr\u00e9cise-t-il.<\/p>\n<blockquote class=\"tiktok-embed\" cite=\"https:\/\/www.tiktok.com\/@leoo_gt\/video\/7391972068230761761\" data-video-id=\"7391972068230761761\" data-embed-from=\"oembed\" style=\"max-width:605px; min-width:325px;\"><p>\n<a target=\"_blank\" title=\"@leoo_gt\" href=\"https:\/\/www.tiktok.com\/@leoo_gt?refer=embed\" rel=\"nofollow noopener\">@leoo_gt<\/a> <\/p>\n<p><a title=\"bivouac\" target=\"_blank\" href=\"https:\/\/www.tiktok.com\/tag\/bivouac?refer=embed\" rel=\"nofollow noopener\">#bivouac<\/a> <a title=\"fyp\u30b7\" target=\"_blank\" href=\"https:\/\/www.tiktok.com\/tag\/fyp%E3%82%B7?refer=embed\" rel=\"nofollow noopener\">#fyp\u30b7<\/a> <a title=\"viraltiktok\" target=\"_blank\" href=\"https:\/\/www.tiktok.com\/tag\/viraltiktok?refer=embed\" rel=\"nofollow noopener\">#viraltiktok<\/a> <a title=\"viral\" target=\"_blank\" href=\"https:\/\/www.tiktok.com\/tag\/viral?refer=embed\" rel=\"nofollow noopener\">#viral<\/a> <a title=\"fyp\" target=\"_blank\" href=\"https:\/\/www.tiktok.com\/tag\/fyp?refer=embed\" rel=\"nofollow noopener\">#fyp<\/a> <a title=\"foryoupage\" target=\"_blank\" href=\"https:\/\/www.tiktok.com\/tag\/foryoupage?refer=embed\" rel=\"nofollow noopener\">#foryoupage<\/a> <a title=\"alpes\" target=\"_blank\" href=\"https:\/\/www.tiktok.com\/tag\/alpes?refer=embed\" rel=\"nofollow noopener\">#alpes<\/a> <a title=\"frenchalps\" target=\"_blank\" href=\"https:\/\/www.tiktok.com\/tag\/frenchalps?refer=embed\" rel=\"nofollow noopener\">#frenchalps<\/a> <a title=\"belledonne\" target=\"_blank\" href=\"https:\/\/www.tiktok.com\/tag\/belledonne?refer=embed\" rel=\"nofollow noopener\">#belledonne<\/a> <a title=\"hiking\" target=\"_blank\" href=\"https:\/\/www.tiktok.com\/tag\/hiking?refer=embed\" rel=\"nofollow noopener\">#hiking<\/a> <a title=\"randonn\u00e9e\" target=\"_blank\" href=\"https:\/\/www.tiktok.com\/tag\/randonn%C3%A9e?refer=embed\" rel=\"nofollow noopener\">#randonn\u00e9e<\/a> <a title=\"friends\" target=\"_blank\" href=\"https:\/\/www.tiktok.com\/tag\/friends?refer=embed\" rel=\"nofollow noopener\">#friends<\/a> <a title=\"world\" target=\"_blank\" href=\"https:\/\/www.tiktok.com\/tag\/world?refer=embed\" rel=\"nofollow noopener\">#world<\/a> <\/p>\n<p> <a target=\"_blank\" title=\"\u266c som original - \ud835\ude6b\ud835\ude5e\ud835\ude58\ud835\ude60\ud835\ude5e\ud835\ude5a\u2605\" href=\"https:\/\/www.tiktok.com\/music\/som-original-7311746924892179205?refer=embed\" rel=\"nofollow noopener\">\u266c som original \u2013 \ud835\ude6b\ud835\ude5e\ud835\ude58\ud835\ude60\ud835\ude5e\ud835\ude5a\u2605<\/a> <\/p>\n<\/blockquote>\n<p class=\" wall-content\">Pour \u00e9viter que ce ph\u00e9nom\u00e8ne de \u00ab\u2009mim\u00e9tisme\u2009\u00bb avec les r\u00e9seaux sociaux ne prenne encore plus d\u2019ampleur, Benjamin Valla livre quelques conseils\u2009: \u00ab\u2009Ce qu\u2019il faut imp\u00e9rativement faire, c\u2019est de se <strong>renseigner sur les conditions m\u00e9t\u00e9o<\/strong>, surtout en montagne et en automne, o\u00f9 l\u2019on peut se retrouver en limite pluie-neige rapidement. Si on ne fait pas \u00e7a, on peut vite se retrouver sur des sentiers pi\u00e9g\u00e9s particuli\u00e8rement dangereux comme ces jeunes le week-end dernier.\u2009\u00bb<\/p>\n<blockquote class=\"ac-article-quote wall-content\">\n<p>L&rsquo;id\u00e9al, c&rsquo;est aussi de prendre renseignement avec des professionnels, notamment sur le mat\u00e9riel \u00e0 prendre, surtout lorsqu&rsquo;on veut bivouaquer. Il ne faut pas non plus h\u00e9siter \u00e0 effectuer des sorties avec des professionnels avant de se lancer en solo.<\/p>\n<p>    <strong>Benjamin Valla<\/strong><br \/>\n        Chef de service \u00e0 la CRS Alpes    <\/p><\/blockquote>\n<p class=\" wall-content\">Bien que ce ph\u00e9nom\u00e8ne donne davantage de fil \u00e0 retordre \u00e0 la CRS Alpes ces derniers temps, le secouriste assure n\u00e9anmoins que \u00ab\u2009dans la plupart des cas, \u00e7a se passe bien\u2009\u00bb. Reste \u00e0 savoir si ces comportements influenc\u00e9s par les r\u00e9seaux sociaux vont \u00eatre amen\u00e9s \u00e0 diminuer, au regard des fortes chutes des temp\u00e9ratures annonc\u00e9es la semaine prochaine dans les Alpes et partout en France.<\/p>\n<p class=\" wall-content\">Personnalisez votre actualit\u00e9 en ajoutant vos villes et m\u00e9dias en favori avec <a href=\"https:\/\/moncompte.actu.fr\" title=\"D\u00e9couvez Mon Actu\" rel=\"nofollow noopener\" data-trk=\"{&quot;cta&quot;:{&quot;action&quot;:&quot;https:\\\/\\\/moncompte.actu.fr&quot;,&quot;category&quot;:&quot;mon compte&quot;,&quot;from&quot;:&quot;article footer&quot;,&quot;name&quot;:&quot;Mon actu&quot;,&quot;type&quot;:&quot;cta&quot;}}\" target=\"_blank\">Mon Actu<\/a>.<\/p>\n<p>                    <script async src=\"\/\/www.tiktok.com\/embed.js\"><\/script><\/p>\n","protected":false},"excerpt":{"rendered":"Par Julien Sournies Publi\u00e9 le 13 nov. 2025 \u00e0 17h02 \u00c0 leur grand dam, ce type d\u2019intervention est&hellip;\n","protected":false},"author":2,"featured_media":531650,"comment_status":"","ping_status":"","sticky":false,"template":"","format":"standard","meta":{"footnotes":""},"categories":[9566],"tags":[1111,11,7733,2430,1777,674,1011,27,2731,5324,12,25,938,104],"class_list":{"0":"post-531649","1":"post","2":"type-post","3":"status-publish","4":"format-standard","5":"has-post-thumbnail","7":"category-grenoble","8":"tag-actu","9":"tag-actualites","10":"tag-alpes","11":"tag-auvergne-rhone-alpes","12":"tag-eu","13":"tag-europe","14":"tag-fr","15":"tag-france","16":"tag-grenoble","17":"tag-montagne","18":"tag-news","19":"tag-republique-francaise","20":"tag-reseaux-sociaux","21":"tag-societe"},"share_on_mastodon":{"url":"https:\/\/pubeurope.com\/@fr\/115543246505474933","error":""},"_links":{"self":[{"href":"https:\/\/www.europesays.com\/fr\/wp-json\/wp\/v2\/posts\/531649","targetHints":{"allow":["GET"]}}],"collection":[{"href":"https:\/\/www.europesays.com\/fr\/wp-json\/wp\/v2\/posts"}],"about":[{"href":"https:\/\/www.europesays.com\/fr\/wp-json\/wp\/v2\/types\/post"}],"author":[{"embeddable":true,"href":"https:\/\/www.europesays.com\/fr\/wp-json\/wp\/v2\/users\/2"}],"replies":[{"embeddable":true,"href":"https:\/\/www.europesays.com\/fr\/wp-json\/wp\/v2\/comments?post=531649"}],"version-history":[{"count":0,"href":"https:\/\/www.europesays.com\/fr\/wp-json\/wp\/v2\/posts\/531649\/revisions"}],"wp:featuredmedia":[{"embeddable":true,"href":"https:\/\/www.europesays.com\/fr\/wp-json\/wp\/v2\/media\/531650"}],"wp:attachment":[{"href":"https:\/\/www.europesays.com\/fr\/wp-json\/wp\/v2\/media?parent=531649"}],"wp:term":[{"taxonomy":"category","embeddable":true,"href":"https:\/\/www.europesays.com\/fr\/wp-json\/wp\/v2\/categories?post=531649"},{"taxonomy":"post_tag","embeddable":true,"href":"https:\/\/www.europesays.com\/fr\/wp-json\/wp\/v2\/tags?post=531649"}],"curies":[{"name":"wp","href":"https:\/\/api.w.org\/{rel}","templated":true}]}}