{"id":531664,"date":"2025-11-13T16:15:12","date_gmt":"2025-11-13T16:15:12","guid":{"rendered":"https:\/\/www.europesays.com\/fr\/531664\/"},"modified":"2025-11-13T16:15:12","modified_gmt":"2025-11-13T16:15:12","slug":"video-quel-est-ce-defile-detudiants-qui-a-intrigue-les-passants-a-bordeaux","status":"publish","type":"post","link":"https:\/\/www.europesays.com\/fr\/531664\/","title":{"rendered":"VID\u00c9O. Quel est ce d\u00e9fil\u00e9 d\u2019\u00e9tudiants qui a intrigu\u00e9 les passants \u00e0 Bordeaux\u00a0?"},"content":{"rendered":"<p>                    Par<br \/>\n        <strong><br \/>\n            <a href=\"https:\/\/actu.fr\/auteur\/julian-doubax\" title=\"Consulter tous les articles de Julian Doubax\" target=\"_blank\" rel=\"noopener\">Julian Doubax<\/a><br \/>\n                    <\/strong><\/p>\n<p>        Publi\u00e9 le<\/p>\n<p>            13 nov. 2025 \u00e0 16h50        <\/p>\n<p>De nombreux curieux ont brandi <strong>leur t\u00e9l\u00e9phone pour filmer<\/strong> cet \u00e9v\u00e8nement. Ce jeudi 13 novembre 2025, en d\u00e9but d\u2019apr\u00e8s-midi, les <a href=\"https:\/\/actu.fr\/nouvelle-aquitaine\/bordeaux_33063\/a-bordeaux-elle-occupe-illegalement-un-logement-crous-et-bloque-le-dossier-de-28-autres-etudiants_63313649.html\" target=\"_blank\" rel=\"noopener\">\u00e9tudiants<\/a> des promotions des Arts et M\u00e9tiers ont <strong>d\u00e9fil\u00e9<\/strong> dans les rues de Bordeaux.<\/p>\n<p class=\" wall-content\"><a href=\"https:\/\/actu.fr\/nouvelle-aquitaine\/bordeaux_33063\/video-dans-les-rues-de-bordeaux-un-etrange-defile-en-monome-surprend-les-passants_61864609.html\" target=\"_blank\" rel=\"noopener\">En uniforme ou en costume<\/a>, ils entonnent <strong>divers chants<\/strong> et s\u2019avancent avec un pas militaire. Cet \u00e9v\u00e8nement a un but : <strong>promouvoir leur gala<\/strong> qui se d\u00e9roulera le 13 d\u00e9cembre prochain au Hangar 14 aux Chartrons. \u00ab\u00a0Cela permet de montrer \u00e0 tout le monde qui nous sommes et de <strong>mettre en avant ce gala<\/strong> que l\u2019on organise chaque ann\u00e9e\u00a0\u00bb, explique Nathan Gr\u00e9goire, vice-pr\u00e9sident du Gala des Arts et M\u00e9tiers.<\/p>\n<p class=\" wall-content\"><a href=\"https:\/\/www.instagram.com\/reel\/DRAFvZliFe0\/embed\" title=\"Ouvrir le lien sur Instagram\" target=\"_blank\" rel=\"noopener\">Visualiser le contenu sur Instagram<\/a><\/p>\n<p class=\" wall-content\">Pour ce d\u00e9fil\u00e9, les costumes \u00e9taient tr\u00e8s vari\u00e9s. De Blanche-Neige en passant par les tenues traditionnelles mexicaines, une<strong> banane g\u00e9ante<\/strong> jusqu\u2019\u00e0 l\u2019alien, les \u00e9tudiants ont redoubl\u00e9 de <strong>cr\u00e9ativit\u00e9<\/strong>.\u00a0<\/p>\n<p class=\" wall-content\">Cette fameuse soir\u00e9e, appel\u00e9 la nuit des Fignos, est organis\u00e9e au Hangar 14 \u00e0 Bordeaux, le 13 d\u00e9cembre, de 21 heures \u00e0 4 heures du matin. <strong>Elle est ouverte \u00e0 tous<\/strong> avec des tarifs pr\u00e9f\u00e9rentiels : 8 euros pour les \u00e9tudiants et 35 euros pour les moins de 25 ans.\u00a0<\/p>\n<p class=\" wall-content\">Personnalisez votre actualit\u00e9 en ajoutant vos villes et m\u00e9dias en favori avec <a href=\"https:\/\/moncompte.actu.fr\" title=\"D\u00e9couvez Mon Actu\" rel=\"nofollow noopener\" data-trk=\"{&quot;cta&quot;:{&quot;action&quot;:&quot;https:\\\/\\\/moncompte.actu.fr&quot;,&quot;category&quot;:&quot;mon compte&quot;,&quot;from&quot;:&quot;article footer&quot;,&quot;name&quot;:&quot;Mon actu&quot;,&quot;type&quot;:&quot;cta&quot;}}\" target=\"_blank\">Mon Actu<\/a>.<\/p>\n<p>                    <script async src=\"\/\/www.instagram.com\/embed.js\"><\/script><\/p>\n","protected":false},"excerpt":{"rendered":"Par Julian Doubax Publi\u00e9 le 13 nov. 2025 \u00e0 16h50 De nombreux curieux ont brandi leur t\u00e9l\u00e9phone pour&hellip;\n","protected":false},"author":2,"featured_media":531665,"comment_status":"","ping_status":"","sticky":false,"template":"","format":"standard","meta":{"footnotes":""},"categories":[2817],"tags":[1111,11,1997,4019,1064,1777,674,1011,27,1757,12,2219,25,104],"class_list":{"0":"post-531664","1":"post","2":"type-post","3":"status-publish","4":"format-standard","5":"has-post-thumbnail","7":"category-bordeaux","8":"tag-actu","9":"tag-actualites","10":"tag-bordeaux","11":"tag-ecoles","12":"tag-etudiantses","13":"tag-eu","14":"tag-europe","15":"tag-fr","16":"tag-france","17":"tag-insolite","18":"tag-news","19":"tag-nouvelle-aquitaine","20":"tag-republique-francaise","21":"tag-societe"},"share_on_mastodon":{"url":"https:\/\/pubeurope.com\/@fr\/115543285744763708","error":""},"_links":{"self":[{"href":"https:\/\/www.europesays.com\/fr\/wp-json\/wp\/v2\/posts\/531664","targetHints":{"allow":["GET"]}}],"collection":[{"href":"https:\/\/www.europesays.com\/fr\/wp-json\/wp\/v2\/posts"}],"about":[{"href":"https:\/\/www.europesays.com\/fr\/wp-json\/wp\/v2\/types\/post"}],"author":[{"embeddable":true,"href":"https:\/\/www.europesays.com\/fr\/wp-json\/wp\/v2\/users\/2"}],"replies":[{"embeddable":true,"href":"https:\/\/www.europesays.com\/fr\/wp-json\/wp\/v2\/comments?post=531664"}],"version-history":[{"count":0,"href":"https:\/\/www.europesays.com\/fr\/wp-json\/wp\/v2\/posts\/531664\/revisions"}],"wp:featuredmedia":[{"embeddable":true,"href":"https:\/\/www.europesays.com\/fr\/wp-json\/wp\/v2\/media\/531665"}],"wp:attachment":[{"href":"https:\/\/www.europesays.com\/fr\/wp-json\/wp\/v2\/media?parent=531664"}],"wp:term":[{"taxonomy":"category","embeddable":true,"href":"https:\/\/www.europesays.com\/fr\/wp-json\/wp\/v2\/categories?post=531664"},{"taxonomy":"post_tag","embeddable":true,"href":"https:\/\/www.europesays.com\/fr\/wp-json\/wp\/v2\/tags?post=531664"}],"curies":[{"name":"wp","href":"https:\/\/api.w.org\/{rel}","templated":true}]}}