{"id":531674,"date":"2025-11-13T16:20:13","date_gmt":"2025-11-13T16:20:13","guid":{"rendered":"https:\/\/www.europesays.com\/fr\/531674\/"},"modified":"2025-11-13T16:20:13","modified_gmt":"2025-11-13T16:20:13","slug":"candidat-tres-mediatique-du-rn-au-beffroi-matthieu-valet-reste-inconnu-des-lillois","status":"publish","type":"post","link":"https:\/\/www.europesays.com\/fr\/531674\/","title":{"rendered":"Candidat tr\u00e8s m\u00e9diatique du RN au beffroi, Matthieu Valet reste inconnu des Lillois"},"content":{"rendered":"<p>Son nom circulait depuis plus d\u2019un an. Le commissaire de police et eurod\u00e9put\u00e9 Matthieu Valet a mis un terme, la semaine derni\u00e8re, au faux suspens autour de sa candidature dans la capitale des Flandres \u00e0 l\u2019\u00e9lection municipale de mars 2026. \u00ab\u202fC\u2019est avec beaucoup d\u2019\u00e9motion et surtout beaucoup d\u2019honneur que je vais repr\u00e9senter le Rassemblement national pour \u00eatre, si les \u00e9lecteurs le d\u00e9cident, le futur maire de Lille\u202f\u00bb, a\u2011t\u2010il annonc\u00e9 le 6 novembre, sur le plateau de <a href=\"https:\/\/www.bfmtv.com\/grand-lille\/replay-emissions\/lille-politiques\/video-invite-matthieu-valet-eurodepute-rn_VN-202511060966.html\" target=\"_blank\" rel=\"noopener\">BFM Grand Lille<\/a>. Son nom, qui bruissait depuis pr\u00e8s d\u2019un an, n\u2019a rien d\u2019une surprise.<\/p>\n<p>\u00ab\u202fJ\u2019ai \u00e9t\u00e9 harcel\u00e9 pour savoir si j\u2019y allais ou pas. On voulait \u00eatre s\u00fbr de la liste qu\u2019on allait mener, travailler sur le programme\u202f\u00bb, explique, toujours dans l\u2019\u00e9mission Nord Politiques, celui qui indique avoir quasiment trouv\u00e9 l\u2019ensemble de ses colistiers. Des partenaires qu\u2019il a voulu \u00ab\u202fissus de la soci\u00e9t\u00e9 civile\u202f\u00bb. Il faut dire que l\u2019implantation politique du RN est inexistante \u00e0 Lille depuis la d\u00e9faite de l\u2019avocat \u00c9ric Cattelin\u2010Denu en 2020, \u00e9limin\u00e9 au premier tour avec <a href=\"https:\/\/www.archives-resultats-elections.interieur.gouv.fr\/resultats\/municipales-2020\/059\/059350.php\" target=\"_blank\" rel=\"noopener\">un score tr\u00e8s faible<\/a> de 6,84 % des\u00a0voix.<\/p>\n<p>\u00ab\u202fJe suis n\u00e9 \u00e0 Lille. J\u2019ai grandi, \u00e9tudi\u00e9 \u00e0 Lille, j\u2019habite \u00e0 Lille, j\u2019ai travaill\u00e9 aussi \u00e0 Lille (\u2026) je ne l\u2019ai jamais quitt\u00e9e\u202f\u00bb, se situe le candidat RN de 39 ans, qui raconte avoir \u00e9t\u00e9 \u00e9lev\u00e9 seul par sa m\u00e8re dans des r\u00e9sidences HLM, d\u2019abord dans le quartier de Lille\u2010Sud puis sur l\u2019avenue du Pr\u00e9sident Hoover. En r\u00e9alit\u00e9, Matthieu Valet\u00a0ne\u00a0\u2026<\/p>\n<p>Nous vous offrons l\u2019acc\u00e8s \u00e0 cet article<\/p>\n<p>Et \u00e0 toutes nos enqu\u00eates pendant deux jours\u00a0\u00a0! <br \/>Oui, on est g\u00e9n\u00e9reux \ud83d\ude09 Mais pensez aussi \u00e0 <a href=\"https:\/\/www.mediacites.fr\/sabonner\/\" target=\"_blank\" style=\"color:#fff\" rel=\"noopener\">vous abonner<\/a>\u00a0\u00a0!<\/p>\n<p>\t\tEn renseignant votre adresse, vous acceptez nos <a href=\"https:\/\/www.mediacites.fr\/conditions-generales-d-utilisation\/\" target=\"_blank\" rel=\"noopener\">conditions g\u00e9n\u00e9rales d\u2019utilisation<\/a>. <br \/>Mediacit\u00e9s s\u2019engage \u00e0 ne pas c\u00e9der votre adresse \u00e0 des tiers. En cas d\u2019\u00e9chec, \u00e9crivez \u00e0 <a href=\"https:\/\/www.mediacites.fr\/municipales-2026\/lille\/2025\/11\/13\/candidat-tres-mediatique-du-rn-au-beffroi-matthieu-valet-reste-inconnu-des-lillois\/mailto:contact@mediacites.fr\" target=\"_blank\" rel=\"noopener\">contact@mediacites.fr<\/a><\/p>\n<ul>\n<li>J\u2019acc\u00e8de aux 4 \u00e9ditions de Mediacit\u00e9s (Lille, Lyon, Nantes et Toulouse)<\/li>\n<li>Je d\u00e9couvre un m\u00e9dia 100 % ind\u00e9pendant, avec 0 % de publicit\u00e9<\/li>\n<\/ul>\n<p>Envie de lire la\u00a0suite\u202f?<\/p>\n<p>Depuis neuf ans, Mediacit\u00e9s enqu\u00eate en toute ind\u00e9pendance dans votre ville. Gr\u00e2ce \u00e0 ses lecteurs\u202f! Abonnez\u2010vous pour ne rien manquer de nos enqu\u00eates, suivre les \u00e9lections municipales et soutenir un journal local d\u2019investigation.<\/p>\n<ul>\n<li>Acc\u00e8s aux 4 \u00e9ditions de Mediacit\u00e9s (Lille, Lyon, Nantes et Toulouse)<\/li>\n<li>100 % ind\u00e9pendant, avec 0 % de publicit\u00e9<\/li>\n<li>R\u00e9siliation facile \u00e0 tout moment<\/li>\n<\/ul>\n<p>Mediacit\u00e9s offre l\u2019acc\u00e8s \u00e0 cet article aux lecteurs de News2Com<\/p>\n<p>Et \u00e0 toutes nos enqu\u00eates pendant deux jours\u00a0\u00a0! <br \/>Oui, on est g\u00e9n\u00e9reux \ud83d\ude09 Mais pensez aussi \u00e0 <a href=\"https:\/\/www.mediacites.fr\/sabonner\/\" target=\"_blank\" style=\"color:#fff\" rel=\"noopener\">vous abonner<\/a>\u00a0\u00a0!<\/p>\n<p>\t\tEn renseignant votre adresse, vous acceptez nos <a href=\"https:\/\/www.mediacites.fr\/conditions-generales-d-utilisation\/\" target=\"_blank\" rel=\"noopener\">conditions g\u00e9n\u00e9rales d\u2019utilisation<\/a>. <br \/>Mediacit\u00e9s s\u2019engage \u00e0 ne pas c\u00e9der votre adresse \u00e0 des tiers. En cas d\u2019\u00e9chec, \u00e9crivez \u00e0 <a href=\"https:\/\/www.mediacites.fr\/municipales-2026\/lille\/2025\/11\/13\/candidat-tres-mediatique-du-rn-au-beffroi-matthieu-valet-reste-inconnu-des-lillois\/mailto:contact@mediacites.fr\" target=\"_blank\" rel=\"noopener\">contact@mediacites.fr<\/a><\/p>\n<ul>\n<li>J\u2019acc\u00e8de aux 4 \u00e9ditions de Mediacit\u00e9s (Lille, Lyon, Nantes et Toulouse)<\/li>\n<li>Je d\u00e9couvre un m\u00e9dia 100 % ind\u00e9pendant, avec 0 % de publicit\u00e9<\/li>\n<\/ul>\n","protected":false},"excerpt":{"rendered":"Son nom circulait depuis plus d\u2019un an. Le commissaire de police et eurod\u00e9put\u00e9 Matthieu Valet a mis un&hellip;\n","protected":false},"author":2,"featured_media":531675,"comment_status":"","ping_status":"","sticky":false,"template":"","format":"standard","meta":{"footnotes":""},"categories":[2815],"tags":[1111,11,1777,674,1011,27,811,1307,65122,65123,3434,49775,12,1078,25],"class_list":{"0":"post-531674","1":"post","2":"type-post","3":"status-publish","4":"format-standard","5":"has-post-thumbnail","7":"category-lille","8":"tag-actu","9":"tag-actualites","10":"tag-eu","11":"tag-europe","12":"tag-fr","13":"tag-france","14":"tag-hauts-de-france","15":"tag-lille","16":"tag-mairie-de-lille","17":"tag-matthieu-valet","18":"tag-municipales-2026","19":"tag-municipales2026","20":"tag-news","21":"tag-rassemblement-national","22":"tag-republique-francaise"},"share_on_mastodon":{"url":"https:\/\/pubeurope.com\/@fr\/115543305386402559","error":""},"_links":{"self":[{"href":"https:\/\/www.europesays.com\/fr\/wp-json\/wp\/v2\/posts\/531674","targetHints":{"allow":["GET"]}}],"collection":[{"href":"https:\/\/www.europesays.com\/fr\/wp-json\/wp\/v2\/posts"}],"about":[{"href":"https:\/\/www.europesays.com\/fr\/wp-json\/wp\/v2\/types\/post"}],"author":[{"embeddable":true,"href":"https:\/\/www.europesays.com\/fr\/wp-json\/wp\/v2\/users\/2"}],"replies":[{"embeddable":true,"href":"https:\/\/www.europesays.com\/fr\/wp-json\/wp\/v2\/comments?post=531674"}],"version-history":[{"count":0,"href":"https:\/\/www.europesays.com\/fr\/wp-json\/wp\/v2\/posts\/531674\/revisions"}],"wp:featuredmedia":[{"embeddable":true,"href":"https:\/\/www.europesays.com\/fr\/wp-json\/wp\/v2\/media\/531675"}],"wp:attachment":[{"href":"https:\/\/www.europesays.com\/fr\/wp-json\/wp\/v2\/media?parent=531674"}],"wp:term":[{"taxonomy":"category","embeddable":true,"href":"https:\/\/www.europesays.com\/fr\/wp-json\/wp\/v2\/categories?post=531674"},{"taxonomy":"post_tag","embeddable":true,"href":"https:\/\/www.europesays.com\/fr\/wp-json\/wp\/v2\/tags?post=531674"}],"curies":[{"name":"wp","href":"https:\/\/api.w.org\/{rel}","templated":true}]}}