{"id":531676,"date":"2025-11-13T16:21:11","date_gmt":"2025-11-13T16:21:11","guid":{"rendered":"https:\/\/www.europesays.com\/fr\/531676\/"},"modified":"2025-11-13T16:21:11","modified_gmt":"2025-11-13T16:21:11","slug":"un-grand-quiz-organise-a-base-de-citations-politiques-pour-remobiliser-les-electeurs-de-gauche","status":"publish","type":"post","link":"https:\/\/www.europesays.com\/fr\/531676\/","title":{"rendered":"un \u00ab\u00a0grand quiz\u00a0\u00bb organis\u00e9 \u00e0 base de citations politiques pour remobiliser les \u00e9lecteurs de gauche"},"content":{"rendered":"<p>Ils l&rsquo;ont dit et ont parfois, souvent, toujours (rayer la mention inutile) menti. Ou ne se sont pas toujours comport\u00e9s au diapason de leurs d\u00e9clarations. Face au <a href=\"https:\/\/www.laprovence.com\/article\/politique\/3644144362514715\/jai-eu-un-gros-coup-qui-sont-ces-jeunes-qui-regrettent-de-ne-pas-avoir-vote-aux-elections-europeennes\" target=\"_blank\" rel=\"noopener\">d\u00e9sint\u00e9r\u00eat d&rsquo;une certaine partie de la population pour la classe politique<\/a> en g\u00e9n\u00e9ral et pour les \u00e9lections en particulier, le mouvement citoyen Victoires populaires prend le parti d&rsquo;en rire pour (re)mobiliser.<\/p>\n<p>Et faire en sorte que pas une voix ne manque aux <a href=\"https:\/\/www.laprovence.com\/article\/elections\/1184688865926514\/municipales-2026-a-marseille-5-candidats-pour-un-seul-fauteuil-a-lhotel-de-ville\" target=\"_blank\" rel=\"noopener\">prochaines municipales aux candidats de gauche<\/a>. Pour ce faire, rendez-vous est donn\u00e9 dimanche 16\u00a0novembre \u00e0 15 h, place Jean-Jaur\u00e8s, pour \u00ab\u00a0un grand quiz\u00a0\u00bb \u00e0 base de citations politiques \u00e0 remettre dans leur contexte.<\/p>\n<p>Qui a dit par exemple : \u00ab\u00a0Je propose qu&rsquo;un condamn\u00e9 <a href=\"https:\/\/www.laprovence.com\/article\/faits-divers-justice\/39882688214770\/lex-president-nicolas-sarkozy-est-sorti-de-prison-et-arrive-a-son-domicile\" target=\"_blank\" rel=\"noopener\">ne puisse b\u00e9n\u00e9ficier d&rsquo;une remise en libert\u00e9 conditionnelle<\/a> qu&rsquo;apr\u00e8s avoir effectu\u00e9 les deux tiers de sa peine\u00a0?\u00a0\u00bb&#8230;\u00a0\u00a0<\/p>\n","protected":false},"excerpt":{"rendered":"Ils l&rsquo;ont dit et ont parfois, souvent, toujours (rayer la mention inutile) menti. Ou ne se sont pas&hellip;\n","protected":false},"author":2,"featured_media":531677,"comment_status":"","ping_status":"","sticky":false,"template":"","format":"standard","meta":{"footnotes":""},"categories":[2814],"tags":[17,5734,1111,11,16105,1777,674,1011,27,2515,884,3554,12,9271,882,7767,16,25],"class_list":{"0":"post-531676","1":"post","2":"type-post","3":"status-publish","4":"format-standard","5":"has-post-thumbnail","7":"category-marseille","8":"tag-17","9":"tag-5734","10":"tag-actu","11":"tag-actualites","12":"tag-base","13":"tag-eu","14":"tag-europe","15":"tag-fr","16":"tag-france","17":"tag-grand","18":"tag-marseille","19":"tag-municipales","20":"tag-news","21":"tag-organise","22":"tag-provence-alpes-cote-dazur","23":"tag-quiz","24":"tag-region","25":"tag-republique-francaise"},"share_on_mastodon":{"url":"https:\/\/pubeurope.com\/@fr\/115543309632516560","error":""},"_links":{"self":[{"href":"https:\/\/www.europesays.com\/fr\/wp-json\/wp\/v2\/posts\/531676","targetHints":{"allow":["GET"]}}],"collection":[{"href":"https:\/\/www.europesays.com\/fr\/wp-json\/wp\/v2\/posts"}],"about":[{"href":"https:\/\/www.europesays.com\/fr\/wp-json\/wp\/v2\/types\/post"}],"author":[{"embeddable":true,"href":"https:\/\/www.europesays.com\/fr\/wp-json\/wp\/v2\/users\/2"}],"replies":[{"embeddable":true,"href":"https:\/\/www.europesays.com\/fr\/wp-json\/wp\/v2\/comments?post=531676"}],"version-history":[{"count":0,"href":"https:\/\/www.europesays.com\/fr\/wp-json\/wp\/v2\/posts\/531676\/revisions"}],"wp:featuredmedia":[{"embeddable":true,"href":"https:\/\/www.europesays.com\/fr\/wp-json\/wp\/v2\/media\/531677"}],"wp:attachment":[{"href":"https:\/\/www.europesays.com\/fr\/wp-json\/wp\/v2\/media?parent=531676"}],"wp:term":[{"taxonomy":"category","embeddable":true,"href":"https:\/\/www.europesays.com\/fr\/wp-json\/wp\/v2\/categories?post=531676"},{"taxonomy":"post_tag","embeddable":true,"href":"https:\/\/www.europesays.com\/fr\/wp-json\/wp\/v2\/tags?post=531676"}],"curies":[{"name":"wp","href":"https:\/\/api.w.org\/{rel}","templated":true}]}}