{"id":531678,"date":"2025-11-13T16:22:12","date_gmt":"2025-11-13T16:22:12","guid":{"rendered":"https:\/\/www.europesays.com\/fr\/531678\/"},"modified":"2025-11-13T16:22:12","modified_gmt":"2025-11-13T16:22:12","slug":"le-dock-des-suds-a-marseille-reprend-une-activite-musicale-sous-le-nom-le-hangar-a-sucre","status":"publish","type":"post","link":"https:\/\/www.europesays.com\/fr\/531678\/","title":{"rendered":"Le Dock des Suds \u00e0 Marseille reprend une activit\u00e9 musicale sous le nom Le Hangar \u00e0 sucre"},"content":{"rendered":"<p><a href=\"https:\/\/www.laprovence.com\/article\/culture-loisirs\/1453636108491115\/cest-la-fin-dune-epoque-le-dock-des-suds-emblematique-lieu-culturel-marseillais-ferme-ses-portes-le-31-mars\" target=\"_blank\" rel=\"noopener\">La fermeture du Dock des Suds le 31\u00a0mars\u00a02025<\/a> et le d\u00e9part de l\u2019association Latinissimo, gestionnaire du lieu depuis 1998, avaient suscit\u00e9 l\u2019\u00e9moi au printemps dernier. On se souvient de la cr\u00e9ation spontan\u00e9e d\u2019un collectif \u00ab\u00a0O\u00f9 va la nuit ?\u00a0\u00bb qui t\u00e9moignait de l\u2019inqui\u00e9tude du milieu festif et culturel marseillais.<\/p>\n<p>Cette vive \u00e9motion, Eurom\u00e9diterran\u00e9e (qui m\u00e8ne le vaste chantier de r\u00e9novation urbaine au nord de la ville) l\u2019avait entendue au point de s\u2019engager \u00e0 \u00ab\u00a0continuer de faire vivre le site du Dock des Suds au service de la culture, de ses habitants, de sa jeunesse\u00a0\u00bb comme il le stipulait dans un communiqu\u00e9. En attendant de d\u00e9finir le projet d\u00e9finitif du site, il accueille depuis le 13 octobre 2025 et jusqu\u2019\u00e0 fin 2026, La Plateforme, une \u00e9cole des m\u00e9tiers du num\u00e9rique et des nouvelles technologies.<\/p>\n<p>Et le 29 novembre, <a href=\"https:\/\/www.laprovence.com\/actualites-en-direct\" target=\"_blank\" rel=\"noopener\">le Dock des Suds vrombira \u00e0 nouveau sous les assauts techno du collectif marseillais PH4 Records<\/a>. D\u2019autres soir\u00e9es par des acteurs locaux sont d\u00e9j\u00e0 programm\u00e9es : le Twerkistan s\u2019empare du lieu du 12 au 14 d\u00e9cembre ; les Jardins suspendus y organisent le r\u00e9veillon du 31 d\u00e9cembre. Ses deux espaces (anciennement la salle des sucres et le cabaret) sont concern\u00e9s.<\/p>\n<p>\u00ab\u00a0L\u2019occupation temporaire du Dock des Suds pr\u00e9voit d\u2019h\u00e9berger le campus et de poursuivre des activit\u00e9s culturelles, confirme Cyril Zimmermann, cofondateur de La Plateforme. L\u2019ambition est aussi d\u2019offrir un cadre aux \u00e9tudiants favorisant les engagements sociaux et culturels\u00a0\u00bb.<\/p>\n<p><a href=\"https:\/\/www.laprovence.com\/article\/culture-loisirs\/8166009477475214\/lantenne-marseillaise-de-la-cinematheque-francaise-ouvrira-ses-portes-au-sein-de-la-plateforme-en-janvier-2027\" target=\"_blank\" rel=\"noopener\">La Plateforme rejoindra ensuite \u00ab\u00a0le village apprenant\u00a0\u00bb\u00a0de 27\u00a0000\u00a0m\u00b2<\/a>, toujours en construction, chemin de Madrague-ville (15e), qui accueillera trois \u00e9coles (les Ateliers de l\u2019image et du son, Tumo, \u00e9cole de cr\u00e9ation num\u00e9rique gratuite pour les 12-18\u00a0ans, et La Plateforme), des r\u00e9sidences ainsi que l\u2019antenne marseillaise de la Cin\u00e9math\u00e8que et un cin\u00e9ma g\u00e9r\u00e9 par William Benedetto, directeur de l\u2019Alhambra.<\/p>\n<p>La reprise d\u2019activit\u00e9 du Dock des Suds sous le nom de Hangar \u00e0 sucre pourrait un temps rassurer le milieu nocturne et \u00e9lectro marseillais, r\u00e9cemment \u00e9prouv\u00e9 par la fermeture du M\u00e9ta &#8211; Zone Libre, lieu alternatif du c\u00f4t\u00e9 de Saint-Pierre tenu de mani\u00e8re clandestine par le M\u00e9taphore Collectif.<\/p>\n","protected":false},"excerpt":{"rendered":"La fermeture du Dock des Suds le 31\u00a0mars\u00a02025 et le d\u00e9part de l\u2019association Latinissimo, gestionnaire du lieu depuis&hellip;\n","protected":false},"author":2,"featured_media":531679,"comment_status":"","ping_status":"","sticky":false,"template":"","format":"standard","meta":{"footnotes":""},"categories":[2814],"tags":[17,12408,1111,11,1102,251,154,42209,1777,674,1011,27,884,12,882,18048,25,57674,96],"class_list":{"0":"post-531678","1":"post","2":"type-post","3":"status-publish","4":"format-standard","5":"has-post-thumbnail","7":"category-marseille","8":"tag-17","9":"tag-activite","10":"tag-actu","11":"tag-actualites","12":"tag-breakingnews","13":"tag-culture","14":"tag-des","15":"tag-dock","16":"tag-eu","17":"tag-europe","18":"tag-fr","19":"tag-france","20":"tag-marseille","21":"tag-news","22":"tag-provence-alpes-cote-dazur","23":"tag-reprend","24":"tag-republique-francaise","25":"tag-suds","26":"tag-une"},"share_on_mastodon":{"url":"https:\/\/pubeurope.com\/@fr\/115543313362649300","error":""},"_links":{"self":[{"href":"https:\/\/www.europesays.com\/fr\/wp-json\/wp\/v2\/posts\/531678","targetHints":{"allow":["GET"]}}],"collection":[{"href":"https:\/\/www.europesays.com\/fr\/wp-json\/wp\/v2\/posts"}],"about":[{"href":"https:\/\/www.europesays.com\/fr\/wp-json\/wp\/v2\/types\/post"}],"author":[{"embeddable":true,"href":"https:\/\/www.europesays.com\/fr\/wp-json\/wp\/v2\/users\/2"}],"replies":[{"embeddable":true,"href":"https:\/\/www.europesays.com\/fr\/wp-json\/wp\/v2\/comments?post=531678"}],"version-history":[{"count":0,"href":"https:\/\/www.europesays.com\/fr\/wp-json\/wp\/v2\/posts\/531678\/revisions"}],"wp:featuredmedia":[{"embeddable":true,"href":"https:\/\/www.europesays.com\/fr\/wp-json\/wp\/v2\/media\/531679"}],"wp:attachment":[{"href":"https:\/\/www.europesays.com\/fr\/wp-json\/wp\/v2\/media?parent=531678"}],"wp:term":[{"taxonomy":"category","embeddable":true,"href":"https:\/\/www.europesays.com\/fr\/wp-json\/wp\/v2\/categories?post=531678"},{"taxonomy":"post_tag","embeddable":true,"href":"https:\/\/www.europesays.com\/fr\/wp-json\/wp\/v2\/tags?post=531678"}],"curies":[{"name":"wp","href":"https:\/\/api.w.org\/{rel}","templated":true}]}}