{"id":531687,"date":"2025-11-13T16:28:13","date_gmt":"2025-11-13T16:28:13","guid":{"rendered":"https:\/\/www.europesays.com\/fr\/531687\/"},"modified":"2025-11-13T16:28:13","modified_gmt":"2025-11-13T16:28:13","slug":"13-novembre-une-journee-de-recueillement-dix-ans-apres-les-attentats-de-paris-et-saint-denis","status":"publish","type":"post","link":"https:\/\/www.europesays.com\/fr\/531687\/","title":{"rendered":"13-Novembre : une journ\u00e9e de recueillement dix ans apr\u00e8s les attentats de Paris et Saint-Denis"},"content":{"rendered":"<p class=\"mb-4 text-lg md:leading-8 break-words\">Des comm\u00e9morations charg\u00e9es en \u00e9motion devant les terrasses parisiennes endeuill\u00e9es, apr\u00e8s une c\u00e9r\u00e9monie devant les portes du Stade de France\u00a0: politiques, victimes et proches des disparus se recueillent, ce jeudi, devant les lieux des <a href=\"https:\/\/www.france24.com\/fr\/tag\/attentats-du-13-novembre\/\" rel=\"nofollow noopener\" target=\"_blank\" data-ylk=\"slk:attentats du 13-Novembre;elm:context_link;itc:0;sec:content-canvas\" class=\"link \">attentats du 13-Novembre<\/a>, dix\u00a0ans apr\u00e8s une nuit d&rsquo;horreur qui a meurtri <a class=\"link \" href=\"https:\/\/www.france24.com\/fr\/tag\/paris\/\" rel=\"nofollow noopener\" target=\"_blank\" data-ylk=\"slk:Paris;elm:context_link;itc:0;sec:content-canvas\">Paris<\/a> et Saint-Denis.<\/p>\n<p class=\"mb-4 text-lg md:leading-8 break-words\">Devant le Carillon et le Petit Cambodge, puis la Bonne Bi\u00e8re, le Comptoir Voltaire et la Belle \u00c9quipe, dans les Xe et XIe arrondissement de Paris, sont lus les noms des 39\u00a0morts, et des gerbes sont d\u00e9pos\u00e9es apr\u00e8s des minutes de silence, sous les regards embu\u00e9s de larmes de leurs proches et des rescap\u00e9s.<\/p>\n<p class=\"mb-4 text-lg md:leading-8 break-words\">\u00c0 lire aussi<a class=\"link  yahoo-link\" href=\"https:\/\/fr.news.yahoo.com\/dix-ans-13-novembre-suivez-072701395.html\" data-ylk=\"slk:Dix ans du 13-Novembre en direct : &quot;La douleur demeure&quot; dit Emmanuel Macron, suivez les c\u00e9r\u00e9monies;elm:context_link;itc:0;sec:content-canvas;outcm:mb_qualified_link;_E:mb_qualified_link;ct:story;\" target=\"_blank\" rel=\"noopener\">Dix ans du 13-Novembre en direct : \u00ab\u00a0La douleur demeure\u00a0\u00bb dit Emmanuel Macron, suivez les c\u00e9r\u00e9monies<\/a><\/p>\n<p class=\"mb-4 text-lg md:leading-8 break-words\">Les rues autour de ces bars et restaurants sont boucl\u00e9es, et le silence r\u00e8gne. Devant la Belle \u00c9quipe, o\u00f9 21\u00a0vies ont \u00e9t\u00e9 fauch\u00e9es il y a dix\u00a0ans, des fleurs, des bougies et des photos entourent la plaque comm\u00e9morative.<\/p>\n<p class=\"mb-4 text-lg md:leading-8 break-words\">Les panneaux publicitaires affichent tous la devise en latin de Paris, \u00ab\u00a0Fluctuat Nec Mergitur\u00a0\u00bb (\u00ab\u00a0Il est battu par les flots, mais ne sombre pas\u00a0\u00bb).<\/p>\n<p class=\"mb-4 text-lg md:leading-8 break-words\">Les c\u00e9r\u00e9monies se sont ensuite poursuivies devant le Bataclan, o\u00f9 90\u00a0personnes avaient \u00e9t\u00e9 assassin\u00e9es.<\/p>\n<p class=\"mb-4 text-lg md:leading-8 break-words\">\u00ab\u00a010\u00a0ans. La douleur demeure. En fraternit\u00e9, pour les vies fauch\u00e9es, les bless\u00e9s, les familles et les proches, la France se souvient\u00a0\u00bb, a post\u00e9 sur X <a class=\"link \" href=\"https:\/\/www.france24.com\/fr\/tag\/emmanuel-macron\/\" rel=\"nofollow noopener\" target=\"_blank\" data-ylk=\"slk:Emmanuel Macron;elm:context_link;itc:0;sec:content-canvas\">Emmanuel Macron<\/a>, qui se rend sur chacun des lieux des attentats, o\u00f9 il salue proches et rescap\u00e9s avec la maire de Paris <a class=\"link \" href=\"https:\/\/www.france24.com\/fr\/tag\/anne-hidalgo\/\" rel=\"nofollow noopener\" target=\"_blank\" data-ylk=\"slk:Anne Hidalgo;elm:context_link;itc:0;sec:content-canvas\">Anne Hidalgo<\/a>.<\/p>\n<p>\u00ab\u00a0Nous n&rsquo;oublierons jamais\u00a0\u00bb<\/p>\n<p class=\"mb-4 text-lg md:leading-8 break-words\">Les comm\u00e9morations ont commenc\u00e9 le matin par une c\u00e9r\u00e9monie au Stade de France, devant un parterre de politiques, ainsi que la famille de Manuel Dias, premi\u00e8re des 130\u00a0personnes tu\u00e9es lors des attentats quand trois kamikazes se sont fait exploser devant les portes du stade o\u00f9 se jouait un match amical France &#8211; Allemagne.<\/p>\n<p class=\"mb-4 text-lg md:leading-8 break-words\">\u00ab\u00a0Nous n&rsquo;oublierons jamais\u00a0; on nous dit de tourner la page dix ans apr\u00e8s, mais l&rsquo;absence est immense\u00a0\u00bb, a dit dans un discours poignant sa fille, Sophie Dias, tr\u00e8s \u00e9mue.<\/p>\n<p class=\"mb-4 text-lg md:leading-8 break-words\">Le vendredi 13 novembre 2015, la France a \u00e9t\u00e9 frapp\u00e9e par les attaques jihadistes les plus meurtri\u00e8res de son histoire, coordonn\u00e9es par le groupe \u00c9tat islamique (EI) qui a cibl\u00e9 un match de football, un concert de hard-rock et des bars et restaurants.<\/p>\n<p class=\"mb-4 text-lg md:leading-8 break-words\">\u00c0 lire aussi<a class=\"link  yahoo-link\" href=\"https:\/\/fr.news.yahoo.com\/transmettre-ne-oublier-10-ans-061010390.html\" data-ylk=\"slk:&quot;Transmettre pour ne pas oublier&quot;\u00a0: 10 ans apr\u00e8s le 13-Novembre, les rescap\u00e9s t\u00e9moignent;elm:context_link;itc:0;sec:content-canvas;outcm:mb_qualified_link;_E:mb_qualified_link;ct:story;\" target=\"_blank\" rel=\"noopener\">\u00ab\u00a0Transmettre pour ne pas oublier\u00a0\u00bb\u00a0: 10 ans apr\u00e8s le 13-Novembre, les rescap\u00e9s t\u00e9moignent<\/a><\/p>\n<p class=\"mb-4 text-lg md:leading-8 break-words\">L&rsquo;hommage national aux 132\u00a0morts\u00a0\u2013 deux rescap\u00e9s du Bataclan se sont suicid\u00e9s depuis\u00a0\u2013 \u00e0 leurs familles et aux rescap\u00e9s de ces attentats qui ont profond\u00e9ment marqu\u00e9 le pays se conclura par l&rsquo;inauguration \u00e0 18\u00a0h d&rsquo;un jardin m\u00e9moriel au c\u0153ur de la capitale, en pr\u00e9sence du chef de l&rsquo;\u00c9tat.<\/p>\n<p class=\"mb-4 text-lg md:leading-8 break-words\">Ce jardin est fait de grandes st\u00e8les et de blocs de granit, \u00e9voquant la g\u00e9ographie des diff\u00e9rents lieux vis\u00e9s.<\/p>\n<p class=\"mb-4 text-lg md:leading-8 break-words\">La c\u00e9r\u00e9monie orchestr\u00e9e par Thierry Reboul, d\u00e9j\u00e0 \u00e0 la man\u0153uvre pour l&rsquo;ouverture des Jeux olympiques de Paris\u00a02024, sera retransmise en direct \u00e0 la t\u00e9l\u00e9vision et projet\u00e9e sur grand \u00e9cran, place de la R\u00e9publique \u00e0 Paris, o\u00f9 un m\u00e9morial s&rsquo;\u00e9tait improvis\u00e9 il y a dix ans, des Parisiens traumatis\u00e9s venant y d\u00e9poser fleurs, bougies et mots. Depuis samedi, le pied de la statue de Marianne est de nouveau entour\u00e9 de ces petites attentions.<\/p>\n<p class=\"mb-4 text-lg md:leading-8 break-words\">\u00ab\u00a0L&rsquo;objectif cette ann\u00e9e, c&rsquo;est de se dire \u2018soyons tous ensemble\u2019 (&#8230;), c\u00e9l\u00e9brons \u00e9videmment nos morts mais aussi la force de notre R\u00e9publique et de notre culture\u00a0: les terroristes n&rsquo;ont pas gagn\u00e9 ce soir-l\u00e0\u00a0\u00bb, a insist\u00e9 sur RMC Arthur D\u00e9nouveaux, rescap\u00e9 du Bataclan et pr\u00e9sident de l&rsquo;association de victimes Life for Paris. Celle-ci sera dissoute apr\u00e8s l&rsquo;inauguration du jardin m\u00e9moriel pour \u00ab\u00a0ne pas s&rsquo;enfermer dans la victimit\u00e9\u00a0\u00bb.<\/p>\n<p>Menace terroriste \u00ab\u00a0toujours \u00e9lev\u00e9e\u00a0\u00bb<\/p>\n<p class=\"mb-4 text-lg md:leading-8 break-words\">\u00ab\u00a0Nous avons \u00e9t\u00e9 debout pendant 10\u00a0ans, nous serons debout [jeudi]. Cette c\u00e9r\u00e9monie sera aussi un acte de r\u00e9sistance\u00a0\u00bb, a salu\u00e9 Philippe Duperron, pr\u00e9sident de l&rsquo;association \u00ab\u00a013onze15\u00a0\u00bb.<\/p>\n<p class=\"mb-4 text-lg md:leading-8 break-words\">Impossible, pour beaucoup, d&rsquo;oublier cette terrible soir\u00e9e du vendredi 13 novembre 2015.<\/p>\n<p class=\"mb-4 text-lg md:leading-8 break-words\">Rescap\u00e9s et proches de victimes appr\u00e9hendent souvent ces hommages. St\u00e9phane Sarrade a perdu son fils Hugo, 23\u00a0ans, tu\u00e9 au Bataclan. Il se dit toujours \u00ab\u00a0incapable\u00a0\u00bb de se rendre devant la salle de concert et ne participera pas aux c\u00e9r\u00e9monies.<\/p>\n<p class=\"mb-4 text-lg md:leading-8 break-words\">\u00c0 lire aussi<a class=\"link \" href=\"https:\/\/www.france24.com\/fr\/\u00e9missions\/focus\/20251113-attentats-du-13-novembre-les-policiers-mieux-form\u00e9s-\u00e0-la-menace-terroriste\" rel=\"nofollow noopener\" target=\"_blank\" data-ylk=\"slk:Attentats du 13-Novembre : les policiers mieux form\u00e9s \u00e0 la menace terroriste;elm:context_link;itc:0;sec:content-canvas\">Attentats du 13-Novembre : les policiers mieux form\u00e9s \u00e0 la menace terroriste<\/a><\/p>\n<p class=\"mb-4 text-lg md:leading-8 break-words\">Sur RFI, Fran\u00e7ois Molins, \u00e0 l&rsquo;\u00e9poque procureur de Paris, a exprim\u00e9 des regrets quant \u00e0 \u00ab\u00a0la prise en charge des victimes\u00a0\u00bb: dans les \u00ab\u00a0premi\u00e8res heures\u00a0\u00bb ayant suivi les attaques, \u00ab\u00a0je pense qu&rsquo;on aurait pu et on aurait d\u00fb faire beaucoup mieux (&#8230;) puisqu&rsquo;on a eu des familles qui ont err\u00e9 des heures et des heures dans Paris \u00e0 la recherche de proches\u00a0\u00bb.<\/p>\n<p class=\"mb-4 text-lg md:leading-8 break-words\">\u00ab\u00a0Mais encore une fois, c&rsquo;\u00e9tait le chaos, on a fait ce qu&rsquo;on a pu et personne ne s&rsquo;attendait \u00e0 une attaque terroriste de cette ampleur\u00a0\u00bb, a-t-il ajout\u00e9.<\/p>\n<p class=\"mb-4 text-lg md:leading-8 break-words\">Les comm\u00e9morations officielles se tiennent sous vigilance renforc\u00e9e, dans un contexte de menace terroriste \u00ab\u00a0toujours \u00e9lev\u00e9e\u00a0\u00bb, selon le ministre de l&rsquo;Int\u00e9rieur <a class=\"link \" href=\"https:\/\/www.france24.com\/fr\/tag\/laurent-nunez\/\" rel=\"nofollow noopener\" target=\"_blank\" data-ylk=\"slk:Laurent Nunez;elm:context_link;itc:0;sec:content-canvas\">Laurent Nunez<\/a>, qui a rappel\u00e9 sur BFMTV\/RMC que \u00ab\u00a0six attentats\u00a0\u00bb avaient \u00e9t\u00e9 d\u00e9jou\u00e9s depuis le d\u00e9but de l&rsquo;ann\u00e9e.<\/p>\n<p class=\"mb-4 text-lg md:leading-8 break-words\">Jeudi soir, <a class=\"link \" href=\"https:\/\/www.france24.com\/fr\/tag\/notre-dame-de-paris\/\" rel=\"nofollow noopener\" target=\"_blank\" data-ylk=\"slk:Notre-Dame de Paris;elm:context_link;itc:0;sec:content-canvas\">Notre-Dame de Paris<\/a> et les \u00e9glises parisiennes feront sonner leurs cloches \u00ab\u00a0entre 17\u00a0h\u00a057 et 18\u00a0h\u00a002\u00a0\u00bb, a annonc\u00e9 le dioc\u00e8se. Des \u00ab\u00a0messes, des veill\u00e9es, ont lieu dans plusieurs paroisses\u00a0\u00bb, a pr\u00e9cis\u00e9 l&rsquo;archev\u00eaque de Paris Laurent Ulrich.<\/p>\n<p class=\"mb-4 text-lg md:leading-8 break-words\">Avec AFP<\/p>\n","protected":false},"excerpt":{"rendered":"Des comm\u00e9morations charg\u00e9es en \u00e9motion devant les terrasses parisiennes endeuill\u00e9es, apr\u00e8s une c\u00e9r\u00e9monie devant les portes du Stade&hellip;\n","protected":false},"author":2,"featured_media":5539,"comment_status":"","ping_status":"","sticky":false,"template":"","format":"standard","meta":{"footnotes":""},"categories":[1888],"tags":[1111,1928,11,1927,1764,23846,1073,1777,674,1011,27,65124,12,1926,626,1925,25,14478,54997],"class_list":{"0":"post-531687","1":"post","2":"type-post","3":"status-publish","4":"format-standard","5":"has-post-thumbnail","7":"category-paris","8":"tag-actu","9":"tag-actu-paris","10":"tag-actualites","11":"tag-actualites-paris","12":"tag-ans","13":"tag-attentats","14":"tag-emmanuel-macron","15":"tag-eu","16":"tag-europe","17":"tag-fr","18":"tag-france","19":"tag-minutes-de-silence","20":"tag-news","21":"tag-news-paris","22":"tag-paris","23":"tag-paris-news","24":"tag-republique-francaise","25":"tag-stade-de-france","26":"tag-xie-arrondissement-de-paris"},"share_on_mastodon":{"url":"https:\/\/pubeurope.com\/@fr\/115543336847891370","error":""},"_links":{"self":[{"href":"https:\/\/www.europesays.com\/fr\/wp-json\/wp\/v2\/posts\/531687","targetHints":{"allow":["GET"]}}],"collection":[{"href":"https:\/\/www.europesays.com\/fr\/wp-json\/wp\/v2\/posts"}],"about":[{"href":"https:\/\/www.europesays.com\/fr\/wp-json\/wp\/v2\/types\/post"}],"author":[{"embeddable":true,"href":"https:\/\/www.europesays.com\/fr\/wp-json\/wp\/v2\/users\/2"}],"replies":[{"embeddable":true,"href":"https:\/\/www.europesays.com\/fr\/wp-json\/wp\/v2\/comments?post=531687"}],"version-history":[{"count":0,"href":"https:\/\/www.europesays.com\/fr\/wp-json\/wp\/v2\/posts\/531687\/revisions"}],"wp:featuredmedia":[{"embeddable":true,"href":"https:\/\/www.europesays.com\/fr\/wp-json\/wp\/v2\/media\/5539"}],"wp:attachment":[{"href":"https:\/\/www.europesays.com\/fr\/wp-json\/wp\/v2\/media?parent=531687"}],"wp:term":[{"taxonomy":"category","embeddable":true,"href":"https:\/\/www.europesays.com\/fr\/wp-json\/wp\/v2\/categories?post=531687"},{"taxonomy":"post_tag","embeddable":true,"href":"https:\/\/www.europesays.com\/fr\/wp-json\/wp\/v2\/tags?post=531687"}],"curies":[{"name":"wp","href":"https:\/\/api.w.org\/{rel}","templated":true}]}}