{"id":531688,"date":"2025-11-13T16:29:13","date_gmt":"2025-11-13T16:29:13","guid":{"rendered":"https:\/\/www.europesays.com\/fr\/531688\/"},"modified":"2025-11-13T16:29:13","modified_gmt":"2025-11-13T16:29:13","slug":"sandro-maje-fursac-apres-dior-et-guerlain-lhecatombe-continue-au-bhv-marais-a-paris","status":"publish","type":"post","link":"https:\/\/www.europesays.com\/fr\/531688\/","title":{"rendered":"Sandro, Maje, Fursac\u2026 Apr\u00e8s Dior et Guerlain, l\u2019h\u00e9catombe continue au BHV Marais \u00e0 Paris"},"content":{"rendered":"<p class=\"paragraph text_align_left lp-f-body-02\">Jusqu\u2019o\u00f9 ira la vague de d\u00e9parts ? Au BHV Marais \u00e0 <a href=\"https:\/\/www.leparisien.fr\/paris-75\/\" target=\"_self\" rel=\"nofollow noopener\">Paris<\/a> (IVe), les v\u00eatements ont disparu de l\u2019espace de vente de la marque Maje, laissant place \u00e0 des piles de cartons. <a href=\"https:\/\/www.leparisien.fr\/paris-75\/paris-les-parfumeurs-dior-et-guerlain-quittent-a-leur-tour-le-bhv-marais-12-11-2025-4MOEMRWRAREM3MNAAQPTOZZK24.php\" target=\"_self\" rel=\"nofollow noopener\">Apr\u00e8s les parfumeurs Guerlain et Dior<\/a>, propri\u00e9t\u00e9s de LVMH (\u00e9galement propri\u00e9taire du Parisien &#8211; Aujourd\u2019hui en France) en fin de semaine derni\u00e8re, c\u2019est au tour des marques du groupe SMCP de tourner le dos au grand magasin de la rue de Rivoli.<\/p>\n<p class=\"paragraph text_align_left lp-f-body-02\">SMCP \u2014 qui regroupe notamment les enseignes de pr\u00eat-\u00e0-porter Sandro, Maje, Claudie Pierlot et Fursac \u2014 a annonc\u00e9 mercredi \u00e0 la direction du BHV la fermeture de ses quatre \u00ab corners \u00bb en raison des <a href=\"https:\/\/www.leparisien.fr\/paris-75\/rayons-vides-retards-de-paiements-des-clients-qui-ne-viennent-plus-a-paris-le-bhv-vacille-t-il-18-06-2025-MWYIVWD2A5APHIO6PY3IPUHRBQ.php\" target=\"_self\" rel=\"nofollow noopener\">retards de paiement<\/a>. Des impay\u00e9s qui, selon nos informations, s\u2019accumulent depuis 18 mois.<\/p>\n","protected":false},"excerpt":{"rendered":"Jusqu\u2019o\u00f9 ira la vague de d\u00e9parts ? Au BHV Marais \u00e0 Paris (IVe), les v\u00eatements ont disparu de&hellip;\n","protected":false},"author":2,"featured_media":531689,"comment_status":"","ping_status":"","sticky":false,"template":"","format":"standard","meta":{"footnotes":""},"categories":[1888],"tags":[11,33,1777,674,1011,27,1944,12,626,25],"class_list":{"0":"post-531688","1":"post","2":"type-post","3":"status-publish","4":"format-standard","5":"has-post-thumbnail","7":"category-paris","8":"tag-actualites","9":"tag-economie","10":"tag-eu","11":"tag-europe","12":"tag-fr","13":"tag-france","14":"tag-ma-ville","15":"tag-news","16":"tag-paris","17":"tag-republique-francaise"},"share_on_mastodon":{"url":"","error":""},"_links":{"self":[{"href":"https:\/\/www.europesays.com\/fr\/wp-json\/wp\/v2\/posts\/531688","targetHints":{"allow":["GET"]}}],"collection":[{"href":"https:\/\/www.europesays.com\/fr\/wp-json\/wp\/v2\/posts"}],"about":[{"href":"https:\/\/www.europesays.com\/fr\/wp-json\/wp\/v2\/types\/post"}],"author":[{"embeddable":true,"href":"https:\/\/www.europesays.com\/fr\/wp-json\/wp\/v2\/users\/2"}],"replies":[{"embeddable":true,"href":"https:\/\/www.europesays.com\/fr\/wp-json\/wp\/v2\/comments?post=531688"}],"version-history":[{"count":0,"href":"https:\/\/www.europesays.com\/fr\/wp-json\/wp\/v2\/posts\/531688\/revisions"}],"wp:featuredmedia":[{"embeddable":true,"href":"https:\/\/www.europesays.com\/fr\/wp-json\/wp\/v2\/media\/531689"}],"wp:attachment":[{"href":"https:\/\/www.europesays.com\/fr\/wp-json\/wp\/v2\/media?parent=531688"}],"wp:term":[{"taxonomy":"category","embeddable":true,"href":"https:\/\/www.europesays.com\/fr\/wp-json\/wp\/v2\/categories?post=531688"},{"taxonomy":"post_tag","embeddable":true,"href":"https:\/\/www.europesays.com\/fr\/wp-json\/wp\/v2\/tags?post=531688"}],"curies":[{"name":"wp","href":"https:\/\/api.w.org\/{rel}","templated":true}]}}