{"id":531690,"date":"2025-11-13T16:30:31","date_gmt":"2025-11-13T16:30:31","guid":{"rendered":"https:\/\/www.europesays.com\/fr\/531690\/"},"modified":"2025-11-13T16:30:31","modified_gmt":"2025-11-13T16:30:31","slug":"13-novembre-recueillement-a-paris-et-saint-denis-dix-ans-apres-les-attentats-actualites","status":"publish","type":"post","link":"https:\/\/www.europesays.com\/fr\/531690\/","title":{"rendered":"13-Novembre: recueillement \u00e0 Paris et Saint-Denis, dix ans apr\u00e8s les attentats : Actualit\u00e9s"},"content":{"rendered":"<p class=\"lead \">Des comm\u00e9morations sobres et silencieuses devant le Bataclan et les terrasses parisiennes endeuill\u00e9es, apr\u00e8s une c\u00e9r\u00e9monie devant le stade de France: politiques, victimes et proches des disparus se sont recueillis jeudi devant les lieux des attentats du 13-Novembre, dix ans apr\u00e8s une nuit d&rsquo;horreur.<\/p>\n<p class=\"lead \">Les noms des 92 victimes du Bataclan &#8211; dont deux se sont suicid\u00e9es depuis le massacre &#8211; ont r\u00e9sonn\u00e9 boulevard Voltaire, o\u00f9 une foule d&rsquo;officiels, de familles et de rescap\u00e9s s&rsquo;est rassembl\u00e9e sur le lieu le plus meurtri des attaques jihadistes.<\/p>\n<p class=\"lead \"> Des membres de la BRI, le visage masqu\u00e9, sont pr\u00e9sents en nombre, dix ans apr\u00e8s avoir donn\u00e9 l&rsquo;assaut contre les terroristes retranch\u00e9s dans la salle de concert. A eux comme aux autres primo-intervenants, le chef de l&rsquo;Etat adresse la \u00ab\u00a0reconnaissance\u00a0\u00bb de la Nation. \u00ab\u00a0Vous pouvez \u00eatre fiers\u00a0\u00bb. <\/p>\n<p class=\"lead \">Devant les portes du Bataclan, une multitude de bouquets de fleurs ont \u00e9t\u00e9 d\u00e9pos\u00e9s au pied d&rsquo;une plaque o\u00f9 sont grav\u00e9s les noms des victimes. <\/p>\n<p class=\"lead \">Chacun attend son tour pour s&rsquo;en approcher: certains se croisent, se reconnaissent, s&#8217;embrassent, se prennent longuement dans les bras ou \u00e9changent un petit mot de r\u00e9confort, avant de d\u00e9poser \u00e0 leur tour une fleur, une bougie, un signe de m\u00e9moire.<\/p>\n<p class=\"lead \">&#8211; \u00ab\u00a0La vie continue\u00a0\u00bb &#8211;<\/p>\n<p class=\"lead \">\u00ab\u00a0Aujourd&rsquo;hui, je peux me souvenir, je peux pleurer, je peux me laisser aller, et puis demain, la vie continue\u00a0\u00bb, confie Sophie Bouchard-Stech \u00e0 l&rsquo;AFP, juste avant le d\u00e9but de la c\u00e9r\u00e9monie. L&rsquo;Allemande fait le voyage chaque ann\u00e9e pour rendre hommage \u00e0 son mari, tomb\u00e9 sous les balles des jihadistes au Bataclan. <\/p>\n<p class=\"lead \">Devant chacun des lieux frapp\u00e9s par les commandos t\u00e9l\u00e9guid\u00e9s par le groupe Etat islamique (EI) cette funeste soir\u00e9e du 13 novembre 2015, Arthur D\u00e9nouveaux et Philippe Duperron, pr\u00e9sidents d&rsquo;associations de victimes, ont d\u00e9pos\u00e9 des gerbes de fleurs, avant qu&rsquo;Emmanuel Macron et Anne Hidalgo ne fassent de m\u00eame, avant d&rsquo;observer \u00e0 chaque fois une minute de silence.<\/p>\n<p class=\"lead \">\u00ab\u00a010 ans. La douleur demeure. En fraternit\u00e9, pour les vies fauch\u00e9es, les bless\u00e9s, les familles et les proches, la France se souvient\u00a0\u00bb, a post\u00e9 sur X le pr\u00e9sident de la R\u00e9publique. <\/p>\n<p>                                                                                                 Pr\u00e8s des terrasses parisiennes, dans les Xe et XIe arrondissements, o\u00f9 39 vies ont \u00e9t\u00e9 fauch\u00e9es au total, dont 21 devant la seule Belle Equipe, le silence r\u00e8gne, les yeux des personnes pr\u00e9sentes sont embu\u00e9s de larmes.  <\/p>\n<p class=\"lead \">Aux alentours, les panneaux publicitaires affichent tous la devise en latin de Paris, \u00ab\u00a0Fluctuat Nec Mergitur\u00a0\u00bb (Il est battu par les flots, mais ne sombre pas). <\/p>\n<p class=\"lead \">&#8211; \u00ab\u00a0Absence immense\u00a0\u00bb &#8211;<\/p>\n<p class=\"lead \">Les comm\u00e9morations ont d\u00e9but\u00e9 le matin par une c\u00e9r\u00e9monie au stade de France, avec la famille de Manuel Dias, premi\u00e8re victime du 13-Novembre, tu\u00e9e quand trois kamikazes se sont fait exploser devant les portes du stade o\u00f9 se jouait un match amical France-Allemagne.  <\/p>\n<p class=\"lead \">\u00ab\u00a0Nous n&rsquo;oublierons jamais; on nous dit de tourner la page dix ans apr\u00e8s, mais l&rsquo;absence est immense\u00a0\u00bb, a dit dans un discours poignant sa fille, Sophie Dias, tr\u00e8s \u00e9mue. <\/p>\n<p class=\"lead \">Le vendredi 13 novembre 2015, la France a \u00e9t\u00e9 frapp\u00e9e par les attaques jihadistes les plus meurtri\u00e8res de son histoire et qui ont profond\u00e9ment marqu\u00e9 le pays. <\/p>\n<p class=\"lead \">L&rsquo;hommage national aux 132 morts et \u00e0 leurs familles, aux bless\u00e9s et rescap\u00e9s, aux forces de secours, doit se conclure par l&rsquo;inauguration \u00e0 18H00 d&rsquo;un jardin m\u00e9moriel au coeur de la capitale. <\/p>\n<p class=\"lead \">Ce jardin est fait de grandes st\u00e8les et de blocs de granit, \u00e9voquant la g\u00e9ographie des diff\u00e9rents lieux vis\u00e9s. Des autocars doivent y emmener les familles et les victimes.<\/p>\n<p class=\"lead \">La c\u00e9r\u00e9monie orchestr\u00e9e par Thierry Reboul, d\u00e9j\u00e0 \u00e0 la man\u0153uvre pour l&rsquo;ouverture des JO-2024, sera retransmise en direct \u00e0 la t\u00e9l\u00e9vision et projet\u00e9e sur grand \u00e9cran, place de la R\u00e9publique \u00e0 Paris, o\u00f9 un m\u00e9morial s&rsquo;\u00e9tait improvis\u00e9 il y a dix ans, des Parisiens traumatis\u00e9s venant y d\u00e9poser fleurs, bougies et mots. <\/p>\n<p class=\"lead \">&#8211; \u00ab\u00a0Tous ensemble\u00a0\u00bb &#8211;<\/p>\n<p class=\"lead \">\u00ab\u00a0L&rsquo;objectif cette ann\u00e9e, c&rsquo;est de se dire +soyons tous ensemble+ (&#8230;), c\u00e9l\u00e9brons \u00e9videmment nos morts mais aussi la force de notre R\u00e9publique et de notre culture: les terroristes n&rsquo;ont pas gagn\u00e9 ce soir-l\u00e0\u00a0\u00bb, a insist\u00e9 sur RMC Arthur D\u00e9nouveaux.<\/p>\n<p class=\"lead \">\u00ab\u00a0Nous avons \u00e9t\u00e9 debout pendant 10 ans, nous serons debout (jeudi). Cette c\u00e9r\u00e9monie sera aussi un acte de r\u00e9sistance\u00a0\u00bb, a salu\u00e9 Philippe Duperron, pr\u00e9sident de l&rsquo;association \u00ab\u00a013onze15\u00a0\u00bb. <\/p>\n<p class=\"lead \">Les comm\u00e9morations officielles se tiennent sous vigilance renforc\u00e9e, dans un contexte de menace terroriste \u00ab\u00a0toujours \u00e9lev\u00e9e\u00a0\u00bb, selon le ministre de l&rsquo;Int\u00e9rieur Laurent Nu\u00f1ez, qui a rappel\u00e9 sur BFMTV\/RMC que \u00ab\u00a0six attentats\u00a0\u00bb avaient \u00e9t\u00e9 d\u00e9jou\u00e9s depuis le d\u00e9but de l&rsquo;ann\u00e9e. <\/p>\n<p class=\"lead \">Jeudi soir, Notre-Dame de Paris et les \u00e9glises parisiennes feront sonner leurs cloches \u00ab\u00a0entre 17H57 et 18H02\u00a0\u00bb, a annonc\u00e9 le dioc\u00e8se. Des \u00ab\u00a0messes, des veill\u00e9es, ont lieu dans plusieurs paroisses\u00a0\u00bb, a pr\u00e9cis\u00e9 l&rsquo;archev\u00eaque de Paris Laurent Ulrich.<\/p>\n","protected":false},"excerpt":{"rendered":"Des comm\u00e9morations sobres et silencieuses devant le Bataclan et les terrasses parisiennes endeuill\u00e9es, apr\u00e8s une c\u00e9r\u00e9monie devant le&hellip;\n","protected":false},"author":2,"featured_media":531691,"comment_status":"","ping_status":"","sticky":false,"template":"","format":"standard","meta":{"footnotes":""},"categories":[1888],"tags":[64969,11,5581,17535,1777,674,1011,27,418,937,64968,12,626,316,25],"class_list":{"0":"post-531690","1":"post","2":"type-post","3":"status-publish","4":"format-standard","5":"has-post-thumbnail","7":"category-paris","8":"tag-13novembre","9":"tag-actualites","10":"tag-attentat","11":"tag-crmonie","12":"tag-eu","13":"tag-europe","14":"tag-fr","15":"tag-france","16":"tag-gouvernement","17":"tag-histoire","18":"tag-jihadistes","19":"tag-news","20":"tag-paris","21":"tag-politique","22":"tag-republique-francaise"},"share_on_mastodon":{"url":"https:\/\/pubeurope.com\/@fr\/115543344621791272","error":""},"_links":{"self":[{"href":"https:\/\/www.europesays.com\/fr\/wp-json\/wp\/v2\/posts\/531690","targetHints":{"allow":["GET"]}}],"collection":[{"href":"https:\/\/www.europesays.com\/fr\/wp-json\/wp\/v2\/posts"}],"about":[{"href":"https:\/\/www.europesays.com\/fr\/wp-json\/wp\/v2\/types\/post"}],"author":[{"embeddable":true,"href":"https:\/\/www.europesays.com\/fr\/wp-json\/wp\/v2\/users\/2"}],"replies":[{"embeddable":true,"href":"https:\/\/www.europesays.com\/fr\/wp-json\/wp\/v2\/comments?post=531690"}],"version-history":[{"count":0,"href":"https:\/\/www.europesays.com\/fr\/wp-json\/wp\/v2\/posts\/531690\/revisions"}],"wp:featuredmedia":[{"embeddable":true,"href":"https:\/\/www.europesays.com\/fr\/wp-json\/wp\/v2\/media\/531691"}],"wp:attachment":[{"href":"https:\/\/www.europesays.com\/fr\/wp-json\/wp\/v2\/media?parent=531690"}],"wp:term":[{"taxonomy":"category","embeddable":true,"href":"https:\/\/www.europesays.com\/fr\/wp-json\/wp\/v2\/categories?post=531690"},{"taxonomy":"post_tag","embeddable":true,"href":"https:\/\/www.europesays.com\/fr\/wp-json\/wp\/v2\/tags?post=531690"}],"curies":[{"name":"wp","href":"https:\/\/api.w.org\/{rel}","templated":true}]}}