{"id":531692,"date":"2025-11-13T16:32:15","date_gmt":"2025-11-13T16:32:15","guid":{"rendered":"https:\/\/www.europesays.com\/fr\/531692\/"},"modified":"2025-11-13T16:32:15","modified_gmt":"2025-11-13T16:32:15","slug":"football-pourquoi-le-gardien-matvey-safonov-a-t-il-ete-remis-a-la-disposition-du-psg-apres-une-boulette-avec-la-russie","status":"publish","type":"post","link":"https:\/\/www.europesays.com\/fr\/531692\/","title":{"rendered":"Football : pourquoi le gardien Matvey Safonov a-t-il \u00e9t\u00e9 remis \u00e0 la disposition du PSG apr\u00e8s une boulette avec la Russie\u00a0?"},"content":{"rendered":"<p class=\"paragraph text_align_left lp-f-body-02\">Le d\u00e9but de saison de <a href=\"https:\/\/www.leparisien.fr\/sports\/football\/ligue-des-champions\/bayern-psg-qui-est-matvey-safonov-le-gardien-russe-titularise-par-luis-enrique-a-la-place-de-donnarumma-26-11-2024-CYUHWDLJLZCZHOA3BQD64WPNXY.php\" target=\"_self\" rel=\"nofollow noopener\">Matvey Safonov<\/a> est d\u00e9cid\u00e9ment tr\u00e8s compliqu\u00e9. <a href=\"https:\/\/www.leparisien.fr\/sports\/football\/psg\/prouver-que-je-merite-ma-place-matvey-safonov-la-concurrence-avec-lucas-chevalier-03-09-2025-XUVCGVNFORB43MDYWMQIA3I3KI.php\" target=\"_self\" rel=\"nofollow noopener\">Barr\u00e9 au Paris Saint-Germain par le recrutement de Lucas Chevalier<\/a> cet \u00e9t\u00e9, apr\u00e8s avoir d\u00e9j\u00e0 pass\u00e9 une saison <a href=\"https:\/\/www.leparisien.fr\/sports\/football\/psg\/desormais-je-suis-pret-comment-le-gardien-russe-safonov-est-devenu-le-heros-de-la-soiree-du-psg-a-lens-23-12-2024-2NQRFKOUPZBONOCLOMK4MKBU4U.php\" target=\"_self\" rel=\"nofollow noopener\">dans l\u2019ombre de Gianluigi Donnarumma<\/a>, le gardien de 26 ans a export\u00e9 ses gal\u00e8res parisiennes sous le maillot de l\u2019\u00e9quipe nationale russe.<\/p>\n<p class=\"paragraph text_align_left lp-f-body-02\">Titularis\u00e9 lors du match amical organis\u00e9 ce mercredi face au P\u00e9rou \u00e0 Saint-P\u00e9tersbourg (1-1), le natif de Krasnodar a commis une erreur permettant \u00e0 la nation sud-am\u00e9ricaine d\u2019\u00e9galiser dans les derniers instants, alors que la Sbornaya avait ouvert le score par le milieu offensif de Monaco, Aleksandr Golovin, \u00e0 la 18e minute.<\/p>\n<p class=\"paragraph text_align_left lp-f-body-02\">Surpris par la frappe lointaine de l\u2019attaquant p\u00e9ruvien Alex Valera, <a href=\"https:\/\/www.leparisien.fr\/sports\/football\/psg\/psg-entre-lukrainien-zabarnyi-et-le-russe-safonov-une-cohabitation-sous-surveillance-24-08-2025-FMW6BTRBRZG4FJHQHV56B7IA2Y.php\" target=\"_self\" rel=\"nofollow noopener\">Safonov<\/a> s\u2019est rendu coupable d\u2019une faute de main, d\u00e9tournant trop mollement un tir semblant pourtant anodin. \u00ab Nous avons encaiss\u00e9 un but parce que la jambe de Safonov a gliss\u00e9 et qu\u2019il a certainement perdu l\u2019\u00e9quilibre \u00bb, a comment\u00e9 le s\u00e9lectionneur russe Valeriy Karpin apr\u00e8s la partie aupr\u00e8s de plusieurs m\u00e9dias locaux, dont <a href=\"https:\/\/www.sport.ru\/football\/karpin-obyyasnil-rezultativnuyu-oshibku-safonova-v-matche-sbornyh-rossii-i-peru\/article632345\/\" target=\"_self\" rel=\"nofollow noopener\">sport.ru<\/a>. \u00ab Je ne suis pas expert mais on le voit bien au ralenti. Je pense que si sa jambe n\u2019avait pas gliss\u00e9, le but n\u2019aurait pas \u00e9t\u00e9 marqu\u00e9 \u00bb, a-t-il affirm\u00e9.<\/p>\n<p>Lib\u00e9r\u00e9 mais pas sanctionn\u00e9<\/p>\n<p class=\"paragraph text_align_left lp-f-body-02\">Relanc\u00e9 sur la titularisation de son dernier rempart malgr\u00e9 son absence de temps de jeu dans la capitale fran\u00e7aise, Karpin s\u2019est montr\u00e9 \u00e9vasif. \u00ab S\u2019il ne s\u2019agissait pas d\u2019un match amical, Safonov n\u2019aurait peut-\u00eatre pas jou\u00e9 \u00bb, a lanc\u00e9 le technicien face aux m\u00e9dias.<\/p>\n<p class=\"paragraph text_align_left lp-f-body-02\">Ce jeudi matin, il ne figurait pas dans la liste de 27 joueurs communiqu\u00e9s par <a href=\"https:\/\/rfs.ru\/news\/223430\" target=\"_self\" rel=\"nofollow noopener\">sa F\u00e9d\u00e9ration (RFS)<\/a> pour le prochain match amical, pr\u00e9vu le samedi 15 novembre contre le Chili \u00e0 Sotchi. Une absence que certains se sont empress\u00e9s de lier \u00e0 sa faut de mercredi soir.<\/p>\n<p class=\"paragraph text_align_left lp-f-body-02\">Du c\u00f4t\u00e9 du <a href=\"https:\/\/www.leparisien.fr\/sports\/football\/psg\/\" target=\"_blank\" rel=\"noreferrer nofollow noopener\">PSG<\/a>, les explications sont plus simples. On avance en effet qu\u2019il \u00e9tait pr\u00e9vu \u00e0 l\u2019avance que Safonov dispute seulement la premi\u00e8re rencontre, suivant la logique du s\u00e9lectionneur russe, habitu\u00e9 \u00e0 changer son \u00e9quipe d\u2019un match \u00e0 l\u2019autre. S\u2019il n\u2019a pas \u00e9t\u00e9 retenu pour d\u00e9fier le Chili, ce n\u2019est donc pas une sanction.<\/p>\n<p class=\"paragraph text_align_left lp-f-body-02\">En revanche, <a href=\"https:\/\/www.leparisien.fr\/sports\/football\/psg\/psg-je-dois-interagir-avec-lui-pour-le-travail-lukrainien-zabarnyi-evoque-sa-relation-avec-le-russe-safonov-31-08-2025-MFS5UFMPCZB5VBGUH32N4VHKTY.php\" target=\"_self\" rel=\"nofollow noopener\">Safonov<\/a> ne rentrera pas imm\u00e9diatement en France. Le PSG l\u2019a autoris\u00e9 \u00e0 s\u00e9journer quelques jours en Russie aux c\u00f4t\u00e9s de sa famille et notamment <a href=\"https:\/\/www.leparisien.fr\/sports\/football\/psg\/psg-le-transfert-du-gardien-matvey-safonov-pas-menace-malgre-un-litige-judiciaire-en-russie-08-06-2024-JJL5UVB27JEGVO3PDR53NVNXM4.php\" target=\"_self\" rel=\"nofollow noopener\">sa fille de quatre ans, rest\u00e9e au pays<\/a>. Il coupera donc avant de regagner la Ville Lumi\u00e8re pour pr\u00e9parer le match de Ligue 1 contre Le Havre, le samedi 22 novembre \u00e0 21h05.<\/p>\n","protected":false},"excerpt":{"rendered":"Le d\u00e9but de saison de Matvey Safonov est d\u00e9cid\u00e9ment tr\u00e8s compliqu\u00e9. Barr\u00e9 au Paris Saint-Germain par le recrutement&hellip;\n","protected":false},"author":2,"featured_media":531693,"comment_status":"","ping_status":"","sticky":false,"template":"","format":"standard","meta":{"footnotes":""},"categories":[1591],"tags":[11,1887,63,12,93,1885,1886,132,60],"class_list":{"0":"post-531692","1":"post","2":"type-post","3":"status-publish","4":"format-standard","5":"has-post-thumbnail","7":"category-russie","8":"tag-actualites","9":"tag-federation-de-russie","10":"tag-football","11":"tag-news","12":"tag-psg","13":"tag-russia","14":"tag-russian-federation","15":"tag-russie","16":"tag-sports"},"share_on_mastodon":{"url":"https:\/\/pubeurope.com\/@fr\/115543352644291147","error":""},"_links":{"self":[{"href":"https:\/\/www.europesays.com\/fr\/wp-json\/wp\/v2\/posts\/531692","targetHints":{"allow":["GET"]}}],"collection":[{"href":"https:\/\/www.europesays.com\/fr\/wp-json\/wp\/v2\/posts"}],"about":[{"href":"https:\/\/www.europesays.com\/fr\/wp-json\/wp\/v2\/types\/post"}],"author":[{"embeddable":true,"href":"https:\/\/www.europesays.com\/fr\/wp-json\/wp\/v2\/users\/2"}],"replies":[{"embeddable":true,"href":"https:\/\/www.europesays.com\/fr\/wp-json\/wp\/v2\/comments?post=531692"}],"version-history":[{"count":0,"href":"https:\/\/www.europesays.com\/fr\/wp-json\/wp\/v2\/posts\/531692\/revisions"}],"wp:featuredmedia":[{"embeddable":true,"href":"https:\/\/www.europesays.com\/fr\/wp-json\/wp\/v2\/media\/531693"}],"wp:attachment":[{"href":"https:\/\/www.europesays.com\/fr\/wp-json\/wp\/v2\/media?parent=531692"}],"wp:term":[{"taxonomy":"category","embeddable":true,"href":"https:\/\/www.europesays.com\/fr\/wp-json\/wp\/v2\/categories?post=531692"},{"taxonomy":"post_tag","embeddable":true,"href":"https:\/\/www.europesays.com\/fr\/wp-json\/wp\/v2\/tags?post=531692"}],"curies":[{"name":"wp","href":"https:\/\/api.w.org\/{rel}","templated":true}]}}