{"id":531696,"date":"2025-11-13T16:34:16","date_gmt":"2025-11-13T16:34:16","guid":{"rendered":"https:\/\/www.europesays.com\/fr\/531696\/"},"modified":"2025-11-13T16:34:16","modified_gmt":"2025-11-13T16:34:16","slug":"cest-decide-en-mars-les-diables-joueront-deux-matchs-aux-etats-unis-un-contre-le-mexique-le-suivant-contre-les-usa","status":"publish","type":"post","link":"https:\/\/www.europesays.com\/fr\/531696\/","title":{"rendered":"C&rsquo;est d\u00e9cid\u00e9, en mars les Diables joueront deux matchs aux \u00c9tats-Unis: un contre le Mexique, le suivant contre les USA"},"content":{"rendered":"<p class=\"ap-StoryElement ap-StoryElement--mb ap-StoryText\">Le projet \u00e9tait sur la table depuis quelques mois, mais c&rsquo;est d\u00e9sormais une certitude : les Diables rouges vont jouer deux matchs amicaux aux \u00c9tats-Unis au mois de mars. Les adversaires sont deux des trois organisateurs de la Coupe du monde qui aura lieu trois mois plus tard. Le 28 mars, la Belgique affrontera le Mexique \u00e0 Atlanta ; le 31 mars, elle jouera contre les USA \u00e0 Chicago.<\/p>\n<p class=\"ap-StoryElement ap-StoryElement--mb ap-StoryText\">Les matchs rapporteront plus d&rsquo;un million d&rsquo;euros. Cela para\u00eet beaucoup, mais notre f\u00e9d\u00e9ration a refus\u00e9 une proposition encore plus int\u00e9ressante du Qatar et de l&rsquo;Arabie saoudite.<\/p>\n","protected":false},"excerpt":{"rendered":"Le projet \u00e9tait sur la table depuis quelques mois, mais c&rsquo;est d\u00e9sormais une certitude : les Diables rouges&hellip;\n","protected":false},"author":2,"featured_media":531697,"comment_status":"","ping_status":"","sticky":false,"template":"","format":"standard","meta":{"footnotes":""},"categories":[1589],"tags":[47669,17,40963,11,40964,40965,40966,828,9999,6829,40967,40968,40969,2263,73,1866,2269,2257,63,65125,14,40970,45412,3238,4361,12,40971,7720,40972,40973,19582,40974,5486,40975,40976,8359,517,26401,47679,40977,455,1864,1865,40978,1863,308,8363,8364,28],"class_list":{"0":"post-531696","1":"post","2":"type-post","3":"status-publish","4":"format-standard","5":"has-post-thumbnail","7":"category-etats-unis","8":"tag-tomassisk","9":"tag-17","10":"tag-activities","11":"tag-actualites","12":"tag-belgian","13":"tag-belgianreddevils","14":"tag-belgie","15":"tag-belgique","16":"tag-belgium","17":"tag-cup","18":"tag-devils","19":"tag-diables","20":"tag-duivels","21":"tag-equipe","22":"tag-etats-unis","23":"tag-etats-unis-damerique","24":"tag-fifa","25":"tag-foot","26":"tag-football","27":"tag-friedrichshafen","28":"tag-international","29":"tag-kbvb","30":"tag-liechtenstein","31":"tag-national","32":"tag-nationale","33":"tag-news","34":"tag-ploeg","35":"tag-qualification","36":"tag-qualifier","37":"tag-rbfa","38":"tag-red","39":"tag-redtogether","40":"tag-rencontre","41":"tag-rode","42":"tag-rouges","43":"tag-soccer","44":"tag-sport","45":"tag-team","46":"tag-tomas-sisk","47":"tag-tousensemble","48":"tag-uefa","49":"tag-united-states","50":"tag-united-states-of-america","51":"tag-urbsfa","52":"tag-us","53":"tag-usa","54":"tag-voetbal","55":"tag-wedstrijd","56":"tag-world"},"share_on_mastodon":{"url":"","error":"Validation failed: Text character limit of 500 exceeded"},"_links":{"self":[{"href":"https:\/\/www.europesays.com\/fr\/wp-json\/wp\/v2\/posts\/531696","targetHints":{"allow":["GET"]}}],"collection":[{"href":"https:\/\/www.europesays.com\/fr\/wp-json\/wp\/v2\/posts"}],"about":[{"href":"https:\/\/www.europesays.com\/fr\/wp-json\/wp\/v2\/types\/post"}],"author":[{"embeddable":true,"href":"https:\/\/www.europesays.com\/fr\/wp-json\/wp\/v2\/users\/2"}],"replies":[{"embeddable":true,"href":"https:\/\/www.europesays.com\/fr\/wp-json\/wp\/v2\/comments?post=531696"}],"version-history":[{"count":0,"href":"https:\/\/www.europesays.com\/fr\/wp-json\/wp\/v2\/posts\/531696\/revisions"}],"wp:featuredmedia":[{"embeddable":true,"href":"https:\/\/www.europesays.com\/fr\/wp-json\/wp\/v2\/media\/531697"}],"wp:attachment":[{"href":"https:\/\/www.europesays.com\/fr\/wp-json\/wp\/v2\/media?parent=531696"}],"wp:term":[{"taxonomy":"category","embeddable":true,"href":"https:\/\/www.europesays.com\/fr\/wp-json\/wp\/v2\/categories?post=531696"},{"taxonomy":"post_tag","embeddable":true,"href":"https:\/\/www.europesays.com\/fr\/wp-json\/wp\/v2\/tags?post=531696"}],"curies":[{"name":"wp","href":"https:\/\/api.w.org\/{rel}","templated":true}]}}