{"id":531700,"date":"2025-11-13T16:36:27","date_gmt":"2025-11-13T16:36:27","guid":{"rendered":"https:\/\/www.europesays.com\/fr\/531700\/"},"modified":"2025-11-13T16:36:27","modified_gmt":"2025-11-13T16:36:27","slug":"allemagne-la-forme-sauvage-de-la-polio-detectee-dans-un-echantillon-deaux-usees-a-hambourg-13-11-2025-a-1659","status":"publish","type":"post","link":"https:\/\/www.europesays.com\/fr\/531700\/","title":{"rendered":"Allemagne-La forme sauvage de la polio d\u00e9tect\u00e9e dans un \u00e9chantillon d&rsquo;eaux us\u00e9es \u00e0 Hambourg &#8211; 13\/11\/2025 \u00e0 16:59"},"content":{"rendered":"<p>\n par Ludwig Burger et Jennifer Rigby\n<\/p>\n<p>\n FRANCFORT, 13 novembre &#8211; Un \u00e9chantillon d&rsquo;eaux us\u00e9es<br \/>\ncontenant la forme sauvage du virus de la poliomy\u00e9lite a \u00e9t\u00e9<br \/>\nd\u00e9couvert \u00e0 Hambourg, dans le nord de l&rsquo;Allemagne, ont indiqu\u00e9<br \/>\njeudi les autorit\u00e9s allemandes, pr\u00e9cisant qu&rsquo;une cellule de<br \/>\ncrise avait \u00e9t\u00e9 mise en place.\n<\/p>\n<p>\n C&rsquo;est la premi\u00e8re fois que la forme sauvage de la polio est<br \/>\nd\u00e9tect\u00e9e en Europe dans des \u00e9chantillons environnementaux depuis<br \/>\n2010, selon l&rsquo;Organisation mondiale de la sant\u00e9 (OMS).\n<\/p>\n<p>\n Les autorit\u00e9s sanitaires de la ville de Hambourg ont d\u00e9clar\u00e9<br \/>\ndans un communiqu\u00e9 avoir mis en place un groupe de travail<br \/>\nd&rsquo;experts sur le contr\u00f4le des infections et pr\u00e9voir de pr\u00e9lever<br \/>\ndavantage d&rsquo;\u00e9chantillons en \u00e9troite coordination avec l&rsquo;Institut<br \/>\nRobert Koch (RKI).\n<\/p>\n<p>\n L&rsquo;\u00e9chantillon positif au poliovirus sauvage a \u00e9t\u00e9 pr\u00e9lev\u00e9<br \/>\ndurant la semaine du 6 octobre, ont-elles pr\u00e9cis\u00e9. L&rsquo;\u00e9chantillon<br \/>\nprovenait des eaux us\u00e9es de Hambourg et, en partie, de L\u00e4nder<br \/>\nvoisins. Il est donc impossible de d\u00e9terminer pr\u00e9cis\u00e9ment o\u00f9 le<br \/>\nvirus a contamin\u00e9 les eaux us\u00e9es.\n<\/p>\n<p>\n Le risque pour le grand public est tr\u00e8s faible en raison des<br \/>\ntaux de vaccination \u00e9lev\u00e9s, ont poursuivi les autorit\u00e9s, notant<br \/>\nqu&rsquo;aucune infection n&rsquo;avait \u00e9t\u00e9 signal\u00e9e.\n<\/p>\n<p>\n \u00ab\u00a0La d\u00e9tection du poliovirus sauvage dans un \u00e9chantillon<br \/>\nd&rsquo;eaux us\u00e9es prouve que la surveillance fonctionne. Aucun cas<br \/>\nclinique de poliomy\u00e9lite n&rsquo;a \u00e9t\u00e9 signal\u00e9 \u00e0 ce jour \u00e0 l&rsquo;Institut<br \/>\nRobert Koch\u00a0\u00bb, a d\u00e9clar\u00e9 jeudi le minist\u00e8re allemand de la Sant\u00e9.\n<\/p>\n<p>\n Les derniers cas d&rsquo;infections par le poliovirus sauvage chez<br \/>\nl&rsquo;homme enregistr\u00e9s en Allemagne datent de plus de 30 ans.\n<\/p>\n<p>\n La poliomy\u00e9lite est une infection virale qui peut tuer ou<br \/>\nprovoquer une paralysie. Elle peut \u00eatre pr\u00e9venue par la<br \/>\nvaccination.\n<\/p>\n<p>\n Il existe deux formes de poliomy\u00e9lite qui circulent dans le<br \/>\nmonde. La forme sauvage de la polio est plus rare et ne se<br \/>\nrencontrait \u00e0 ce jour qu&rsquo;en Afghanistan et au Pakistan.\n<\/p>\n<p>\n (R\u00e9dig\u00e9 par Ludwig Burger \u00e0 Francfort et Jennifer Rigby \u00e0<br \/>\nLondres ; version fran\u00e7aise Blandine H\u00e9nault, \u00e9dit\u00e9 par Sophie<br \/>\nLouet)<\/p>\n","protected":false},"excerpt":{"rendered":"par Ludwig Burger et Jennifer Rigby FRANCFORT, 13 novembre &#8211; Un \u00e9chantillon d&rsquo;eaux us\u00e9es contenant la forme sauvage&hellip;\n","protected":false},"author":2,"featured_media":2486,"comment_status":"","ping_status":"","sticky":false,"template":"","format":"standard","meta":{"footnotes":""},"categories":[1587],"tags":[400,11,672,398,408,1804,405,1805,1803,1777,674,1801,403,402,399,404,12,1802,401,406,407],"class_list":{"0":"post-531700","1":"post","2":"type-post","3":"status-publish","4":"format-standard","5":"has-post-thumbnail","7":"category-allemagne","8":"tag-action-cac-40","9":"tag-actualites","10":"tag-allemagne","11":"tag-bourse-de-paris","12":"tag-boursorama","13":"tag-bundesrepublik-deutschland","14":"tag-cotations","15":"tag-de","16":"tag-deutschland","17":"tag-eu","18":"tag-europe","19":"tag-germany","20":"tag-indices-devises","21":"tag-investir","22":"tag-investissement","23":"tag-marche-boursier","24":"tag-news","25":"tag-republique-federale-dallemagne","26":"tag-sicav","27":"tag-trackers","28":"tag-warrants"},"share_on_mastodon":{"url":"https:\/\/pubeurope.com\/@fr\/115543368391189509","error":""},"_links":{"self":[{"href":"https:\/\/www.europesays.com\/fr\/wp-json\/wp\/v2\/posts\/531700","targetHints":{"allow":["GET"]}}],"collection":[{"href":"https:\/\/www.europesays.com\/fr\/wp-json\/wp\/v2\/posts"}],"about":[{"href":"https:\/\/www.europesays.com\/fr\/wp-json\/wp\/v2\/types\/post"}],"author":[{"embeddable":true,"href":"https:\/\/www.europesays.com\/fr\/wp-json\/wp\/v2\/users\/2"}],"replies":[{"embeddable":true,"href":"https:\/\/www.europesays.com\/fr\/wp-json\/wp\/v2\/comments?post=531700"}],"version-history":[{"count":0,"href":"https:\/\/www.europesays.com\/fr\/wp-json\/wp\/v2\/posts\/531700\/revisions"}],"wp:featuredmedia":[{"embeddable":true,"href":"https:\/\/www.europesays.com\/fr\/wp-json\/wp\/v2\/media\/2486"}],"wp:attachment":[{"href":"https:\/\/www.europesays.com\/fr\/wp-json\/wp\/v2\/media?parent=531700"}],"wp:term":[{"taxonomy":"category","embeddable":true,"href":"https:\/\/www.europesays.com\/fr\/wp-json\/wp\/v2\/categories?post=531700"},{"taxonomy":"post_tag","embeddable":true,"href":"https:\/\/www.europesays.com\/fr\/wp-json\/wp\/v2\/tags?post=531700"}],"curies":[{"name":"wp","href":"https:\/\/api.w.org\/{rel}","templated":true}]}}