{"id":531703,"date":"2025-11-13T16:38:15","date_gmt":"2025-11-13T16:38:15","guid":{"rendered":"https:\/\/www.europesays.com\/fr\/531703\/"},"modified":"2025-11-13T16:38:15","modified_gmt":"2025-11-13T16:38:15","slug":"les-eurodeputes-valident-le-compromis-arrache-il-y-a-une-semaine-entre-les-gouvernements-liberation","status":"publish","type":"post","link":"https:\/\/www.europesays.com\/fr\/531703\/","title":{"rendered":"les\u00a0eurod\u00e9put\u00e9s valident le\u00a0compromis arrach\u00e9 il y a une semaine entre les gouvernements \u2013 Lib\u00e9ration"},"content":{"rendered":"<p class=\"sc-cPiKLX AiZTS text-element\">Le Parlement europ\u00e9en a approuv\u00e9 ce jeudi 13 novembre l\u2019objectif climatique de <a href=\"https:\/\/www.liberation.fr\/environnement\/climat\/baisse-des-emissions-de-gaz-a-effet-de-serre-il-en-va-de-la-credibilite-de-lunion-europeenne-20250324_UNUXBN4APRHFTOMYUA4FZCBQJM\/?redirected=1\" target=\"_blank\" rel=\"noopener\" title=\"https:\/\/www.liberation.fr\/environnement\/climat\/baisse-des-emissions-de-gaz-a-effet-de-serre-il-en-va-de-la-credibilite-de-lunion-europeenne-20250324_UNUXBN4APRHFTOMYUA4FZCBQJM\/?redirected=1\">l\u2019Union europ\u00e9enne en 2040<\/a>, reprenant les grandes lignes d\u2019un <a href=\"https:\/\/www.liberation.fr\/environnement\/climat\/lunion-europeenne-saccorde-enfin-sur-une-cible-de-baisse-des-emissions-en-2040-mais-au-prix-de-concessions-20251105_2RKOSWZOP5GRVPNNI3QPU6SNVE\/\" target=\"_blank\" rel=\"noopener\" title=\"https:\/\/www.liberation.fr\/environnement\/climat\/lunion-europeenne-saccorde-enfin-sur-une-cible-de-baisse-des-emissions-en-2040-mais-au-prix-de-concessions-20251105_2RKOSWZOP5GRVPNNI3QPU6SNVE\/\">compromis arrach\u00e9<\/a> dans la douleur entre les 27 Etats membres au d\u00e9but du mois, apr\u00e8s une vingtaine d\u2019heures de n\u00e9gociations. <a href=\"https:\/\/www.liberation.fr\/environnement\/climat\/changement-climatique-cinq-raisons-qui-expliquent-pourquoi-leurope-se-rechauffe-deux-fois-plus-vite-que-la-moyenne-mondiale-20251104_2HWKURYNDBBENGK3QQSEHS7LWM\/\" target=\"_blank\" rel=\"noopener\" title=\"https:\/\/www.liberation.fr\/environnement\/climat\/changement-climatique-cinq-raisons-qui-expliquent-pourquoi-leurope-se-rechauffe-deux-fois-plus-vite-que-la-moyenne-mondiale-20251104_2HWKURYNDBBENGK3QQSEHS7LWM\/\">Les eurod\u00e9put\u00e9s<\/a> ont soutenu par 379 voix contre 248 l\u2019ambition de r\u00e9duire de 90 % les \u00e9missions de gaz \u00e0 effet de serre en 2040 (par rapport au niveau de 1990), au prix d\u2019une s\u00e9rie de flexibilit\u00e9s. L\u2019UE est <a href=\"https:\/\/www.liberation.fr\/environnement\/en-2025-laddiction-mondiale-aux-energies-fossiles-continue-de-booster-les-emissions-de-co2-20251113_SXQ7IBPJVFAEXPGZQHAO5BGQXA\/\" target=\"_blank\" rel=\"noreferrer noopener\" title=\"https:\/\/www.liberation.fr\/environnement\/en-2025-laddiction-mondiale-aux-energies-fossiles-continue-de-booster-les-emissions-de-co2-20251113_SXQ7IBPJVFAEXPGZQHAO5BGQXA\/\">le quatri\u00e8me<\/a><a href=\"https:\/\/www.liberation.fr\/environnement\/en-2025-laddiction-mondiale-aux-energies-fossiles-continue-de-booster-les-emissions-de-co2-20251113_SXQ7IBPJVFAEXPGZQHAO5BGQXA\/\" target=\"_blank\" rel=\"noopener\" title=\"https:\/\/www.liberation.fr\/environnement\/en-2025-laddiction-mondiale-aux-energies-fossiles-continue-de-booster-les-emissions-de-co2-20251113_SXQ7IBPJVFAEXPGZQHAO5BGQXA\/\"> \u00e9metteur de gaz \u00e0 effet de serre dans le monde<\/a>, loin derri\u00e8re la Chine, les Etats-Unis et l\u2019Inde.<\/p>\n<p class=\"sc-cPiKLX AiZTS text-element\">Selon le texte ent\u00e9rin\u00e9, les Europ\u00e9ens devront baisser de 85 % leurs \u00e9missions domestiques d\u2019ici quinze ans, et acqu\u00e9rir 5 % de cr\u00e9dits carbone internationaux, destin\u00e9s \u00e0 financer des projets de d\u00e9carbonation en dehors de l\u2019Union europ\u00e9enne. Ce dispositif agace les associations environnementales, qui y voient une \u00abd\u00e9localisation\u00bb de l\u2019effort climatique et redoutent qu\u2019il n\u2019ait pas d\u2019impact r\u00e9el sur la baisse des \u00e9missions.<\/p>\n<p class=\"sc-cPiKLX AiZTS text-element\">Le compromis europ\u00e9en ouvre d\u2019ailleurs la voie \u00e0 des cr\u00e9dits carbone internationaux suppl\u00e9mentaires lors d\u2019une future r\u00e9vision de cette loi climat. Ce jeudi, le Parlement a pr\u00e9cis\u00e9 ce volet qui restait flou dans l\u2019accord scell\u00e9 entre les Etats le 5 novembre : ces \u00e9ventuels cr\u00e9dits internationaux suppl\u00e9mentaires ne pourront repr\u00e9senter que 5 % de la trajectoire nationale des Vingt-Sept dans des domaines tels que les b\u00e2timents, l\u2019agriculture, la petite industrie, les d\u00e9chets et les transports, hors aviation. Les eurod\u00e9put\u00e9s ont aussi insist\u00e9 sur la \u00abqualit\u00e9\u00bb de ces cr\u00e9dits internationaux, pour qu\u2019ils contribuent effectivement \u00e0 la lutte contre le changement climatique et b\u00e9n\u00e9ficient \u00e0 des pays du Sud qui en ont le plus besoin.<\/p>\n<p class=\"sc-cPiKLX AiZTS text-element\">Comme les Etats membres, le Parlement a, en outre, soutenu le report d\u2019un an de l\u2019extension du march\u00e9 du carbone au transport routier et au chauffage des b\u00e2timents, une revendication r\u00e9guli\u00e8re de la Hongrie ou de la Pologne. Cette extension, pr\u00e9vue pour 2027, ne sera finalement d\u00e9ploy\u00e9e qu\u2019en 2028. Un coup dur pour les pays les plus engag\u00e9s en faveur du climat, comme les Scandinaves.<\/p>\n<p class=\"sc-cPiKLX AiZTS text-element\">Ce vote, qui intervient au moment m\u00eame o\u00f9 se d\u00e9roule la COP30 \u00e0 Bel\u00e9m, au Br\u00e9sil, depuis lundi 10 novembre. Et maintenant ? Place aux n\u00e9gociations entre \u00c9tats membres en vue d\u2019une adoption d\u00e9finitive.<\/p>\n","protected":false},"excerpt":{"rendered":"Le Parlement europ\u00e9en a approuv\u00e9 ce jeudi 13 novembre l\u2019objectif climatique de l\u2019Union europ\u00e9enne en 2040, reprenant les&hellip;\n","protected":false},"author":2,"featured_media":531704,"comment_status":"","ping_status":"","sticky":false,"template":"","format":"standard","meta":{"footnotes":""},"categories":[1586],"tags":[65126,11,35996,1777,674,1779,1011,27,35995,12,5140,25,1778,364],"class_list":{"0":"post-531703","1":"post","2":"type-post","3":"status-publish","4":"format-standard","5":"has-post-thumbnail","7":"category-europe","8":"tag-accord-paris-climat","9":"tag-actualites","10":"tag-cop","11":"tag-eu","12":"tag-europe","13":"tag-european-union","14":"tag-fr","15":"tag-france","16":"tag-gaz-effet-serre","17":"tag-news","18":"tag-rechauffement-climatique","19":"tag-republique-francaise","20":"tag-ue","21":"tag-union-europeenne"},"share_on_mastodon":{"url":"https:\/\/pubeurope.com\/@fr\/115543376231445700","error":""},"_links":{"self":[{"href":"https:\/\/www.europesays.com\/fr\/wp-json\/wp\/v2\/posts\/531703","targetHints":{"allow":["GET"]}}],"collection":[{"href":"https:\/\/www.europesays.com\/fr\/wp-json\/wp\/v2\/posts"}],"about":[{"href":"https:\/\/www.europesays.com\/fr\/wp-json\/wp\/v2\/types\/post"}],"author":[{"embeddable":true,"href":"https:\/\/www.europesays.com\/fr\/wp-json\/wp\/v2\/users\/2"}],"replies":[{"embeddable":true,"href":"https:\/\/www.europesays.com\/fr\/wp-json\/wp\/v2\/comments?post=531703"}],"version-history":[{"count":0,"href":"https:\/\/www.europesays.com\/fr\/wp-json\/wp\/v2\/posts\/531703\/revisions"}],"wp:featuredmedia":[{"embeddable":true,"href":"https:\/\/www.europesays.com\/fr\/wp-json\/wp\/v2\/media\/531704"}],"wp:attachment":[{"href":"https:\/\/www.europesays.com\/fr\/wp-json\/wp\/v2\/media?parent=531703"}],"wp:term":[{"taxonomy":"category","embeddable":true,"href":"https:\/\/www.europesays.com\/fr\/wp-json\/wp\/v2\/categories?post=531703"},{"taxonomy":"post_tag","embeddable":true,"href":"https:\/\/www.europesays.com\/fr\/wp-json\/wp\/v2\/tags?post=531703"}],"curies":[{"name":"wp","href":"https:\/\/api.w.org\/{rel}","templated":true}]}}