{"id":531711,"date":"2025-11-13T16:44:18","date_gmt":"2025-11-13T16:44:18","guid":{"rendered":"https:\/\/www.europesays.com\/fr\/531711\/"},"modified":"2025-11-13T16:44:18","modified_gmt":"2025-11-13T16:44:18","slug":"damian-penaud-le-verdict-tombe","status":"publish","type":"post","link":"https:\/\/www.europesays.com\/fr\/531711\/","title":{"rendered":"Damian Penaud, le verdict tombe"},"content":{"rendered":"<p><strong>Fabien Galthi\u00e9 a d\u00e9voil\u00e9 la<br \/>\ncomposition du XV de France qui affrontera les Fidji ce samedi. Il<br \/>\nen a profit\u00e9 pour parler de Damian Penaud.<\/strong><\/p>\n<p>Il sera donc l\u2019un des neuf joueurs titulaires le week-end<br \/>\ndernier lors de la d\u00e9faite du XV de France face \u00e0 l\u2019Afrique du Sud<br \/>\n(17-32) a \u00eatre reconduit ce samedi face aux Fidji. Damian Penaud<br \/>\nest l\u2019un des cadres du syst\u00e8me mis en place par Fabien Galthi\u00e9.<br \/>\nL\u2019ailier aux 144 essais en carri\u00e8re a \u00e9t\u00e9 \u00e9voqu\u00e9 par son<br \/>\ns\u00e9lectionneur ce jeudi, dans le cadre de la <a href=\"https:\/\/www.sports.fr\/rugby\/xv-de-france\/six-gros-changements-contre-les-fidji-966765.html\" rel=\"nofollow noopener\" target=\"_blank\"><br \/>\nconf\u00e9rence de presse de pr\u00e9sentation du XV titulaire<\/a>.<\/p>\n<p>Et si <a href=\"https:\/\/www.sports.fr\/rugby\/xv-de-france\/fabien-galthie-jugement-annonce-apres-la-defaite-966374.html\" rel=\"nofollow noopener\" target=\"_blank\"><br \/>\nFabien Galthi\u00e9<\/a> a \u00e9t\u00e9 interrog\u00e9 sur le cas de Damian Penaud,<br \/>\nc\u2019est plus sp\u00e9cifiquement parce que ce dernier est entr\u00e9 dans<br \/>\nl\u2019histoire du XV de France samedi dernier malgr\u00e9 la claque inflig\u00e9e<br \/>\npar les Springboks. Penaud a en effet battu le record mythique du<br \/>\nnombre d\u2019essais marqu\u00e9s avec les Bleus par Serge Blanco. L\u2019ancien<br \/>\ninternational avait ainsi aplati 38 fois l\u2019ovale en 93 s\u00e9lections.<br \/>\nDamian Penaud a inscrit ses 39e et 40e essais face aux<br \/>\nSud-Africains.<\/p>\n<blockquote class=\"twitter-tweet\"><p><a class=\"twitter-link\" rel=\"noindex, nofollow noopener\" href=\"https:\/\/twitter.com\/sports_fr\/status\/1988933240334193068\" target=\"_blank\"><\/p><\/blockquote>\n<p>C\u2019est donc sur cette comparaison que Fabien Galthi\u00e9 a r\u00e9pondu,<br \/>\ndans des propos relay\u00e9s par RMC. \u00ab\u00a0Oui, il y a un sens<br \/>\ninn\u00e9 de l\u2019espace. Sur les premi\u00e8res s\u00e9lections dans les ann\u00e9es 90,<br \/>\nSerge Blanco me mettait un crochet et venait me voir : \u2018Voil\u00e0,<br \/>\ntu sais ce que c\u2019est le grand frisson\u2019. Damian Penaud a quelque<br \/>\nchose de Serge, c\u2019est tr\u00e8s latin, fran\u00e7ais. Cette capacit\u00e9 \u00e0<br \/>\ntrouver l\u2019espace de mani\u00e8re intuitive.\u00a0\u00bb<\/p>\n<p>Damian Penaud et les Bleus \u00e0 la relance<\/p>\n<p>Le s\u00e9lectionneur a conclu en partageant les bons points :<br \/>\n\u00ab\u00a0Louis Bielle-Biarrey a \u00e7a aussi.\u00a0\u00bb Quoi qu\u2019il<br \/>\nen soit, les Bleus vont devoir montrer un meilleur visage,<br \/>\nnotamment dans les phases offensives, face \u00e0 des Fidjiens \u00e0 leur<br \/>\nport\u00e9e. Ce, m\u00eame si Fabien Galthi\u00e9 a estim\u00e9 que contre l\u2019Afrique du<br \/>\nSud, ses joueurs ont \u00ab\u00a0eu beaucoup d\u2019occasions lors des<br \/>\nvingt premi\u00e8res minutes de la second p\u00e9riode, qu\u2019(ils n\u2019ont)<br \/>\npas transform\u00e9es\u00a0\u00bb.<\/p>\n<p>Reste donc \u00e0 voir ce que le XV de France concoct\u00e9 pour<br \/>\nl\u2019occasion donnera samedi du c\u00f4t\u00e9 du Matmut Atlantique de Bordeaux<br \/>\n(20h10). Ce match sera aussi l\u2019occasion d\u2019une revue de troupe avant<br \/>\nle choc du 22 novembre face \u00e0 l\u2019Australie.<\/p>\n<p><script async src=\"https:\/\/platform.twitter.com\/widgets.js\" charset=\"utf-8\"><\/script><\/p>\n","protected":false},"excerpt":{"rendered":"Fabien Galthi\u00e9 a d\u00e9voil\u00e9 la composition du XV de France qui affrontera les Fidji ce samedi. Il en&hellip;\n","protected":false},"author":2,"featured_media":531712,"comment_status":"","ping_status":"","sticky":false,"template":"","format":"standard","meta":{"footnotes":""},"categories":[1416],"tags":[1011,27,479,1468,60],"class_list":{"0":"post-531711","1":"post","2":"type-post","3":"status-publish","4":"format-standard","5":"has-post-thumbnail","7":"category-rugby","8":"tag-fr","9":"tag-france","10":"tag-rugby","11":"tag-rugby-football","12":"tag-sports"},"share_on_mastodon":{"url":"https:\/\/pubeurope.com\/@fr\/115543399872303100","error":""},"_links":{"self":[{"href":"https:\/\/www.europesays.com\/fr\/wp-json\/wp\/v2\/posts\/531711","targetHints":{"allow":["GET"]}}],"collection":[{"href":"https:\/\/www.europesays.com\/fr\/wp-json\/wp\/v2\/posts"}],"about":[{"href":"https:\/\/www.europesays.com\/fr\/wp-json\/wp\/v2\/types\/post"}],"author":[{"embeddable":true,"href":"https:\/\/www.europesays.com\/fr\/wp-json\/wp\/v2\/users\/2"}],"replies":[{"embeddable":true,"href":"https:\/\/www.europesays.com\/fr\/wp-json\/wp\/v2\/comments?post=531711"}],"version-history":[{"count":0,"href":"https:\/\/www.europesays.com\/fr\/wp-json\/wp\/v2\/posts\/531711\/revisions"}],"wp:featuredmedia":[{"embeddable":true,"href":"https:\/\/www.europesays.com\/fr\/wp-json\/wp\/v2\/media\/531712"}],"wp:attachment":[{"href":"https:\/\/www.europesays.com\/fr\/wp-json\/wp\/v2\/media?parent=531711"}],"wp:term":[{"taxonomy":"category","embeddable":true,"href":"https:\/\/www.europesays.com\/fr\/wp-json\/wp\/v2\/categories?post=531711"},{"taxonomy":"post_tag","embeddable":true,"href":"https:\/\/www.europesays.com\/fr\/wp-json\/wp\/v2\/tags?post=531711"}],"curies":[{"name":"wp","href":"https:\/\/api.w.org\/{rel}","templated":true}]}}