{"id":531737,"date":"2025-11-13T17:01:13","date_gmt":"2025-11-13T17:01:13","guid":{"rendered":"https:\/\/www.europesays.com\/fr\/531737\/"},"modified":"2025-11-13T17:01:13","modified_gmt":"2025-11-13T17:01:13","slug":"le-taux-de-chomage-en-france-poursuit-doucement-sa-hausse-actualites","status":"publish","type":"post","link":"https:\/\/www.europesays.com\/fr\/531737\/","title":{"rendered":"Le taux de ch\u00f4mage en France poursuit doucement sa hausse : Actualit\u00e9s"},"content":{"rendered":"<p class=\"lead \">Le taux de ch\u00f4mage en France a l\u00e9g\u00e8rement augment\u00e9 au troisi\u00e8me trimestre 2025, de 0,1 point sur un trimestre et 0,3% sur un an, pour atteindre 7,7% de la population active. Une hausse qui traduit un retournement de tendance selon des experts.<\/p>\n<p class=\"lead \">Le nombre de ch\u00f4meurs au sens du Bureau international du travail, recherchant un emploi et disponibles pour en prendre un dans les deux semaines, augmente de 44.000 par rapport au trimestre pr\u00e9c\u00e9dent, \u00e0 2,4 millions de personnes, observe l&rsquo;Institut national de la statistique (Insee) dans son point trimestriel communiqu\u00e9 jeudi.<\/p>\n<p class=\"lead \">\u00ab\u00a0Le taux de ch\u00f4mage est ainsi sup\u00e9rieur de 0,3 point \u00e0 son niveau du troisi\u00e8me trimestre 2024, mais demeure nettement au-dessous de son pic de mi-2015 (-2,8 points)\u00a0\u00bb, note l&rsquo;Insee. <\/p>\n<p class=\"lead \">L&rsquo;institut a aussi revu \u00e0 la hausse son estimation du deuxi\u00e8me trimestre, de 7,5% \u00e0 7,6% de la population active.<\/p>\n<p class=\"lead \">\u00ab\u00a0La tendance l\u00e9g\u00e8rement haussi\u00e8re (du ch\u00f4mage), de 0,6 point depuis deux ans et demi, tranche avec la longue p\u00e9riode de repli quasi-r\u00e9gulier qu&rsquo;on a eue entre mi-2015, o\u00f9 on \u00e9tait \u00e0 10,5%, le point haut, et fin 2022, o\u00f9 on a atteint 7,1%\u00a0\u00bb, a comment\u00e9 le chef du d\u00e9partement de l&rsquo;Emploi et de Revenu d&rsquo;Activit\u00e9 de l&rsquo;Insee, Vladimir Passeron.<\/p>\n<p class=\"lead \">Sur un an, la hausse du ch\u00f4mage \u00ab\u00a0est port\u00e9e par les \u00e2ges m\u00e9dians (24-49 ans), plus 0,5 point, et les seniors, plus 0,4 point, alors que pour les jeunes de 15 \u00e0 24 ans, le taux de ch\u00f4mage diminue de 0,8 point \u00e0 18,8%\u00a0\u00bb, ajoute-t-il. Sur le trimestre, le taux de ch\u00f4mage des 15-24 ans, particuli\u00e8rement scrut\u00e9, diminue de 0,2 point.<\/p>\n<p class=\"lead \">Par ailleurs, la part des jeunes de 15 \u00e0 29 ans qui ne sont ni en emploi, ni en formation, ni en \u00e9tudes, diminue de 0,2 point, \u00e0 12,5%. Une proportion qui se situe n\u00e9anmoins 0,3 point au-dessus de son niveau d&rsquo;un an auparavant.<\/p>\n<p class=\"lead \">Le halo autour du ch\u00f4mage, constitu\u00e9 des personnes qui souhaitent un emploi mais n&rsquo;en recherchent pas ou ne sont pas imm\u00e9diatement disponibles, reste quasiment stable \u00e0 1,9 million de personnes sur le trimestre.<\/p>\n<p class=\"lead \">Ces chiffres \u00ab\u00a0montrent une situation globalement stable\u00a0\u00bb a r\u00e9agi le ministre du Travail Jean-Pierre Farandou. \u00ab\u00a0Le taux de ch\u00f4mage des jeunes recule, la part des jeunes ni en emploi ni en formation baisse \u00e9galement. Les taux d&#8217;emploi et d&rsquo;activit\u00e9 restent \u00e9lev\u00e9s et l&#8217;emploi en CDI progresse. Dans le contexte \u00e9conomique difficile que nous connaissons, ce sont des signes positifs pour l&#8217;emploi\u00a0\u00bb.<\/p>\n<p class=\"lead \">&#8211; \u00ab\u00a0D\u00e9courag\u00e9s\u00a0\u00bb &#8211;<\/p>\n<p class=\"lead \">Eric Heyer, directeur du d\u00e9partement Analyse et Pr\u00e9vision de l&rsquo;Observatoire fran\u00e7ais des conjonctures \u00e9conomiques (OFCE), voit pourtant dans la baisse du ch\u00f4mage des jeunes une forme de trompe-l&rsquo;\u0153il, car leur taux d&#8217;emploi a \u00e9galement baiss\u00e9 sur le trimestre (-0,3 point), \u00e0 34,7%.<\/p>\n<p class=\"lead \">Certains jeunes \u00ab\u00a0ont perdu leur emploi mais ne se sont pas inscrits au ch\u00f4mage\u00a0\u00bb, souligne l&rsquo;\u00e9conomiste. \u00ab\u00a0Soit ils sont retourn\u00e9s dans la scolarit\u00e9, par exemple des apprentis qui ont perdu leur contrat d&rsquo;apprentissage, soit ce sont des d\u00e9courag\u00e9s, qui sont sortis de la population active, donc on ne peut pas s&rsquo;en r\u00e9jouir\u00a0\u00bb.<\/p>\n<p class=\"lead \">D\u00e9but novembre, les chiffres de l&#8217;emploi salari\u00e9 publi\u00e9s par l&rsquo;Insee indiquaient un quatri\u00e8me trimestre cons\u00e9cutif de recul apr\u00e8s presque quatre ann\u00e9es de hausse, notamment \u00e0 cause de la diminution des aides \u00e0 l&rsquo;apprentissage.<\/p>\n<p class=\"lead \">Au-del\u00e0 des jeunes, M. Heyer juge les chiffres \u00ab\u00a0mauvais\u00a0\u00bb, le nombre de ch\u00f4meurs augmentant de 119.000 sur un an. <\/p>\n<p class=\"lead \">\u00ab\u00a0Depuis la crise sanitaire, malgr\u00e9 le peu de croissance \u00e9conomique, on avait beaucoup de cr\u00e9ations d&#8217;emplois\u00a0\u00bb mais, d\u00e9sormais, un retournement a eu lieu et \u00ab\u00a0il faut plus de croissance pour cr\u00e9er des emplois\u00a0\u00bb, explique-t-il.<\/p>\n<p class=\"lead \">\u00ab\u00a0Les gains de productivit\u00e9 font qu&rsquo;il y a des destructions d&#8217;emplois, qui provoquent une hausse du ch\u00f4mage\u00a0\u00bb, une tendance qui devrait durer au moins \u00ab\u00a0jusqu&rsquo;\u00e0 fin 2026\u00a0\u00bb, estime-t-il, alors que le gouvernement cherche \u00e0 r\u00e9duire le d\u00e9ficit et grignote les aides \u00e0 l&rsquo;apprentissage et aux entreprises.<\/p>\n<p class=\"lead \">\u00ab\u00a0Sur le lien activit\u00e9-emploi, sur les derni\u00e8res ann\u00e9es, (..) on s&rsquo;\u00e9tonnait du fait qu&rsquo;on avait finalement trop d&#8217;emplois au regard de la croissance constat\u00e9e et effectivement, sur ce troisi\u00e8me trimestre, cela se renverse\u00a0\u00bb, constate aussi le chef de la division Synth\u00e8se et conjoncture du march\u00e9 du travail de l&rsquo;Insee, Yves Jauneau.<\/p>\n","protected":false},"excerpt":{"rendered":"Le taux de ch\u00f4mage en France a l\u00e9g\u00e8rement augment\u00e9 au troisi\u00e8me trimestre 2025, de 0,1 point sur un&hellip;\n","protected":false},"author":2,"featured_media":531738,"comment_status":"","ping_status":"","sticky":false,"template":"","format":"standard","meta":{"footnotes":""},"categories":[6],"tags":[35,57836,33,34,341,1011,27,20710,801],"class_list":{"0":"post-531737","1":"post","2":"type-post","3":"status-publish","4":"format-standard","5":"has-post-thumbnail","7":"category-economie","8":"tag-business","9":"tag-chmage","10":"tag-economie","11":"tag-economy","12":"tag-emploi","13":"tag-fr","14":"tag-france","15":"tag-indicateur","16":"tag-social"},"share_on_mastodon":{"url":"https:\/\/pubeurope.com\/@fr\/115543466570584821","error":""},"_links":{"self":[{"href":"https:\/\/www.europesays.com\/fr\/wp-json\/wp\/v2\/posts\/531737","targetHints":{"allow":["GET"]}}],"collection":[{"href":"https:\/\/www.europesays.com\/fr\/wp-json\/wp\/v2\/posts"}],"about":[{"href":"https:\/\/www.europesays.com\/fr\/wp-json\/wp\/v2\/types\/post"}],"author":[{"embeddable":true,"href":"https:\/\/www.europesays.com\/fr\/wp-json\/wp\/v2\/users\/2"}],"replies":[{"embeddable":true,"href":"https:\/\/www.europesays.com\/fr\/wp-json\/wp\/v2\/comments?post=531737"}],"version-history":[{"count":0,"href":"https:\/\/www.europesays.com\/fr\/wp-json\/wp\/v2\/posts\/531737\/revisions"}],"wp:featuredmedia":[{"embeddable":true,"href":"https:\/\/www.europesays.com\/fr\/wp-json\/wp\/v2\/media\/531738"}],"wp:attachment":[{"href":"https:\/\/www.europesays.com\/fr\/wp-json\/wp\/v2\/media?parent=531737"}],"wp:term":[{"taxonomy":"category","embeddable":true,"href":"https:\/\/www.europesays.com\/fr\/wp-json\/wp\/v2\/categories?post=531737"},{"taxonomy":"post_tag","embeddable":true,"href":"https:\/\/www.europesays.com\/fr\/wp-json\/wp\/v2\/tags?post=531737"}],"curies":[{"name":"wp","href":"https:\/\/api.w.org\/{rel}","templated":true}]}}