{"id":531739,"date":"2025-11-13T17:02:12","date_gmt":"2025-11-13T17:02:12","guid":{"rendered":"https:\/\/www.europesays.com\/fr\/531739\/"},"modified":"2025-11-13T17:02:12","modified_gmt":"2025-11-13T17:02:12","slug":"litalie-ouvre-une-enquete-sur-le-tourisme-des-tireurs-delite-durant-le-siege-de-sarajevo","status":"publish","type":"post","link":"https:\/\/www.europesays.com\/fr\/531739\/","title":{"rendered":"l\u2019Italie ouvre une enqu\u00eate sur le tourisme des tireurs d\u2019\u00e9lite durant le si\u00e8ge de Sarajevo"},"content":{"rendered":"<p>\n    Selon le quotidien La Repubblica, l\u2019enqu\u00eate ouverte contre X par le procureur de Milan Alessandro Gobbis pour \u00abhomicide volontaire aggrav\u00e9\u00bb, cherche \u00e0 \u00abidentifier les Italiens qui, entre 1993 et 1995, ont pay\u00e9 pour \u201cjouer \u00e0 la guerre\u201d et tuer des civils sans d\u00e9fense \u201cpour le plaisir\u201d\u00bb.<\/p>\n<p class=\"fig-paragraph\">Trente ans apr\u00e8s, le parquet de Milan a ouvert une enqu\u00eate sur des \u00abtireurs d&rsquo;\u00e9lite du week-end\u00bb, dont de nombreux<a href=\"http:\/\/www.lefigaro.fr\/international\/la-recette-du-succes-de-giorgia-meloni-qui-a-reussi-a-stabiliser-la-situation-politique-en-italie-20251025\" target=\"_blank\" data-fig-type=\"Article\" rel=\"noopener\" data-gtm-custom-categorie=\"navigation\" data-gtm-custom-action=\"crossclick\" data-gtm-custom-label=\"Contextuel\" data-gtm-event=\"customEventSPE\" data-fig-domain=\"LEFIGARO\">\u00a0Italiens<\/a>, qui lors du<a href=\"https:\/\/www.lefigaro.fr\/international\/trente-ans-apres-sarajevo-a-garde-son-ame-et-ses-cicatrices-20220405\" target=\"_blank\" data-fig-type=\"Article\" rel=\"noopener\" data-gtm-custom-categorie=\"navigation\" data-gtm-custom-action=\"crossclick\" data-gtm-custom-label=\"Contextuel\" data-gtm-event=\"customEventSPE\" data-fig-domain=\"LEFIGARO\">\u00a0si\u00e8ge de Sarajevo<\/a>\u00a0au d\u00e9but des ann\u00e9es 1990, auraient pay\u00e9<a href=\"http:\/\/www.lefigaro.fr\/conjoncture\/comment-l-italie-cherche-a-faire-financer-ses-depenses-militaires-par-l-europe-20250312\" target=\"_blank\" data-fig-type=\"Article\" rel=\"noopener\" data-gtm-custom-categorie=\"navigation\" data-gtm-custom-action=\"crossclick\" data-gtm-custom-label=\"Contextuel\" data-gtm-event=\"customEventSPE\" data-fig-domain=\"LEFIGARO\">\u00a0l&rsquo;arm\u00e9e<\/a>\u00a0serbe pour tirer sur des civils, rapportent la presse italienne et l&rsquo;ex-maire de Sarajevo. Selon le quotidien La Repubblica, l&rsquo;enqu\u00eate ouverte contre X par le procureur de Milan Alessandro Gobbis pour \u00abhomicide volontaire aggrav\u00e9\u00bb, cherche \u00e0 \u00abidentifier les Italiens qui, entre 1993 et 1995, ont pay\u00e9 pour \u201cjouer \u00e0 la guerre\u201d et tuer des civils sans d\u00e9fense \u201cpour le plaisir\u201d\u00bb.<\/p>\n<p class=\"fig-paragraph\">Ces \u00abtouristes de guerre\u00bb, pour la plupart des sympathisants d&rsquo;extr\u00eame droite passionn\u00e9s d&rsquo;armes et fortun\u00e9s, se rassemblaient \u00e0 Trieste, dans le nord de l&rsquo;Italie, avant d&rsquo;\u00eatre conduits sur les collines entourant Sarajevo, ajoute le journal. Pour pouvoir participer \u00e0 ces \u00absafaris\u00bb macabres, ils payaient jusqu&rsquo;\u00e0 l&rsquo;\u00e9quivalent de 100.000 euros par jour, indique le quotidien Il Giornale, qui avait r\u00e9v\u00e9l\u00e9 le premier, en juillet, l&rsquo;ouverture d&rsquo;une enqu\u00eate italienne.<\/p>\n<p>                                    <a class=\"fig-a11y-skip a11y-hidden\" href=\"#fig-a11y-skip-main-inarticle\"><br \/>\n        Passer la publicit\u00e9<br \/>\n    <\/a><\/p>\n<p class=\"fig-paragraph\">Cette derni\u00e8re fait suite au d\u00e9p\u00f4t d&rsquo;une plainte par le journaliste et \u00e9crivain italien Ezio Gavanezzi, lequel a \u00e9t\u00e9 contact\u00e9 en ao\u00fbt 2025 par l&rsquo;ex-maire de Sarajevo, Benjamina Karic, qui avait d\u00e9j\u00e0 port\u00e9 plainte en Bosnie en 2022 apr\u00e8s la diffusion du documentaire \u00abSarajevo Safari\u00bb du r\u00e9alisateur slov\u00e8ne Miran Zupanic. Sollicit\u00e9 par l&rsquo;AFP, le parquet de Milan n&rsquo;a pas donn\u00e9 suite.<\/p>\n<p>\u00abAu moins une centaine\u00bb de snipers italiens<\/p>\n<p class=\"fig-paragraph\">Ezio Gavanezzi, dans une interview \u00e0 La Repubblica, estime \u00e0 \u00abau moins une centaine\u00bb ces \u00absnipers du week-end\u00bb italiens, tandis qu&rsquo;Il Giornale \u00e9voque le chiffre d&rsquo;au moins 200 Italiens ainsi que la pr\u00e9sence d&rsquo;\u00e9trangers d&rsquo;autres nationalit\u00e9s. Saluant mardi sur Facebook l&rsquo;ouverture de l&rsquo;enqu\u00eate italienne, Benjamina Karic a publi\u00e9 la plainte qu&rsquo;elle avait d\u00e9pos\u00e9e en 2022.<\/p>\n<p class=\"fig-paragraph\">\u00abLe contenu du documentaire (Sarajevo Safari, NDLR), ainsi que les d\u00e9clarations des t\u00e9moins, indiquent qu&rsquo;il existe un soup\u00e7on fond\u00e9 qu&rsquo;il y ait eu parmi les membres de l&rsquo;Arm\u00e9e de la Republika Srpska (RS, entit\u00e9 serbe de Bosnie, NDLR) des individus qui organisaient des \u201cexcursions\u201d pour de riches \u00e9trangers\u00bb, peut-on y lire.<\/p>\n<p class=\"fig-paragraph\">Contre une somme d&rsquo;argent, ces derniers pouvaient \u00abtirer avec des fusils de pr\u00e9cision depuis des positions de l&rsquo;Arm\u00e9e de la Republika Srpska situ\u00e9es au-dessus de la ville de Sarajevo, tuant et blessant des civils innocents de la ville assi\u00e9g\u00e9e, dont des enfants\u00bb, ajoute le document. Durant le si\u00e8ge de Sarajevo (1992-1996), le plus long de l&rsquo;histoire de la guerre moderne, 11.541 hommes, femmes et enfants ont \u00e9t\u00e9 tu\u00e9s et plus de 50.000 de ses habitants ont \u00e9t\u00e9 bless\u00e9s par les forces serbes bosniennes, selon les chiffres officiels.<\/p>\n","protected":false},"excerpt":{"rendered":"Selon le quotidien La Repubblica, l\u2019enqu\u00eate ouverte contre X par le procureur de Milan Alessandro Gobbis pour \u00abhomicide&hellip;\n","protected":false},"author":2,"featured_media":531740,"comment_status":"","ping_status":"","sticky":false,"template":"","format":"standard","meta":{"footnotes":""},"categories":[5],"tags":[11,1067,1011,27,14,452,12,65127,28],"class_list":{"0":"post-531739","1":"post","2":"type-post","3":"status-publish","4":"format-standard","5":"has-post-thumbnail","7":"category-international","8":"tag-actualites","9":"tag-enquete","10":"tag-fr","11":"tag-france","12":"tag-international","13":"tag-italie","14":"tag-news","15":"tag-sarajevo","16":"tag-world"},"share_on_mastodon":{"url":"https:\/\/pubeurope.com\/@fr\/115543470657363995","error":""},"_links":{"self":[{"href":"https:\/\/www.europesays.com\/fr\/wp-json\/wp\/v2\/posts\/531739","targetHints":{"allow":["GET"]}}],"collection":[{"href":"https:\/\/www.europesays.com\/fr\/wp-json\/wp\/v2\/posts"}],"about":[{"href":"https:\/\/www.europesays.com\/fr\/wp-json\/wp\/v2\/types\/post"}],"author":[{"embeddable":true,"href":"https:\/\/www.europesays.com\/fr\/wp-json\/wp\/v2\/users\/2"}],"replies":[{"embeddable":true,"href":"https:\/\/www.europesays.com\/fr\/wp-json\/wp\/v2\/comments?post=531739"}],"version-history":[{"count":0,"href":"https:\/\/www.europesays.com\/fr\/wp-json\/wp\/v2\/posts\/531739\/revisions"}],"wp:featuredmedia":[{"embeddable":true,"href":"https:\/\/www.europesays.com\/fr\/wp-json\/wp\/v2\/media\/531740"}],"wp:attachment":[{"href":"https:\/\/www.europesays.com\/fr\/wp-json\/wp\/v2\/media?parent=531739"}],"wp:term":[{"taxonomy":"category","embeddable":true,"href":"https:\/\/www.europesays.com\/fr\/wp-json\/wp\/v2\/categories?post=531739"},{"taxonomy":"post_tag","embeddable":true,"href":"https:\/\/www.europesays.com\/fr\/wp-json\/wp\/v2\/tags?post=531739"}],"curies":[{"name":"wp","href":"https:\/\/api.w.org\/{rel}","templated":true}]}}