{"id":531744,"date":"2025-11-13T17:05:20","date_gmt":"2025-11-13T17:05:20","guid":{"rendered":"https:\/\/www.europesays.com\/fr\/531744\/"},"modified":"2025-11-13T17:05:20","modified_gmt":"2025-11-13T17:05:20","slug":"loire-un-pretre-habitant-a-saint-etienne-soupconne-dagressions-sexuelles-sur-mineurs-au-maroc","status":"publish","type":"post","link":"https:\/\/www.europesays.com\/fr\/531744\/","title":{"rendered":"Loire. Un pr\u00eatre habitant \u00e0 Saint-\u00c9tienne soup\u00e7onn\u00e9 d\u2019agressions sexuelles sur mineurs au Maroc"},"content":{"rendered":"<p>Un pr\u00eatre qui a exerc\u00e9 en Centrafrique et au Maroc, jusqu\u2019en 2024, est soup\u00e7onn\u00e9 d\u2019agressions sexuelles, a r\u00e9v\u00e9l\u00e9 le parquet de Saint-\u00c9tienne dans un communiqu\u00e9 de presse.<\/p>\n<p>Aujourd\u2019hui \u00e2g\u00e9 d\u2019une soixantaine d\u2019ann\u00e9es, l\u2019homme vit dans la Loire. Il aurait rencontr\u00e9 et agress\u00e9 ses victimes dans le cadre de l\u2019assistance qu\u2019il apportait \u00e0 des migrants au Maroc, entre\u00a02020 et\u00a02024.<\/p>\n<p>L\u2019affaire est partie d\u2019une enqu\u00eate men\u00e9e par l\u2019archev\u00each\u00e9 de Rabat, qui l\u2019a transmise au Parquet de Saint-\u00c9tienne. C\u2019est une ONG qui aurait d\u00e9nonc\u00e9 ces faits, qui se seraient d\u00e9roul\u00e9s \u00e0 Casablanca et Rabat, aux autorit\u00e9s judiciaires marocaines.<\/p>\n<p>Le pr\u00eatre a \u00e9t\u00e9 entendu par les services de police lig\u00e9riens et a affirm\u00e9 que ces actes sexuels \u00e9taient toujours librement consentis.<\/p>\n<p>  Une enqu\u00eate pr\u00e9liminaire ouverte<\/p>\n<p>Le Parquet de Saint-\u00c9tienne a ouvert une enqu\u00eate pr\u00e9liminaire pour \u00ab agressions sexuelles sur majeurs et mineurs de plus de 15 ans par personne ayant autorit\u00e9 du fait de sa fonction\u00a0\u00bb.<\/p>\n<p>Le minist\u00e8re public compl\u00e8te\u00a0: \u00ab\u00a0Dans la mesure o\u00f9 ces \u00e9l\u00e9ments sont trop impr\u00e9cis et non soumis \u00e0 la contradiction, le parquet a r\u00e9dig\u00e9 une demande d\u2019entraide p\u00e9nale internationale aupr\u00e8s du Maroc afin d\u2019obtenir plus d\u2019informations.\u00a0\u00bb<\/p>\n<p>  Ce pr\u00eatre n\u2019a aucun lien avec le dioc\u00e8se de Saint-\u00c9tienne<\/p>\n<p>De son c\u00f4t\u00e9, le dioc\u00e8se de Saint-\u00c9tienne affirme \u00eatre au courant de la pr\u00e9sence de ce pr\u00eatre \u00e0 Saint-\u00c9tienne mais ce dernier d\u00e9pend du dioc\u00e8se de Rennes.<\/p>\n<p>La raison de son installation, en septembre 2024, \u00e0 Saint-\u00c9tienne est simple\u00a0: assign\u00e9 \u00e0 r\u00e9sidence par le dioc\u00e8se de Rennes, il lui fallait trouver un lieu d\u2019h\u00e9bergement le temps que le dossier soit instruit. Et c\u2019est une communaut\u00e9 st\u00e9phanoise, avec l\u2019autorisation de l\u2019\u00e9v\u00eaque de Saint-\u00c9tienne, qui l\u2019a accueilli.<\/p>\n<p>Le dioc\u00e8se st\u00e9phanois pr\u00e9cise que ce pr\u00eatre a l\u2019interdiction de mener des activit\u00e9s pastorales.<\/p>\n","protected":false},"excerpt":{"rendered":"Un pr\u00eatre qui a exerc\u00e9 en Centrafrique et au Maroc, jusqu\u2019en 2024, est soup\u00e7onn\u00e9 d\u2019agressions sexuelles, a r\u00e9v\u00e9l\u00e9&hellip;\n","protected":false},"author":2,"featured_media":531745,"comment_status":"","ping_status":"","sticky":false,"template":"","format":"standard","meta":{"footnotes":""},"categories":[9653],"tags":[1111,11,2430,271,272,7539,1777,674,274,107,1011,27,3367,12,25,4001,7538],"class_list":{"0":"post-531744","1":"post","2":"type-post","3":"status-publish","4":"format-standard","5":"has-post-thumbnail","7":"category-saint-etienne","8":"tag-actu","9":"tag-actualites","10":"tag-auvergne-rhone-alpes","11":"tag-crime","12":"tag-delit-et-contravention","13":"tag-edition-loire-sud","14":"tag-eu","15":"tag-europe","16":"tag-faits-divers-justice","17":"tag-fil-info","18":"tag-fr","19":"tag-france","20":"tag-loire","21":"tag-news","22":"tag-republique-francaise","23":"tag-saint-etienne","24":"tag-saint-etienne-ville"},"share_on_mastodon":{"url":"https:\/\/pubeurope.com\/@fr\/115543482281492149","error":""},"_links":{"self":[{"href":"https:\/\/www.europesays.com\/fr\/wp-json\/wp\/v2\/posts\/531744","targetHints":{"allow":["GET"]}}],"collection":[{"href":"https:\/\/www.europesays.com\/fr\/wp-json\/wp\/v2\/posts"}],"about":[{"href":"https:\/\/www.europesays.com\/fr\/wp-json\/wp\/v2\/types\/post"}],"author":[{"embeddable":true,"href":"https:\/\/www.europesays.com\/fr\/wp-json\/wp\/v2\/users\/2"}],"replies":[{"embeddable":true,"href":"https:\/\/www.europesays.com\/fr\/wp-json\/wp\/v2\/comments?post=531744"}],"version-history":[{"count":0,"href":"https:\/\/www.europesays.com\/fr\/wp-json\/wp\/v2\/posts\/531744\/revisions"}],"wp:featuredmedia":[{"embeddable":true,"href":"https:\/\/www.europesays.com\/fr\/wp-json\/wp\/v2\/media\/531745"}],"wp:attachment":[{"href":"https:\/\/www.europesays.com\/fr\/wp-json\/wp\/v2\/media?parent=531744"}],"wp:term":[{"taxonomy":"category","embeddable":true,"href":"https:\/\/www.europesays.com\/fr\/wp-json\/wp\/v2\/categories?post=531744"},{"taxonomy":"post_tag","embeddable":true,"href":"https:\/\/www.europesays.com\/fr\/wp-json\/wp\/v2\/tags?post=531744"}],"curies":[{"name":"wp","href":"https:\/\/api.w.org\/{rel}","templated":true}]}}