{"id":531759,"date":"2025-11-13T17:14:16","date_gmt":"2025-11-13T17:14:16","guid":{"rendered":"https:\/\/www.europesays.com\/fr\/531759\/"},"modified":"2025-11-13T17:14:16","modified_gmt":"2025-11-13T17:14:16","slug":"attentats-du-13-novembre-un-seul-en-scene-pour-ne-pas-oublier-les-victimes-du-bataclan-pres-de-rouen","status":"publish","type":"post","link":"https:\/\/www.europesays.com\/fr\/531759\/","title":{"rendered":"Attentats du 13 novembre. Un seul en sc\u00e8ne pour ne pas oublier les victimes du Bataclan, pr\u00e8s de Rouen"},"content":{"rendered":"<p>                    Par<br \/>\n        <strong><br \/>\n            <a href=\"https:\/\/actu.fr\/auteur\/laredaction\" title=\"Consulter tous les articles de R\u00e9daction Normandie\" rel=\"nofollow noopener\" target=\"_blank\">R\u00e9daction Normandie<\/a><br \/>\n                    <\/strong><\/p>\n<p>        Publi\u00e9 le<\/p>\n<p>            13 nov. 2025 \u00e0 17h10        <\/p>\n<p><strong>Le 13\u00a0novembre 2015<\/strong>, l\u2019innommable s\u2019est produit. \u00c0 22\u00a0heures, lors du concert du groupe de rock am\u00e9ricain Eagles of Death Metal, au Bataclan, \u00e0 Paris, <a href=\"https:\/\/actu.fr\/societe\/dix-ans-des-attentats-du-13-novembre-documentaires-ceremonies-comment-suivre-les-hommages_63401126.html\" rel=\"nofollow noopener\" target=\"_blank\">des terroristes attaquaient la salle de spectacle<\/a>, faisant 130 morts et 413 bless\u00e9s. Cette trag\u00e9die a profond\u00e9ment marqu\u00e9 la France et le monde entier. Au fil des ann\u00e9es, les survivants, les protagonistes et les familles ont t\u00e9moign\u00e9 de l\u2019horreur. <strong>Dix ans plus tard, la douleur reste vive.<\/strong> Le public souhaite comprendre, et la culture constitue un moyen privil\u00e9gi\u00e9 d\u2019aborder ce sujet sensible.<\/p>\n<p>Vous n\u2019aurez pas ma haine, un hommage aux victimes du 13 novembre<\/p>\n<p class=\" wall-content\">C\u2019est le choix qu\u2019a fait le com\u00e9dien Fr\u00e9d\u00e9ric Seaux pour sa deuxi\u00e8me cr\u00e9ation, et la premi\u00e8re de sa compagnie Cogito. Samedi 29 novembre, \u00e0 20 h 30,<strong> \u00e0 l\u2019espace culturel Bourvil<\/strong> de <a href=\"https:\/\/actu.fr\/normandie\/franqueville-saint-pierre_76475\" rel=\"nofollow noopener\" target=\"_blank\">Franqueville-Saint-Pierre<\/a>, pr\u00e8s de Rouen, sous la direction de Patrick Luciani, et seul en sc\u00e8ne, il incarnera le personnage d\u2019Antoine Leiris dans Vous n\u2019aurez pas ma haine.<\/p>\n<p class=\" wall-content\">R\u00e9sidant \u00e0 Saint-Jacques-sur-Darn\u00e9tal, \u00e2g\u00e9 de 51\u00a0ans, Fr\u00e9d\u00e9ric Seaux est professeur de fran\u00e7ais, histoire et g\u00e9ographie <strong>au lyc\u00e9e \u00c9lisa Lemonnier, au Petit-Quevilly.<\/strong> Passionn\u00e9 par les mots, il a \u00e9t\u00e9 correspondant de presse pour Le journal d\u2019Elbeuf, La Terre, l\u2019Humanit\u00e9 dimanche et l\u2019Humanit\u00e9, ainsi que chroniqueur pour plusieurs radios locales.<\/p>\n<p class=\" wall-content\">En 2011, apr\u00e8s avoir lui-m\u00eame \u00e9crit quelques livres sur l\u2019Histoire locale, il a aussi fond\u00e9 la maison Cogito, au sein de laquelle durant huit ans, il a \u00e9dit\u00e9 54 romans, des livres jeunesse, des autographies, des recueils de po\u00e9sies, etc. \u00ab Avec les auteurs, nous avons obtenu 15 prix locaux et r\u00e9gionaux. C\u2019\u00e9tait une passion, un plaisir, mais j\u2019ai d\u00fb arr\u00eater pour des raisons tr\u00e8s personnelles et aussi \u00e0 cause d\u2019une usure aupr\u00e8s de quelques auteurs et libraires \u00bb, explique Fr\u00e9d\u00e9ric Seaux.<\/p>\n<p>D\u00e9couverte du th\u00e9\u00e2tre il y a une dizaine d\u2019ann\u00e9es<\/p>\n<p class=\" wall-content\">Il faut dire qu\u2019entre-temps, il y a une dizaine d\u2019ann\u00e9es, le prof a d\u00e9couvert le th\u00e9\u00e2tre : \u00ab J\u2019ai toujours voulu en faire. J\u2019ai consacr\u00e9 mon m\u00e9moire de ma\u00eetrise d\u2019histoire \u00e0 la politique th\u00e9\u00e2trale de la municipalit\u00e9 communiste d\u2019Aubervilliers, entre 1945 et 1985, o\u00f9 mes parents habitaient. En plus, sans pr\u00e9tention, je l\u2019enseignais \u00e0 mes \u00e9l\u00e8ves \u00bb.<\/p>\n<p class=\" wall-content\">Fr\u00e9d\u00e9ric Seaux est donc mont\u00e9 sur sc\u00e8ne la premi\u00e8re fois en septembre 2013, lorsqu\u2019il a rejoint le Th\u00e9\u00e2tre d\u2019en haut, \u00e0 Rouen, et fait la connaissance de son mentor, Patrick Luciani : \u00ab Je suis rest\u00e9 dans son atelier pendant cinq ans. Je lui dois tout. Ensuite, j\u2019ai commenc\u00e9 \u00e0 jouer dans leurs pi\u00e8ces \u00bb.<\/p>\n<p>Votre r\u00e9gion, votre actu !<\/p>\n<p>Recevez chaque jour les infos qui comptent pour vous.<\/p>\n<p>\t<a href=\"https:\/\/actu.fr\/newsletter\" class=\"ac-btn ac-btn--corner ac-btn--medium ac-btn--blue800\" rel=\"nofollow noopener\" target=\"_blank\">S&rsquo;incrire<\/a><\/p>\n<p class=\" wall-content\">C\u2019est, comme pour beaucoup de personnes, la crise du Covid qui a tout boulevers\u00e9. \u00ab Je m\u2019ennuyais et je d\u00e9couvre alors Rapha\u00ebl Personnaz dans Vous n\u2019aurez pas ma haine. <strong>C\u2019est un choc culturel, artistique.<\/strong> Je suis estomaqu\u00e9. J\u2019ai voulu ce texte. Mais, alors que je commence \u00e0 l\u2019apprendre, encore sous l\u2019\u00e9motion, je l\u2019ai mis de c\u00f4t\u00e9 \u00bb, se souvient Fr\u00e9d\u00e9ric Seaux, qui s\u2019est donc attaqu\u00e9 \u00e0 une autre \u0153uvre, L\u2019instant pr\u00e9cis o\u00f9 Monet rentre dans l\u2019atelier. Un seul en sc\u00e8ne qu\u2019il a d\u00e9j\u00e0 jou\u00e9 plus d\u2019une vingtaine de fois et qui l\u2019a fait conna\u00eetre du grand public, notamment lors du festival Normandie Impressionniste. \u00ab Un spectacle qui m\u2019a surtout permis d\u2019apprendre les codes du seul en sc\u00e8ne \u00bb, confie le com\u00e9dien.<\/p>\n<p class=\" wall-content\">Comme un forgeron, le com\u00e9dien se forme lors de chaque repr\u00e9sentation. Il fonde ainsi la Compagnie Cogito \u00ab pour \u00eatre libre du choix de mes pi\u00e8ces. J\u2019en ai deux \u00e0 moi pour le moment, plus une que je produis. J\u2019ai voulu prendre mon envol. C\u2019est l\u00e0 aussi que je me suis senti capable de reprendre les r\u00e9p\u00e9titions du texte d\u2019Antoine Leiris. J\u2019ai obtenu les droits et j\u2019ai trouv\u00e9 un metteur en sc\u00e8ne. Patrick Luciani, install\u00e9 aujourd\u2019hui en Touraine a imm\u00e9diatement accept\u00e9 \u00bb, explique Fr\u00e9d\u00e9ric Seaux.<\/p>\n<p>Repr\u00e9sentation \u00e0 quelques jours des dix ans des attentats<\/p>\n<p class=\" wall-content\">Depuis, une fois par mois, les r\u00e9p\u00e9titions ont lieu de fa\u00e7on intensive. La premi\u00e8re a eu lieu le 15\u00a0novembre aux Mots \u00c9ph\u00e9m\u00e8res, \u00e0 Rouen, puis le 29\u00a0novembre, ce sera donc \u00e0 l\u2019espace culturel Bourvil de Franqueville-Saint-Pierre.<\/p>\n<p class=\" wall-content\">\u00ab Nous serons \u00e0 quelques jours du dixi\u00e8me anniversaire des attentats \u00bb, constate Fr\u00e9d\u00e9ric Seaux, qui souligne que la pi\u00e8ce est directement accroch\u00e9e \u00e0 ce massacre : \u00ab Sur les planches, je suis dans la peau d\u2019Antoine Leiris, \u00e0 l\u2019\u00e9poque journaliste \u00e0 Radio France, qui pendant qu\u2019il garde son fils de 17 mois, apprend par des messages et en regardant la t\u00e9l\u00e9vision que <strong>sa femme a \u00e9t\u00e9 tu\u00e9e lors du concert au Bataclan<\/strong>. \u00c0 partir de l\u00e0, il faut supporter l\u2019insupportable. Comment l\u2019annoncer \u00e0 son enfant ? Comment vivre \u00e0 deux alors que c\u2019\u00e9tait pr\u00e9vu \u00e0 trois ? Comment continuer \u00e0 vivre sans la haine pour les assassins, car ce serait leur donner trop d\u2019importance ? Non, il veut continuer \u00e0 vivre sans haine pour rendre son fils heureux. Ce soir, vous avez tu\u00e9 son amour, mais vous n\u2019aurez pas sa haine ! \u00bb.<\/p>\n<p class=\" wall-content\">Le Saint-Jacquais indique que ce n\u2019est pas un texte sur la vengeance, mais sur la r\u00e9silience, \u00ab d\u2019une douce violence. Un texte puissant et profond\u00e9ment positif. Avec Patrick Luciani, nous l\u2019avons voulu en toute sobri\u00e9t\u00e9 et douceur. C\u2019est notre parti pris \u00bb, conclut-il.<\/p>\n<p>Vous n\u2019aurez pas ma haine, d\u2019apr\u00e8s le r\u00e9cit d\u2019Antoine Leiris, avec Fr\u00e9d\u00e9ric Seaux, sur une mise en sc\u00e8ne de Patrick Luciani, le samedi 29\u00a0novembre \u00e0 20 h 30 \u00e0 l\u2019espace culturel Bourvil, \u00e0 Franqueville-Saint-Pierre. Tarif r\u00e9duit : 6\u00a0euros \/ tarif plein : 12\u00a0euros. R\u00e9servation : billets en vente \u00e0 l\u2019accueil de la mairie, au 02 35 80 20 39 ou par mail \u00e0 <a href=\"https:\/\/actu.fr\/cdn-cgi\/l\/email-protection\" class=\"__cf_email__\" data-cfemail=\"1675797b3875637a626364735670647778676373607f7a7a7365777f7862667f736464733875797b\" rel=\"nofollow noopener\" target=\"_blank\">[email\u00a0protected]<\/a>Suivez l\u2019actualit\u00e9 de Rouen <a href=\"https:\/\/www.whatsapp.com\/channel\/0029VaKfnf99hXF2ddApFB1D\" rel=\"nofollow noopener\" target=\"_blank\">sur notre cha\u00eene WhatsApp<\/a> et <a href=\"https:\/\/www.tiktok.com\/@76actu.fr?lang=fr\" rel=\"nofollow noopener\" target=\"_blank\">sur notre compte TikTok<\/a><\/p>\n<p class=\" wall-content\">Personnalisez votre actualit\u00e9 en ajoutant vos villes et m\u00e9dias en favori avec <a href=\"https:\/\/moncompte.actu.fr\" title=\"D\u00e9couvez Mon Actu\" rel=\"nofollow noopener\" data-trk=\"{&quot;cta&quot;:{&quot;action&quot;:&quot;https:\\\/\\\/moncompte.actu.fr&quot;,&quot;category&quot;:&quot;mon compte&quot;,&quot;from&quot;:&quot;article footer&quot;,&quot;name&quot;:&quot;Mon actu&quot;,&quot;type&quot;:&quot;cta&quot;}}\" target=\"_blank\">Mon Actu<\/a>.<\/p>\n<p>                    <script async src=\"\/\/www.tiktok.com\/embed.js\"><\/script><\/p>\n","protected":false},"excerpt":{"rendered":"Par R\u00e9daction Normandie Publi\u00e9 le 13 nov. 2025 \u00e0 17h10 Le 13\u00a0novembre 2015, l\u2019innommable s\u2019est produit. \u00c0 22\u00a0heures,&hellip;\n","protected":false},"author":2,"featured_media":531760,"comment_status":"","ping_status":"","sticky":false,"template":"","format":"standard","meta":{"footnotes":""},"categories":[9587],"tags":[1111,11,61701,18543,1777,674,1011,27,1652,12,5161,25,9590,853],"class_list":{"0":"post-531759","1":"post","2":"type-post","3":"status-publish","4":"format-standard","5":"has-post-thumbnail","7":"category-rouen","8":"tag-actu","9":"tag-actualites","10":"tag-attentats-du-13-novembre","11":"tag-bataclan","12":"tag-eu","13":"tag-europe","14":"tag-fr","15":"tag-france","16":"tag-loisirs-culture","17":"tag-news","18":"tag-normandie","19":"tag-republique-francaise","20":"tag-rouen","21":"tag-spectacles"},"share_on_mastodon":{"url":"https:\/\/pubeurope.com\/@fr\/115543517714963713","error":""},"_links":{"self":[{"href":"https:\/\/www.europesays.com\/fr\/wp-json\/wp\/v2\/posts\/531759","targetHints":{"allow":["GET"]}}],"collection":[{"href":"https:\/\/www.europesays.com\/fr\/wp-json\/wp\/v2\/posts"}],"about":[{"href":"https:\/\/www.europesays.com\/fr\/wp-json\/wp\/v2\/types\/post"}],"author":[{"embeddable":true,"href":"https:\/\/www.europesays.com\/fr\/wp-json\/wp\/v2\/users\/2"}],"replies":[{"embeddable":true,"href":"https:\/\/www.europesays.com\/fr\/wp-json\/wp\/v2\/comments?post=531759"}],"version-history":[{"count":0,"href":"https:\/\/www.europesays.com\/fr\/wp-json\/wp\/v2\/posts\/531759\/revisions"}],"wp:featuredmedia":[{"embeddable":true,"href":"https:\/\/www.europesays.com\/fr\/wp-json\/wp\/v2\/media\/531760"}],"wp:attachment":[{"href":"https:\/\/www.europesays.com\/fr\/wp-json\/wp\/v2\/media?parent=531759"}],"wp:term":[{"taxonomy":"category","embeddable":true,"href":"https:\/\/www.europesays.com\/fr\/wp-json\/wp\/v2\/categories?post=531759"},{"taxonomy":"post_tag","embeddable":true,"href":"https:\/\/www.europesays.com\/fr\/wp-json\/wp\/v2\/tags?post=531759"}],"curies":[{"name":"wp","href":"https:\/\/api.w.org\/{rel}","templated":true}]}}