{"id":531771,"date":"2025-11-13T17:20:12","date_gmt":"2025-11-13T17:20:12","guid":{"rendered":"https:\/\/www.europesays.com\/fr\/531771\/"},"modified":"2025-11-13T17:20:12","modified_gmt":"2025-11-13T17:20:12","slug":"video-khalid-taleb-sera-le-premier-conducteur-du-tram-ouest-a-strasbourg-jai-hate-dy-etre","status":"publish","type":"post","link":"https:\/\/www.europesays.com\/fr\/531771\/","title":{"rendered":"VID\u00c9O. Khalid Taleb sera le premier conducteur du tram ouest \u00e0 Strasbourg : \u00ab\u00a0J&rsquo;ai h\u00e2te d&rsquo;y \u00eatre\u00a0\u00bb"},"content":{"rendered":"<p>                    Par<br \/>\n        <strong><br \/>\n            <a href=\"https:\/\/actu.fr\/auteur\/thomas-blanc\" title=\"Consulter tous les articles de Thomas Blanc\" target=\"_blank\" rel=\"noopener\">Thomas Blanc<\/a><br \/>\n                    <\/strong><\/p>\n<p>        Publi\u00e9 le<\/p>\n<p>            13 nov. 2025 \u00e0 18h15        <\/p>\n<p>L\u2019inauguration du <a href=\"https:\/\/actu.fr\/grand-est\/strasbourg_67482\/exclusif-inauguration-du-tram-ouest-le-15-novembre-a-strasbourg-voici-le-programme-de-cette-journee-festive_63401609.html\" target=\"_blank\" rel=\"noopener\">prolongement de la ligne F du tramway<\/a> aura lieu ce samedi 15\u00a0novembre. Si les <strong>habitants sont impatients<\/strong> de pouvoir relier le centre-ville de <a href=\"https:\/\/actu.fr\/strasbourg\/\" target=\"_blank\" rel=\"noopener\">Strasbourg<\/a> depuis les quartiers ouest de la ville et les communes d\u2019<strong>Eckbolsheim<\/strong> et <strong>Wolfisheim,<\/strong> les conducteurs des rames de tram se <strong>languissent tout autant<\/strong>. Nous avons rencontr\u00e9<strong> Khalid Taleb<\/strong>, le premier d\u2019entre eux \u00e0 conduire, ce samedi, la ligne sur ses nouveaux rails.<\/p>\n<p>\u00ab\u2009J\u2019ai h\u00e2te d\u2019y \u00eatre\u2009\u00bb<\/p>\n<p class=\" wall-content\">\u00c0 la <a href=\"https:\/\/actu.fr\/tag\/compagnie-des-transports-strasbourgeois-cts\" target=\"_blank\" rel=\"noopener\">Compagnie des Transports Strasbourgeois (CTS)<\/a> depuis d\u00e9cembre\u00a01998 o\u00f9 il a d\u2019abord conduit les bus durant<strong> 25\u00a0ann\u00e9es<\/strong> avant de passer aux<strong>\u00a0tramways en 2023<\/strong>, Khalid Taleb sera le premier conducteur de la CTS aux commandes, d\u00e8s 4h05 du matin, du nouveau tramway F. Il passera pour la toute premi\u00e8re fois par <strong>Koenigshoffen<\/strong>, les <strong>Poteries<\/strong> puis les <strong>communes de l\u2019ouest<\/strong>.<\/p>\n<blockquote class=\"tiktok-embed\" cite=\"https:\/\/www.tiktok.com\/@lorraine.actu\/video\/7572258719250091286\" data-video-id=\"7572258719250091286\" data-embed-from=\"oembed\" style=\"max-width:605px; min-width:325px;\"><p>\n<a target=\"_blank\" title=\"@lorraine.actu\" href=\"https:\/\/www.tiktok.com\/@lorraine.actu?refer=embed\" rel=\"noopener\">@lorraine.actu<\/a> <\/p>\n<p>L\u2019inauguration du prolongement de la ligne F du tramway aura lieu ce samedi 15\u00a0novembre. Si les habitants sont impatients de pouvoir relier le centre-ville de Strasbourg depuis les quartiers ouest de la ville et les communes d\u2019Eckbolsheim et Wolfisheim, les conducteurs des rames de tram se languissent tout autant. Nous avons rencontr\u00e9 Khalid Taleb, le premier d\u2019entre eux \u00e0 conduire, ce samedi, la ligne sur ses nouveaux rails. \u00c0 la Compagnie des Transports Strasbourgeois (CTS) depuis d\u00e9cembre\u00a01998 o\u00f9 il a d\u2019abord conduit les bus durant 25\u00a0ann\u00e9es avant de passer aux\u00a0tramways en 2023, Khalid Taleb sera le premier conducteur de la CTS aux commandes, d\u00e8s 4h05 du matin, du nouveau tramway F. Il passera pour la toute premi\u00e8re fois par Koenigshoffen, les Poteries puis les communes de l\u2019ouest. \u00ab\u2009Je suis vraiment content d\u2019\u00eatre le premier et j\u2019ai h\u00e2te d\u2019y \u00eatre, tr\u00e9pigne le conducteur exp\u00e9riment\u00e9. Ce trac\u00e9 me pla\u00eet puisqu\u2019on est pour une fois hors du b\u00e9ton.\u2009\u00bb Car oui, la sp\u00e9cificit\u00e9 de cette extension du tramway vers l\u2019ouest, c\u2019est que le tram roulera sur des \u00ab\u2009sites banalis\u00e9s\u2009\u00bb. C\u2019est-\u00e0-dire au milieu des voitures et cela, M. Taleb le redoutait. \u00ab\u2009La premi\u00e8re inconnue, ce sont les clients. La seconde, c\u2019est\u00a0partager ce site-l\u00e0 avec les automobilistes. Quelque part, on\u00a0s\u2019impose \u00e0 eux et j\u2019avais une appr\u00e9hension. Mais avec la marche \u00e0 blanc que l\u2019on a r\u00e9alis\u00e9, je sais qu\u2019il n\u2019y aura pas de souci\u2009\u00bb, affirme-t-il. Des extensions de ligne, l\u2019homme de 52 ans en a connu \u00e9norm\u00e9ment au volant des bus de la ville, mais\u00a0pour le tramway, c\u2019est une premi\u00e8re. D\u2019apr\u00e8s M. Taleb, en plus des b\u00e9n\u00e9fices pour les usagers, ce changement d\u2019ambiance pour les conducteurs servira \u00e0 briser la monotonie de leur t\u00e2che. \u00ab\u2009La ligne actuellement est tr\u00e8s bien, mais elle est courte, donc cela peut \u00eatre\u00a0r\u00e9p\u00e9titif pour certains coll\u00e8gues. Avec le tron\u00e7on qui arrive \u00e0 Wolfisheim, \u00e7a va allonger le trac\u00e9 et ainsi apporter du changement pour les conducteurs. De plus, le d\u00e9cor est diff\u00e9rent l\u00e0-bas donc c\u2019est un plus\u2009\u00bb, termine-t-il.<\/p>\n<p> <a target=\"_blank\" title=\"\u266c Epic Music(863502) - Draganov89\" href=\"https:\/\/www.tiktok.com\/music\/Epic-Music-863502-6873501791145691137?refer=embed\" rel=\"noopener\">\u266c Epic Music(863502) \u2013 Draganov89<\/a> <\/p>\n<\/blockquote>\n<p class=\" wall-content\">\u00ab\u2009Je suis vraiment content d\u2019\u00eatre le premier et <strong>j\u2019ai h\u00e2te d\u2019y \u00eatre<\/strong>, tr\u00e9pigne le conducteur exp\u00e9riment\u00e9. Ce trac\u00e9 me pla\u00eet puisqu\u2019on est pour une fois<strong> hors du b\u00e9ton.<\/strong>\u2009\u00bb Car oui, la sp\u00e9cificit\u00e9 de cette extension du <a href=\"https:\/\/actu.fr\/tag\/tram-ouest-strasbourg\" target=\"_blank\" rel=\"noopener\">tramway vers l\u2019ouest<\/a>, c\u2019est que le tram roulera sur des \u00ab\u2009sites banalis\u00e9s\u2009\u00bb. C\u2019est-\u00e0-dire <strong>au milieu des voitures<\/strong> et cela, M. Taleb le redoutait.<\/p>\n<p class=\" wall-content\">\u00ab\u2009La premi\u00e8re inconnue, ce sont les clients. La seconde, c\u2019est<strong>\u00a0partager ce site-l\u00e0 avec les automobilistes<\/strong>. Quelque part, on<strong>\u00a0s\u2019impose \u00e0 eux<\/strong> et j\u2019avais une appr\u00e9hension. Mais avec la marche \u00e0 blanc que l\u2019on a r\u00e9alis\u00e9, je sais qu\u2019<strong>il n\u2019y aura pas de souci<\/strong>\u2009\u00bb, affirme-t-il.<\/p>\n<p>\u00ab\u2009Cela va nous apporter du changement\u2009\u00bb<\/p>\n<p class=\" wall-content\">Des extensions de ligne, l\u2019homme de 52 ans en a connu \u00e9norm\u00e9ment au volant des bus de la ville, mais\u00a0<strong>pour le tramway, c\u2019est une premi\u00e8re<\/strong>. D\u2019apr\u00e8s M. Taleb, en plus des b\u00e9n\u00e9fices pour les usagers, ce changement d\u2019ambiance pour les conducteurs servira \u00e0 <strong>briser la monotonie<\/strong> de leur t\u00e2che.<\/p>\n<p>Votre r\u00e9gion, votre actu !<\/p>\n<p>Recevez chaque jour les infos qui comptent pour vous.<\/p>\n<p>\t<a href=\"https:\/\/actu.fr\/newsletter\" class=\"ac-btn ac-btn--corner ac-btn--medium ac-btn--blue800\" target=\"_blank\" rel=\"noopener\">S&rsquo;incrire<\/a><\/p>\n<p class=\" wall-content\">\u00ab\u2009La ligne actuellement est tr\u00e8s bien, mais elle est courte, donc cela peut \u00eatre<strong>\u00a0r\u00e9p\u00e9titif pour certains coll\u00e8gues<\/strong>. Avec le tron\u00e7on qui arrive \u00e0 Wolfisheim, \u00e7a va allonger le trac\u00e9 et ainsi apporter du changement pour les conducteurs. De plus, <strong>le d\u00e9cor est diff\u00e9rent<\/strong> l\u00e0-bas donc c\u2019est un plus\u2009\u00bb, termine-t-il.<\/p>\n<p class=\" wall-content\">Personnalisez votre actualit\u00e9 en ajoutant vos villes et m\u00e9dias en favori avec <a href=\"https:\/\/moncompte.actu.fr\" title=\"D\u00e9couvez Mon Actu\" rel=\"nofollow noopener\" data-trk=\"{&quot;cta&quot;:{&quot;action&quot;:&quot;https:\\\/\\\/moncompte.actu.fr&quot;,&quot;category&quot;:&quot;mon compte&quot;,&quot;from&quot;:&quot;article footer&quot;,&quot;name&quot;:&quot;Mon actu&quot;,&quot;type&quot;:&quot;cta&quot;}}\" target=\"_blank\">Mon Actu<\/a>.<\/p>\n<p>                    <script async src=\"\/\/www.tiktok.com\/embed.js\"><\/script><\/p>\n","protected":false},"excerpt":{"rendered":"Par Thomas Blanc Publi\u00e9 le 13 nov. 2025 \u00e0 18h15 L\u2019inauguration du prolongement de la ligne F du&hellip;\n","protected":false},"author":2,"featured_media":531772,"comment_status":"","ping_status":"","sticky":false,"template":"","format":"standard","meta":{"footnotes":""},"categories":[2820],"tags":[1111,11,7344,1777,674,1011,27,775,12,25,104,640,16227,2803],"class_list":{"0":"post-531771","1":"post","2":"type-post","3":"status-publish","4":"format-standard","5":"has-post-thumbnail","7":"category-strasbourg","8":"tag-actu","9":"tag-actualites","10":"tag-compagnie-des-transports-strasbourgeois-cts","11":"tag-eu","12":"tag-europe","13":"tag-fr","14":"tag-france","15":"tag-grand-est","16":"tag-news","17":"tag-republique-francaise","18":"tag-societe","19":"tag-strasbourg","20":"tag-tram-ouest-strasbourg","21":"tag-transport"},"share_on_mastodon":{"url":"https:\/\/pubeurope.com\/@fr\/115543541315447185","error":""},"_links":{"self":[{"href":"https:\/\/www.europesays.com\/fr\/wp-json\/wp\/v2\/posts\/531771","targetHints":{"allow":["GET"]}}],"collection":[{"href":"https:\/\/www.europesays.com\/fr\/wp-json\/wp\/v2\/posts"}],"about":[{"href":"https:\/\/www.europesays.com\/fr\/wp-json\/wp\/v2\/types\/post"}],"author":[{"embeddable":true,"href":"https:\/\/www.europesays.com\/fr\/wp-json\/wp\/v2\/users\/2"}],"replies":[{"embeddable":true,"href":"https:\/\/www.europesays.com\/fr\/wp-json\/wp\/v2\/comments?post=531771"}],"version-history":[{"count":0,"href":"https:\/\/www.europesays.com\/fr\/wp-json\/wp\/v2\/posts\/531771\/revisions"}],"wp:featuredmedia":[{"embeddable":true,"href":"https:\/\/www.europesays.com\/fr\/wp-json\/wp\/v2\/media\/531772"}],"wp:attachment":[{"href":"https:\/\/www.europesays.com\/fr\/wp-json\/wp\/v2\/media?parent=531771"}],"wp:term":[{"taxonomy":"category","embeddable":true,"href":"https:\/\/www.europesays.com\/fr\/wp-json\/wp\/v2\/categories?post=531771"},{"taxonomy":"post_tag","embeddable":true,"href":"https:\/\/www.europesays.com\/fr\/wp-json\/wp\/v2\/tags?post=531771"}],"curies":[{"name":"wp","href":"https:\/\/api.w.org\/{rel}","templated":true}]}}