{"id":531777,"date":"2025-11-13T17:23:11","date_gmt":"2025-11-13T17:23:11","guid":{"rendered":"https:\/\/www.europesays.com\/fr\/531777\/"},"modified":"2025-11-13T17:23:11","modified_gmt":"2025-11-13T17:23:11","slug":"quelles-sont-les-animations-des-commercants-cette-annee","status":"publish","type":"post","link":"https:\/\/www.europesays.com\/fr\/531777\/","title":{"rendered":"quelles sont les animations des commer\u00e7ants cette ann\u00e9e\u00a0?"},"content":{"rendered":"<p>                    Par<br \/>\n        <strong><br \/>\n            <a href=\"https:\/\/actu.fr\/auteur\/laure-gentil\" title=\"Consulter tous les articles de Laure Gentil\" rel=\"nofollow noopener\" target=\"_blank\">Laure Gentil<\/a><br \/>\n                    <\/strong><\/p>\n<p>        Publi\u00e9 le<\/p>\n<p>            13 nov. 2025 \u00e0 18h19        <\/p>\n<p>Les commer\u00e7ants nantais de l\u2019<b>association <a href=\"https:\/\/pleincentre.net\/?fbclid=IwY2xjawGG9dBleHRuA2FlbQIxMAABHa_fP6rNpvjm9SUEzG8T7O84IuPRdcrdIDpxoMGaMCvWrmYgfYg3W9vDYQ_aem_4QQLkup4Z1KCFEbMWnaAPg\" rel=\"nofollow noopener\" target=\"_blank\">Plein Centre<\/a><\/b> ont d\u00e9voil\u00e9 leur programme \u00ab\u2009d\u2019animations f\u00e9eriques\u2009\u00bb pour No\u00ebl. <b>Concerts, spectacles, parades, lectures de contes<\/b>\u2026 Il y aura de quoi s\u2019occuper cette ann\u00e9e. Voici\u00a0\u00e0 quoi vous s\u2019attendre \u00e0 Nantes pour les f\u00eates de fin d\u2019ann\u00e9e, du<b> 21\u00a0novembre 2025 au 4\u00a0janvier 2026.<\/b><\/p>\n<p>Des marionnettes articul\u00e9es<\/p>\n<p class=\" wall-content\">Comme chaque ann\u00e9e, le<b> Man\u00e8ge Sapin<\/b> s\u2019installera place Graslin (4\u00a0euros la place). Au m\u00eame endroit, est pr\u00e9vu un <b>concert de gospel<\/b> le samedi 6\u00a0d\u00e9cembre, de 15h \u00e0 16h30. Un autre concert \u00e0 ne pas rater est celui de la<b> fanfare Hit Micheline <\/b>dimanche 30\u00a0novembre \u00e0 15h (d\u00e9part rue Scribe). Une<b> chorale de chants de No\u00ebl<\/b>, accompagn\u00e9e par le <a href=\"https:\/\/actu.fr\/pays-de-la-loire\/nantes_44109\/nantes-c-est-ma-ville-natale-assure-le-pere-noel-dans-un-entretien-exclusif-et-un-peu-decale_56129865.html\" rel=\"nofollow noopener\" target=\"_blank\">P\u00e8re No\u00ebl<\/a> donnera des repr\u00e9sentations mercredi\u00a017, samedi\u00a020 et mardi 23\u00a0d\u00e9cembre dans le quartier Copernic.<\/p>\n<p class=\" wall-content\">Parmi les grands spectacles, la<b> parade \u00ab\u2009Ours Polaire XXL\u2009\u00bb <\/b>fait son <a href=\"https:\/\/actu.fr\/pays-de-la-loire\/nantes_44109\/spectacle-a-nantes-des-ours-geants-vont-faire-le-show-en-plein-centre-ville_60434128.html\" rel=\"nofollow noopener\" target=\"_blank\">retour<\/a>. L\u2019ours blanc g\u00e9ant d\u00e9ambulera dans les rues <b>le samedi 20\u00a0d\u00e9cembre de 10h30 \u00e0 12h30<\/b> dans les quartiers Decr\u00e9 et Bouffay. Il y aura aussi un<b> spectacle nocturne\u2009: \u00ab\u2009Totems\u2009\u00bb<\/b>. Six grandes marionnettes articul\u00e9es illumineront les rues du centre-ville,<b> dimanche 17\u00a0d\u00e9cembre de 17h \u00e0 18h30<\/b>.<\/p>\n<p>Un march\u00e9, un pop-up store et des contes<\/p>\n<p class=\" wall-content\">Les Nantais pourront aussi profiter d\u2019une <b>boutique \u00e9ph\u00e9m\u00e8re<\/b> ou pop-up store de cr\u00e9ateurs nantais, passage de la Ch\u00e2telaine, du mardi 2\u00a0d\u00e9cembre au lundi 23\u00a0d\u00e9cembre (de 10h \u00e0 19h).<\/p>\n<p class=\" wall-content\">Des <b>lectures de contes de No\u00ebl<\/b> seront aussi organis\u00e9es (sur r\u00e9servation)\u2009:<\/p>\n<ul class=\" wall-content\">\n<li>Mercredi 26\u00a0novembre de 16h \u00e0 17h aux Enfants Terribles, 17 rue de Verdun.<\/li>\n<li>Mercredi 3\u00a0d\u00e9cembre de 15h15 \u00e0 16h15 \u00e0 la G\u00e9oth\u00e8que, 14 rue Racine.<\/li>\n<li>Mercredi 3\u00a0d\u00e9cembre de 16h45 \u00e0 17h45 \u00e0 la librairie Durance, 4 All\u00e9e d\u2019Orl\u00e9ans.<\/li>\n<li>Mercredi 10\u00a0d\u00e9cembre de 15h15 \u00e0 16h15 \u00e0 la librairie Silo\u00eb, 3 Rue G\u00e9n\u00e9ral Leclerc de Hauteclocque.<\/li>\n<li>Mercredi 10\u00a0d\u00e9cembre de 16h45 \u00e0 17h45 \u00e0 la librairie Coiffard, 7-8 rue de la Fosse.<\/li>\n<li>Mercredi 17\u00a0d\u00e9cembre de 16h \u00e0 17h \u00e0 la librairie Aladin, 8 rue Merc\u0153ur.<\/li>\n<\/ul>\n<p>Votre r\u00e9gion, votre actu !<\/p>\n<p>Recevez chaque jour les infos qui comptent pour vous.<\/p>\n<p>\t<a href=\"https:\/\/actu.fr\/newsletter\" class=\"ac-btn ac-btn--corner ac-btn--medium ac-btn--blue800\" rel=\"nofollow noopener\" target=\"_blank\">S&rsquo;incrire<\/a><\/p>\n<p class=\" wall-content\">Les commer\u00e7ants du quartier Cath\u00e9drale et de la rue de Verdun invitent \u00e0 une <b>d\u00e9gustation <\/b>\u00ab\u2009qui met \u00e0 l\u2019honneur les commerces alentour\u2009\u00bb indique Plein Centre dans son communiqu\u00e9. Les enfants seront les bienvenus avec des jeux et activit\u00e9s (maquilleur, cornhole, chamboule-tout, borne selfie), le samedi 20\u00a0d\u00e9cembre de 14h \u00e0 18h.<\/p>\n<p class=\" wall-content\">Enfin, pour la quatri\u00e8me ann\u00e9e cons\u00e9cutive, le <b>March\u00e9 de la Seconde Main<\/b>, posera ses valises passage de la Ch\u00e2telaine du vendredi\u00a028 au dimanche 30\u00a0novembre de 10h \u00e0 19h. Une quinzaine d\u2019exposants seront pr\u00e9sents.<\/p>\n<p class=\" wall-content\">Personnalisez votre actualit\u00e9 en ajoutant vos villes et m\u00e9dias en favori avec <a href=\"https:\/\/moncompte.actu.fr\" title=\"D\u00e9couvez Mon Actu\" rel=\"nofollow noopener\" data-trk=\"{&quot;cta&quot;:{&quot;action&quot;:&quot;https:\\\/\\\/moncompte.actu.fr&quot;,&quot;category&quot;:&quot;mon compte&quot;,&quot;from&quot;:&quot;article footer&quot;,&quot;name&quot;:&quot;Mon actu&quot;,&quot;type&quot;:&quot;cta&quot;}}\" target=\"_blank\">Mon Actu<\/a>.<\/p>\n","protected":false},"excerpt":{"rendered":"Par Laure Gentil Publi\u00e9 le 13 nov. 2025 \u00e0 18h19 Les commer\u00e7ants nantais de l\u2019association Plein Centre ont&hellip;\n","protected":false},"author":2,"featured_media":531778,"comment_status":"","ping_status":"","sticky":false,"template":"","format":"standard","meta":{"footnotes":""},"categories":[2818],"tags":[1111,11,1063,215,1777,674,1011,27,1652,766,12,15830,2636,25],"class_list":{"0":"post-531777","1":"post","2":"type-post","3":"status-publish","4":"format-standard","5":"has-post-thumbnail","7":"category-nantes","8":"tag-actu","9":"tag-actualites","10":"tag-animations","11":"tag-commerce","12":"tag-eu","13":"tag-europe","14":"tag-fr","15":"tag-france","16":"tag-loisirs-culture","17":"tag-nantes","18":"tag-news","19":"tag-noel","20":"tag-pays-de-la-loire","21":"tag-republique-francaise"},"share_on_mastodon":{"url":"https:\/\/pubeurope.com\/@fr\/115543553114285368","error":""},"_links":{"self":[{"href":"https:\/\/www.europesays.com\/fr\/wp-json\/wp\/v2\/posts\/531777","targetHints":{"allow":["GET"]}}],"collection":[{"href":"https:\/\/www.europesays.com\/fr\/wp-json\/wp\/v2\/posts"}],"about":[{"href":"https:\/\/www.europesays.com\/fr\/wp-json\/wp\/v2\/types\/post"}],"author":[{"embeddable":true,"href":"https:\/\/www.europesays.com\/fr\/wp-json\/wp\/v2\/users\/2"}],"replies":[{"embeddable":true,"href":"https:\/\/www.europesays.com\/fr\/wp-json\/wp\/v2\/comments?post=531777"}],"version-history":[{"count":0,"href":"https:\/\/www.europesays.com\/fr\/wp-json\/wp\/v2\/posts\/531777\/revisions"}],"wp:featuredmedia":[{"embeddable":true,"href":"https:\/\/www.europesays.com\/fr\/wp-json\/wp\/v2\/media\/531778"}],"wp:attachment":[{"href":"https:\/\/www.europesays.com\/fr\/wp-json\/wp\/v2\/media?parent=531777"}],"wp:term":[{"taxonomy":"category","embeddable":true,"href":"https:\/\/www.europesays.com\/fr\/wp-json\/wp\/v2\/categories?post=531777"},{"taxonomy":"post_tag","embeddable":true,"href":"https:\/\/www.europesays.com\/fr\/wp-json\/wp\/v2\/tags?post=531777"}],"curies":[{"name":"wp","href":"https:\/\/api.w.org\/{rel}","templated":true}]}}