{"id":531792,"date":"2025-11-13T17:31:14","date_gmt":"2025-11-13T17:31:14","guid":{"rendered":"https:\/\/www.europesays.com\/fr\/531792\/"},"modified":"2025-11-13T17:31:14","modified_gmt":"2025-11-13T17:31:14","slug":"lia-au-service-de-linnovation-et-de-la-souverainete","status":"publish","type":"post","link":"https:\/\/www.europesays.com\/fr\/531792\/","title":{"rendered":"l\u2019IA au service de l\u2019innovation et de la souverainet\u00e9"},"content":{"rendered":"<p>L\u2019intelligence artificielle n\u2019est plus une simple technologie de laboratoire. Elle transforme nos entreprises, nos industries, nos ports et m\u00eame notre mani\u00e8re de produire et consommer l\u2019information. Mais elle soul\u00e8ve aussi des questions strat\u00e9giques majeures pour la souverainet\u00e9, la comp\u00e9titivit\u00e9 et la responsabilit\u00e9 collective. L&rsquo;<a href=\"https:\/\/www.laprovence.com\/article\/societe\/80297366814846\/marseille-laboratoire-europeen-de-lia-de-demain\" target=\"_blank\" rel=\"noopener\">Artificial Intelligence Marseille (AIM) se place au c\u0153ur de ces enjeux<\/a>.<\/p>\n<p>L\u2019IA au service des entreprises et de la formation<\/p>\n<p>C\u2019est Rodolphe Saad\u00e9, PDG de CMA\u00a0CGM (propri\u00e9taire de La\u00a0Provence), qui a donn\u00e9 <a href=\"https:\/\/www.laprovence.com\/article\/economie\/45094209074855\/les-nouvelles-frontieres-de-lintelligence-artificielle-le-grand-rendez-vous-europeen-de-lia-sinstalle-a-marseille\" target=\"_blank\" rel=\"noopener\">le coup d\u2019envoi de l\u2019AIM<\/a> ce jeudi 13 novembre. Il a insist\u00e9 sur le r\u00f4le concret de l\u2019intelligence artificielle dans le transport et la logistique\u00a0: \u00ab\u00a0L\u2019IA n\u2019est plus un mot \u00e0 la mode ni un sujet r\u00e9serv\u00e9 aux laboratoires. Elle fait partie de nos entreprises, de nos ports, de nos bureaux et de nos vies.\u00a0\u00bb Depuis\u00a02017, le groupe phoc\u00e9en a choisi d\u2019investir massivement pour transformer ses m\u00e9tiers\u00a0: \u00ab\u00a0Dans notre secteur, nous fonctionnions encore au papier et \u00e0 Excel. Nous avons d\u00e9cid\u00e9 de prendre les devants et de faire de l\u2019innovation un levier de croissance et de d\u00e9veloppement.\u00a0\u00bb<\/p>\n<p>Des partenariats strat\u00e9giques ont \u00e9t\u00e9 nou\u00e9s avec Google aux \u00c9tats-Unis et <a href=\"https:\/\/www.laprovence.com\/article\/economie\/5713575048325514\/la-start-up-francaise-mistral-va-construire-son-premier-centre-de-donnees-en-france\" target=\"_blank\" rel=\"noopener\">Mistral AI e<\/a>&#8230;<\/p>\n","protected":false},"excerpt":{"rendered":"L\u2019intelligence artificielle n\u2019est plus une simple technologie de laboratoire. Elle transforme nos entreprises, nos industries, nos ports et&hellip;\n","protected":false},"author":2,"featured_media":531793,"comment_status":"","ping_status":"","sticky":false,"template":"","format":"standard","meta":{"footnotes":""},"categories":[2814],"tags":[17,1111,11,65128,33,1777,674,1011,27,7424,65129,12221,884,12,882,25,3737,10532],"class_list":{"0":"post-531792","1":"post","2":"type-post","3":"status-publish","4":"format-standard","5":"has-post-thumbnail","7":"category-marseille","8":"tag-17","9":"tag-actu","10":"tag-actualites","11":"tag-artificial","12":"tag-economie","13":"tag-eu","14":"tag-europe","15":"tag-fr","16":"tag-france","17":"tag-intelligence","18":"tag-lai","19":"tag-linnovation","20":"tag-marseille","21":"tag-news","22":"tag-provence-alpes-cote-dazur","23":"tag-republique-francaise","24":"tag-service","25":"tag-souverainete"},"share_on_mastodon":{"url":"https:\/\/pubeurope.com\/@fr\/115543584558118475","error":""},"_links":{"self":[{"href":"https:\/\/www.europesays.com\/fr\/wp-json\/wp\/v2\/posts\/531792","targetHints":{"allow":["GET"]}}],"collection":[{"href":"https:\/\/www.europesays.com\/fr\/wp-json\/wp\/v2\/posts"}],"about":[{"href":"https:\/\/www.europesays.com\/fr\/wp-json\/wp\/v2\/types\/post"}],"author":[{"embeddable":true,"href":"https:\/\/www.europesays.com\/fr\/wp-json\/wp\/v2\/users\/2"}],"replies":[{"embeddable":true,"href":"https:\/\/www.europesays.com\/fr\/wp-json\/wp\/v2\/comments?post=531792"}],"version-history":[{"count":0,"href":"https:\/\/www.europesays.com\/fr\/wp-json\/wp\/v2\/posts\/531792\/revisions"}],"wp:featuredmedia":[{"embeddable":true,"href":"https:\/\/www.europesays.com\/fr\/wp-json\/wp\/v2\/media\/531793"}],"wp:attachment":[{"href":"https:\/\/www.europesays.com\/fr\/wp-json\/wp\/v2\/media?parent=531792"}],"wp:term":[{"taxonomy":"category","embeddable":true,"href":"https:\/\/www.europesays.com\/fr\/wp-json\/wp\/v2\/categories?post=531792"},{"taxonomy":"post_tag","embeddable":true,"href":"https:\/\/www.europesays.com\/fr\/wp-json\/wp\/v2\/tags?post=531792"}],"curies":[{"name":"wp","href":"https:\/\/api.w.org\/{rel}","templated":true}]}}