{"id":531794,"date":"2025-11-13T17:32:11","date_gmt":"2025-11-13T17:32:11","guid":{"rendered":"https:\/\/www.europesays.com\/fr\/531794\/"},"modified":"2025-11-13T17:32:11","modified_gmt":"2025-11-13T17:32:11","slug":"incendie-dans-une-concession-tesla-a-pennes-mirabeau-la-piste-criminelle-envisagee","status":"publish","type":"post","link":"https:\/\/www.europesays.com\/fr\/531794\/","title":{"rendered":"Incendie dans une concession Tesla \u00e0 Pennes-Mirabeau, la piste criminelle envisag\u00e9e"},"content":{"rendered":"<p>Les flammes contre lesquelles les pompiers ont lutt\u00e9 jusqu\u2019\u00e0 t\u00f4t ce jeudi matin, se sont \u00e9lev\u00e9es haut dans la nuit. Un <a href=\"https:\/\/www.20minutes.fr\/dossier\/incendie\" class=\"c-link c-link--is-underlined\" target=\"_blank\" rel=\"noopener\">incendie <\/a>s\u2019est d\u00e9clar\u00e9 aux alentours de 3 heures de matin dans une concession <a href=\"https:\/\/www.20minutes.fr\/dossier\/tesla\" class=\"c-link c-link--is-underlined\" target=\"_blank\" rel=\"noopener\">Tesla <\/a>des Pennes-Mirabeau, une commune situ\u00e9e en p\u00e9riph\u00e9rie de <a href=\"https:\/\/www.20minutes.fr\/marseille\/\" class=\"c-link c-link--is-underlined\" target=\"_blank\" rel=\"noopener\">Marseille<\/a>, rapporte <a href=\"https:\/\/www.laprovence.com\/article\/faits-divers-justice\/2873173722746414\/un-incendie-detruit-24-vehicules-electriques-sur-le-parking-de-la-concession-tesla-aux-pennes-mirabeau\" target=\"_blank\" class=\"c-link c-link--is-underlined\" rel=\"noopener\">La Provence<\/a>.<\/p>\n<p>Vingt-quatre v\u00e9hicules ont \u00e9t\u00e9 d\u00e9truits. Et l\u2019origine de cet incendie ne serait pas accidentelle. Une enqu\u00eate pour d\u00e9gradations ou destructions \u00ab\u00a0par moyen dangereux en bande organis\u00e9e, et association de malfaiteurs\u00a0\u00bb a \u00e9t\u00e9 ouverte a appris 20 Minutes aupr\u00e8s du parquet d\u2019Aix-en-Provence, confirmant une information initiale du quotidien proven\u00e7al.<\/p>\n<\/p>\n<p>Les enqu\u00eateurs auraient ainsi constat\u00e9 qu\u2019un passage avait \u00e9t\u00e9 d\u00e9coup\u00e9 dans le grillage ceinturant la concession et que le feu aurait \u00e9t\u00e9 allum\u00e9 en plusieurs endroits distincts.<\/p>\n","protected":false},"excerpt":{"rendered":"Les flammes contre lesquelles les pompiers ont lutt\u00e9 jusqu\u2019\u00e0 t\u00f4t ce jeudi matin, se sont \u00e9lev\u00e9es haut dans&hellip;\n","protected":false},"author":2,"featured_media":531795,"comment_status":"","ping_status":"","sticky":false,"template":"","format":"standard","meta":{"footnotes":""},"categories":[2814],"tags":[1111,47,11,7404,885,1067,1777,674,118,7505,1312,1011,27,23559,884,12,883,882,25,320],"class_list":{"0":"post-531794","1":"post","2":"type-post","3":"status-publish","4":"format-standard","5":"has-post-thumbnail","7":"category-marseille","8":"tag-actu","9":"tag-actualite","10":"tag-actualites","11":"tag-aix-en-provence","12":"tag-bouches-du-rhone","13":"tag-enquete","14":"tag-eu","15":"tag-europe","16":"tag-faits-divers","17":"tag-faits-divers-marseille","18":"tag-feu","19":"tag-fr","20":"tag-france","21":"tag-incendie-criminel","22":"tag-marseille","23":"tag-news","24":"tag-paca","25":"tag-provence-alpes-cote-dazur","26":"tag-republique-francaise","27":"tag-tesla"},"share_on_mastodon":{"url":"https:\/\/pubeurope.com\/@fr\/115543588508629223","error":""},"_links":{"self":[{"href":"https:\/\/www.europesays.com\/fr\/wp-json\/wp\/v2\/posts\/531794","targetHints":{"allow":["GET"]}}],"collection":[{"href":"https:\/\/www.europesays.com\/fr\/wp-json\/wp\/v2\/posts"}],"about":[{"href":"https:\/\/www.europesays.com\/fr\/wp-json\/wp\/v2\/types\/post"}],"author":[{"embeddable":true,"href":"https:\/\/www.europesays.com\/fr\/wp-json\/wp\/v2\/users\/2"}],"replies":[{"embeddable":true,"href":"https:\/\/www.europesays.com\/fr\/wp-json\/wp\/v2\/comments?post=531794"}],"version-history":[{"count":0,"href":"https:\/\/www.europesays.com\/fr\/wp-json\/wp\/v2\/posts\/531794\/revisions"}],"wp:featuredmedia":[{"embeddable":true,"href":"https:\/\/www.europesays.com\/fr\/wp-json\/wp\/v2\/media\/531795"}],"wp:attachment":[{"href":"https:\/\/www.europesays.com\/fr\/wp-json\/wp\/v2\/media?parent=531794"}],"wp:term":[{"taxonomy":"category","embeddable":true,"href":"https:\/\/www.europesays.com\/fr\/wp-json\/wp\/v2\/categories?post=531794"},{"taxonomy":"post_tag","embeddable":true,"href":"https:\/\/www.europesays.com\/fr\/wp-json\/wp\/v2\/tags?post=531794"}],"curies":[{"name":"wp","href":"https:\/\/api.w.org\/{rel}","templated":true}]}}