{"id":531798,"date":"2025-11-13T17:34:13","date_gmt":"2025-11-13T17:34:13","guid":{"rendered":"https:\/\/www.europesays.com\/fr\/531798\/"},"modified":"2025-11-13T17:34:13","modified_gmt":"2025-11-13T17:34:13","slug":"lyon-cet-ancien-parking-transforme-en-jardin-devant-une-ecole-cest-vachement-mieux","status":"publish","type":"post","link":"https:\/\/www.europesays.com\/fr\/531798\/","title":{"rendered":"Lyon. Cet ancien parking transform\u00e9 en jardin devant une \u00e9cole : \u00ab\u00a0C\u2019est vachement mieux\u00a0\u00bb"},"content":{"rendered":"<p>                    Par<br \/>\n        <strong><br \/>\n            <a href=\"https:\/\/actu.fr\/auteur\/theo-zuili\" title=\"Consulter tous les articles de Th\u00e9o Zuili\" target=\"_blank\" rel=\"noopener\">Th\u00e9o Zuili<\/a><br \/>\n                    <\/strong><\/p>\n<p>        Publi\u00e9 le<\/p>\n<p>            13 nov. 2025 \u00e0 18h30        <\/p>\n<p>Le <strong>parking de la place des Martyrs de la R\u00e9sistance<\/strong> (Lyon 3e) a disparu, <strong>remplac\u00e9 par un parc<\/strong> inaugur\u00e9 ce jeudi 13 novembre 2025 par les \u00e9lus \u00e9cologistes de la Ville et la M\u00e9tropole de <a href=\"https:\/\/actu.fr\/auvergne-rhone-alpes\/lyon_69123\" target=\"_blank\" rel=\"noopener\">Lyon<\/a>. \u00ab\u00a0C\u2019est vachement mieux maintenant\u00a0\u00bb, r\u00e9sume le pr\u00e9sident du Grand Lyon <a href=\"https:\/\/actu.fr\/tag\/bruno-bernard\" target=\"_blank\" rel=\"noopener\">Bruno Bernard<\/a>.<br \/>Fanfare, chorale des \u00e9l\u00e8ves de l\u2019\u00e9cole L\u00e9on Jouhaux et discours des \u00e9lus : la place des Martyrs de la R\u00e9sistance, dans le 3e arrondissement de Lyon, a \u00e9t\u00e9 inaugur\u00e9e en fin d\u2019apr\u00e8s-midi. Ouvert jusqu\u2019en 2022, le <a href=\"https:\/\/actu.fr\/auvergne-rhone-alpes\/lyon_69123\/lyon-cet-ancien-parking-de-la-part-dieu-va-devenir-une-place-pietonne-vegetalisee_61740224.html\" target=\"_blank\" rel=\"noopener\">parking qui occupait cet espace<\/a> a \u00e9t\u00e9 transform\u00e9 en grand espace vert entre la rue des Rancy et la rue Paul-Bert.<\/p>\n<p>    <a href=\"https:\/\/www.google.com\/maps\/embed?pb=!1m18!1m12!1m3!1d2737.29929923664!2d4.852946577266322!3d45.75653778702071!2m3!1f0!2f0!3f0!3m2!1i1024!2i768!4f13.1!3m3!1m2!1s0x47f4ea66ee238f87%3A0x7634bb41a06b63f0!2sPlace%20des%20Martyrs%20de%20la%20R%C3%A9sistance%2C%2069003%20Lyon!5e1!3m2!1sfr!2sfr!4v1763052412660!5m2!1sfr!2sfr\" title=\"Ouvrie le lien\" target=\"_blank\" rel=\"noopener\">Cliquez ici pour visualiser le contenu<\/a><\/p>\n<p>Un ancien parking transform\u00e9<\/p>\n<p class=\" wall-content\">\u00c0 nouveau ouverte au public cet automne apr\u00e8s des travaux de <strong>1,6 million d\u2019euros<\/strong>, cette place continuera d\u2019accueillir son march\u00e9 chaque jeudi.<\/p>\n<p class=\" wall-content\">Elle a \u00e9t\u00e9 v\u00e9g\u00e9talis\u00e9e et accueille d\u00e9sormais un espace ludique \u00ab\u00a0sobre\u00a0\u00bb tout pr\u00e8s de la cour de r\u00e9cr\u00e9ation de l\u2019\u00e9cole inaugur\u00e9e en 2021, s\u00e9par\u00e9e de son \u00e9tablissement par un \u00ab\u00a0parvis ludique\u00a0\u00bb compos\u00e9 d\u2019une fresque peinte au sol et d\u2019assises en bois sur la rue des Rancy.<\/p>\n<p>    <img   decoding=\"async\" loading=\"lazy\" src=\"https:\/\/www.europesays.com\/fr\/wp-content\/uploads\/2025\/11\/rue-des-rancy-lyon-part-dieu-960x640.jpg\" alt=\"Une fresque intitul\u00e9e \" width=\"960\" height=\"640\"\/><br \/>\n    Une fresque intitul\u00e9e \u00ab\u00a0Devant l\u2019\u00e9cole coule la rivi\u00e8re\u00a0\u00bb, coconstruite avec les \u00e9l\u00e8ves, rue des Rancy entre la place et l\u2019\u00e9tablissement scolaire, lors de l\u2019inauguration ce jeudi. (\u00a9Th\u00e9o Zuili \/ actu Lyon)\u00ab\u00a08 000 v\u00e9g\u00e9taux plant\u00e9s\u00a0\u00bb<\/p>\n<p class=\" wall-content\">\u00ab\u00a0Chacune et chacun a pu faire entendre ses besoins, de quoi faire \u00e9voluer ce projet pour qu\u2019il devienne celui d\u2019aujourd\u2019hui\u00a0\u00bb, f\u00e9licite <a href=\"https:\/\/actu.fr\/auvergne-rhone-alpes\/lyon_69123\/lyon-la-maire-du-3e-arrondissement-repond-cash-les-tours-une-fausse-bonne-idee_63164931.html\" target=\"_blank\" rel=\"noopener\">Marion Sessiecq<\/a>, maire du 3\u1d49 arrondissement, en r\u00e9f\u00e9rence \u00e0 la concertation publique d\u00e9roul\u00e9e en 2022.<\/p>\n<p>Votre r\u00e9gion, votre actu !<\/p>\n<p>Recevez chaque jour les infos qui comptent pour vous.<\/p>\n<p>\t<a href=\"https:\/\/actu.fr\/newsletter\" class=\"ac-btn ac-btn--corner ac-btn--medium ac-btn--blue800\" target=\"_blank\" rel=\"noopener\">S&rsquo;incrire<\/a><\/p>\n<p class=\" wall-content\">\u00ab\u00a08 000 v\u00e9g\u00e9taux ont \u00e9t\u00e9 plant\u00e9s ici. <strong>Cette place devient un jardin<\/strong>, qui permettra \u00e0 de nombreuses g\u00e9n\u00e9rations d\u2019enfants de profiter de cet espace de nature, dont on a besoin d\u2019un contact quotidien pour vivre en bonne sant\u00e9\u00a0\u00bb, a comment\u00e9 quant \u00e0 lui le maire de Lyon <a href=\"https:\/\/actu.fr\/tag\/gregory-doucet\" target=\"_blank\" rel=\"noopener\">Gr\u00e9gory Doucet<\/a> vis-\u00e0-vis de ce \u00ab\u00a0modeste am\u00e9nagement qui en dit beaucoup sur la mani\u00e8re dont la ville se transforme\u00a0\u00bb.<\/p>\n<p>    <img   decoding=\"async\" loading=\"lazy\" src=\"https:\/\/www.europesays.com\/fr\/wp-content\/uploads\/2025\/11\/gregory-doucet-bruno-bernard-marion-sessiecq-lyon-part-dieu-960x640.jpg\" alt=\"Gr\u00e9gory Doucet, Marion Sessiecq et Bruno Bernard lors de leur prise de parole \u00e0 l'inauguration de la nouvelle place des Martyrs de la R\u00e9sistance \u00e0 Lyon Part-Dieu ce jeudi 13 novembre.\" width=\"960\" height=\"640\"\/><br \/>\n    Gr\u00e9gory Doucet, Marion Sessiecq et Bruno Bernard lors de leur prise de parole \u00e0 l\u2019inauguration de la nouvelle place des Martyrs de la R\u00e9sistance \u00e0 Lyon Part-Dieu ce jeudi 13 novembre. (\u00a9Th\u00e9o Zuili \/ actu Lyon)<\/p>\n<p class=\" wall-content\">\u00ab\u00a0Il y a encore quelques ann\u00e9es, c\u2019\u00e9tait un parking de voitures : je crois qu\u2019on peut le dire, c\u2019est <strong>vachement mieux maintenant<\/strong>. On passe d\u2019un quartier d\u2019affaires \u00e0 un quartier de vie\u00a0\u00bb, conclut le pr\u00e9sident de la M\u00e9tropole de Lyon Bruno Bernard, fier d\u2019un quartier de la <a href=\"https:\/\/actu.fr\/tag\/lyon-part-dieu\" target=\"_blank\" rel=\"noopener\">Part-Dieu<\/a> en pleine \u00ab\u00a0r\u00e9volution paysag\u00e8re\u00a0\u00bb via diff\u00e9rents am\u00e9nagements d\u00e9j\u00e0 inaugur\u00e9s cet \u00e9t\u00e9.<\/p>\n<p class=\" wall-content\">Personnalisez votre actualit\u00e9 en ajoutant vos villes et m\u00e9dias en favori avec <a href=\"https:\/\/moncompte.actu.fr\" title=\"D\u00e9couvez Mon Actu\" rel=\"nofollow noopener\" data-trk=\"{&quot;cta&quot;:{&quot;action&quot;:&quot;https:\\\/\\\/moncompte.actu.fr&quot;,&quot;category&quot;:&quot;mon compte&quot;,&quot;from&quot;:&quot;article footer&quot;,&quot;name&quot;:&quot;Mon actu&quot;,&quot;type&quot;:&quot;cta&quot;}}\" target=\"_blank\">Mon Actu<\/a>.<\/p>\n","protected":false},"excerpt":{"rendered":"Par Th\u00e9o Zuili Publi\u00e9 le 13 nov. 2025 \u00e0 18h30 Le parking de la place des Martyrs de&hellip;\n","protected":false},"author":2,"featured_media":531799,"comment_status":"","ping_status":"","sticky":false,"template":"","format":"standard","meta":{"footnotes":""},"categories":[1889],"tags":[1111,11,2430,1777,674,1011,27,5226,2428,6178,12,25,104,1352],"class_list":{"0":"post-531798","1":"post","2":"type-post","3":"status-publish","4":"format-standard","5":"has-post-thumbnail","7":"category-lyon","8":"tag-actu","9":"tag-actualites","10":"tag-auvergne-rhone-alpes","11":"tag-eu","12":"tag-europe","13":"tag-fr","14":"tag-france","15":"tag-gregory-doucet","16":"tag-lyon","17":"tag-lyon-part-dieu","18":"tag-news","19":"tag-republique-francaise","20":"tag-societe","21":"tag-urbanisme"},"share_on_mastodon":{"url":"https:\/\/pubeurope.com\/@fr\/115543597419540971","error":""},"_links":{"self":[{"href":"https:\/\/www.europesays.com\/fr\/wp-json\/wp\/v2\/posts\/531798","targetHints":{"allow":["GET"]}}],"collection":[{"href":"https:\/\/www.europesays.com\/fr\/wp-json\/wp\/v2\/posts"}],"about":[{"href":"https:\/\/www.europesays.com\/fr\/wp-json\/wp\/v2\/types\/post"}],"author":[{"embeddable":true,"href":"https:\/\/www.europesays.com\/fr\/wp-json\/wp\/v2\/users\/2"}],"replies":[{"embeddable":true,"href":"https:\/\/www.europesays.com\/fr\/wp-json\/wp\/v2\/comments?post=531798"}],"version-history":[{"count":0,"href":"https:\/\/www.europesays.com\/fr\/wp-json\/wp\/v2\/posts\/531798\/revisions"}],"wp:featuredmedia":[{"embeddable":true,"href":"https:\/\/www.europesays.com\/fr\/wp-json\/wp\/v2\/media\/531799"}],"wp:attachment":[{"href":"https:\/\/www.europesays.com\/fr\/wp-json\/wp\/v2\/media?parent=531798"}],"wp:term":[{"taxonomy":"category","embeddable":true,"href":"https:\/\/www.europesays.com\/fr\/wp-json\/wp\/v2\/categories?post=531798"},{"taxonomy":"post_tag","embeddable":true,"href":"https:\/\/www.europesays.com\/fr\/wp-json\/wp\/v2\/tags?post=531798"}],"curies":[{"name":"wp","href":"https:\/\/api.w.org\/{rel}","templated":true}]}}